{"id":4046,"date":"2017-03-30T11:58:15","date_gmt":"2017-03-30T14:58:15","guid":{"rendered":"http:\/\/ne2.caritas.org.br.s174889.gridserver.com\/?p=4046"},"modified":"2017-07-14T09:55:17","modified_gmt":"2017-07-14T12:55:17","slug":"editais-oferecem-oportunidades-para-fornecedores-prestadores-de-servicos","status":"publish","type":"post","link":"https:\/\/www.caritasne2.org.br\/site\/editais-oferecem-oportunidades-para-fornecedores-prestadores-de-servicos\/","title":{"rendered":"Editais oferecem oportunidades para fornecedores e prestadores de servi\u00e7os"},"content":{"rendered":"<p>A C\u00e1ritas Diocesana de Palmeira dos \u00cdndios (AL) abriu, no \u00faltimo dia 21, os <a href=\"http:\/\/ne2.caritas.org.br.s174889.gridserver.com\/?attachment_id=4051\">editais n\u00ba 001\/2017 e n\u00ba 002\/2017<\/a>, referentes, respectivamente, \u00e0 aquisi\u00e7\u00e3o de materiais de constru\u00e7\u00e3o civil e loca\u00e7\u00e3o de retroescavadeira de pneus e carro pipa.<\/p>\n<p>Para se candidatar, os fornecedores e prestadores de servi\u00e7os devem se dirigir \u00e0 sede da organiza\u00e7\u00e3o, localizada \u00e0 Pra\u00e7a do Ros\u00e1rio, 130, no Centro da cidade de Palmeira dos \u00cdndios (AL), e retirar os editais impressos ou podem solicitar os detalhes dos certames, enviando um e-mail para caritaspalmeiradosindios@gmail.com. As propostas devem ser entregues at\u00e9 as 16h do dia 07 de Abril de 2017.<\/p>\n<p>No preg\u00e3o, ser\u00e3o consideradas, como vencedoras, as propostas de menor valor global. A partir da contrata\u00e7\u00e3o, os materiais e servi\u00e7os ser\u00e3o utilizados para a constru\u00e7\u00e3o de 198 cisternas de produ\u00e7\u00e3o na zona rural de Palmeira dos \u00cdndios (AL).<\/p>\n<p><em>Por Wagner Cesario | Assessoria de Comunica\u00e7\u00e3o do Regional NE2, com informa\u00e7\u00f5es da C\u00e1ritas Diocesana de Palmeira dos \u00cdndios<\/em><\/p>\n<ul class=\"ssb_list_wrapper\"><li class=\"fb2\" style=\"width:135px\"><iframe src=\"\/\/www.facebook.com\/plugins\/like.php?href=https%3A%2F%2Fwww.caritasne2.org.br%2Fsite%2Feditais-oferecem-oportunidades-para-fornecedores-prestadores-de-servicos%2F&amp;layout=button_count&amp;action=like&amp;show_faces=false&amp;share=true&amp;width=135&amp;height=21&amp;appId=307091639398582\" scrolling=\"no\" frameborder=\"0\" style=\"border:none; overflow:hidden;  width:150px; height:21px;\" allowTransparency=\"true\"><\/iframe><\/li><li class=\"twtr\" style=\"width:90px\"><a href=\"https:\/\/twitter.com\/share\" class=\"twitter-share-button\" data-url=\"https:\/\/www.caritasne2.org.br\/site\/editais-oferecem-oportunidades-para-fornecedores-prestadores-de-servicos\/\">&nbsp;<\/a><script>!function(d,s,id){var js,fjs=d.getElementsByTagName(s)[0],p=\/^http:\/.test(d.location)?'http':'https';if(!d.getElementById(id)){js=d.createElement(s);js.id=id;js.src=p+':\/\/platform.twitter.com\/widgets.js';fjs.parentNode.insertBefore(js,fjs);}}(document, 'script', 'twitter-wjs');<\/script><\/li><li class=\"gplus\" style=\"width:68px\"><div class=\"g-plusone\" data-size=\"medium\" data-href=\"https:\/\/www.caritasne2.org.br\/site\/editais-oferecem-oportunidades-para-fornecedores-prestadores-de-servicos\/\"><\/div><\/li><li class=\"ssb_linkedin\" style=\"width:64px\"><script src=\"\/\/platform.linkedin.com\/in.js\" type=\"text\/javascript\">lang: en_US<\/script><script type=\"IN\/Share\" data-url=\"https:\/\/www.caritasne2.org.br\/site\/editais-oferecem-oportunidades-para-fornecedores-prestadores-de-servicos\/\" data-counter=\"right\"><\/script><\/li><\/ul>","protected":false},"excerpt":{"rendered":"<p>A C\u00e1ritas Diocesana de Palmeira dos \u00cdndios (AL) abriu, no \u00faltimo dia 21, os editais n\u00ba 001\/2017 e n\u00ba 002\/2017, referentes, respectivamente, \u00e0 aquisi\u00e7\u00e3o de materiais de constru\u00e7\u00e3o civil e loca\u00e7\u00e3o de retroescavadeira de pneus e carro pipa. Para se candidatar, os fornecedores e prestadores de servi\u00e7os devem se dirigir \u00e0 sede da organiza\u00e7\u00e3o, localizada \u00e0 Pra\u00e7a do Ros\u00e1rio, 130, no Centro da cidade de [&hellip;]<\/p>\n<ul class=\"ssb_list_wrapper\"><li class=\"fb2\" style=\"width:135px\"><iframe src=\"\/\/www.facebook.com\/plugins\/like.php?href=https%3A%2F%2Fwww.caritasne2.org.br%2Fsite%2Feditais-oferecem-oportunidades-para-fornecedores-prestadores-de-servicos%2F&amp;layout=button_count&amp;action=like&amp;show_faces=false&amp;share=true&amp;width=135&amp;height=21&amp;appId=307091639398582\" scrolling=\"no\" frameborder=\"0\" style=\"border:none; overflow:hidden;  width:150px; height:21px;\" allowTransparency=\"true\"><\/iframe><\/li><li class=\"twtr\" style=\"width:90px\"><a href=\"https:\/\/twitter.com\/share\" class=\"twitter-share-button\" data-url=\"https:\/\/www.caritasne2.org.br\/site\/editais-oferecem-oportunidades-para-fornecedores-prestadores-de-servicos\/\">&nbsp;<\/a><script>!function(d,s,id){var js,fjs=d.getElementsByTagName(s)[0],p=\/^http:\/.test(d.location)?'http':'https';if(!d.getElementById(id)){js=d.createElement(s);js.id=id;js.src=p+':\/\/platform.twitter.com\/widgets.js';fjs.parentNode.insertBefore(js,fjs);}}(document, 'script', 'twitter-wjs');<\/script><\/li><li class=\"gplus\" style=\"width:68px\"><div class=\"g-plusone\" data-size=\"medium\" data-href=\"https:\/\/www.caritasne2.org.br\/site\/editais-oferecem-oportunidades-para-fornecedores-prestadores-de-servicos\/\"><\/div><\/li><li class=\"ssb_linkedin\" style=\"width:64px\"><script src=\"\/\/platform.linkedin.com\/in.js\" type=\"text\/javascript\">lang: en_US<\/script><script type=\"IN\/Share\" data-url=\"https:\/\/www.caritasne2.org.br\/site\/editais-oferecem-oportunidades-para-fornecedores-prestadores-de-servicos\/\" data-counter=\"right\"><\/script><\/li><\/ul>","protected":false},"author":4,"featured_media":4887,"comment_status":"open","ping_status":"open","sticky":false,"template":"","format":"standard","meta":[],"categories":[174,20],"tags":[909,67,910,911,912,74],"_links":{"self":[{"href":"https:\/\/www.caritasne2.org.br\/site\/wp-json\/wp\/v2\/posts\/4046"}],"collection":[{"href":"https:\/\/www.caritasne2.org.br\/site\/wp-json\/wp\/v2\/posts"}],"about":[{"href":"https:\/\/www.caritasne2.org.br\/site\/wp-json\/wp\/v2\/types\/post"}],"author":[{"embeddable":true,"href":"https:\/\/www.caritasne2.org.br\/site\/wp-json\/wp\/v2\/users\/4"}],"replies":[{"embeddable":true,"href":"https:\/\/www.caritasne2.org.br\/site\/wp-json\/wp\/v2\/comments?post=4046"}],"version-history":[{"count":0,"href":"https:\/\/www.caritasne2.org.br\/site\/wp-json\/wp\/v2\/posts\/4046\/revisions"}],"wp:featuredmedia":[{"embeddable":true,"href":"https:\/\/www.caritasne2.org.br\/site\/wp-json\/wp\/v2\/media\/4887"}],"wp:attachment":[{"href":"https:\/\/www.caritasne2.org.br\/site\/wp-json\/wp\/v2\/media?parent=4046"}],"wp:term":[{"taxonomy":"category","embeddable":true,"href":"https:\/\/www.caritasne2.org.br\/site\/wp-json\/wp\/v2\/categories?post=4046"},{"taxonomy":"post_tag","embeddable":true,"href":"https:\/\/www.caritasne2.org.br\/site\/wp-json\/wp\/v2\/tags?post=4046"}],"curies":[{"name":"wp","href":"https:\/\/api.w.org\/{rel}","templated":true}]}}