{"id":4027,"date":"2017-03-29T14:01:18","date_gmt":"2017-03-29T17:01:18","guid":{"rendered":"http:\/\/ne2.caritas.org.br.s174889.gridserver.com\/?p=4027"},"modified":"2017-07-14T09:59:50","modified_gmt":"2017-07-14T12:59:50","slug":"encontro-estadual-vai-discutir-educacao-contextualizada-em-alagoas","status":"publish","type":"post","link":"https:\/\/www.caritasne2.org.br\/site\/encontro-estadual-vai-discutir-educacao-contextualizada-em-alagoas\/","title":{"rendered":"Encontro Estadual vai discutir Educa\u00e7\u00e3o Contextualizada em Alagoas"},"content":{"rendered":"<p>A C\u00e1ritas Diocesana de Palmeira dos \u00cdndios e a Associa\u00e7\u00e3o de Agricultores Alternativos (AAGRA) v\u00e3o realizar, na pr\u00f3xima quinta-feira (30\/03), a partir das 8h, no Centro de Treinamento Diocesano Pio XII, em Palmeira dos \u00cdndios (AL), um Encontro Estadual de Educa\u00e7\u00e3o Contextualizada. O evento faz parte do Programa Cisternas nas Escolas.<\/p>\n<p>O objetivo do evento \u00e9 celebrar os 10 anos de exist\u00eancia da Rede de Educa\u00e7\u00e3o Contextualizada do Agreste e Semi\u00e1rido (Recasa), com destaque especial para a necessidade de efetiva\u00e7\u00e3o da Pol\u00edtica de Educa\u00e7\u00e3o Contextualizada com o Campo e para a Conviv\u00eancia com o Semi\u00e1rido.<\/p>\n<p>No \u00e2mbito da discuss\u00e3o, a programa\u00e7\u00e3o do evento conta com dois pain\u00e9is. O primeiro deles, tratar\u00e1 das diversas faces que comp\u00f5em o Semi\u00e1rido na luta por uma educa\u00e7\u00e3o contextualizada, a partir dos povos ind\u00edgenas e quilombolas. A assessora pedag\u00f3gica da Articula\u00e7\u00e3o do Semi\u00e1rido Brasileiro (ASA\/AL) e integrante do Coletivo Macambira, Simone Lopes, coordenar\u00e1 o momento.<\/p>\n<p>No segundo painel, a discuss\u00e3o versar\u00e1 sobre a educa\u00e7\u00e3o contextualizada no Projeto Cisternas nas Escolas, no que se refere aos desafios e a Pol\u00edtica de Acesso \u00e0 \u00c1gua no Semi\u00e1rido. Al\u00e9m disso, a interface \u00a0da agroecologia no curr\u00edculo das escolas do Semi\u00e1rido \u00e9 outro assunto que tamb\u00e9m vai nortear o debate. A discuss\u00e3o ser\u00e1 mediada pela integrante da Associa\u00e7\u00e3o de Agricultores Alternativos, Cristianlex Soares, e contar\u00e1 com a presen\u00e7a do coordenador nacional do Programa Cisternas nas Escolas, Rafael Neves, e do integrante da Rede de Educa\u00e7\u00e3o do Semi\u00e1rido Brasileiro, Alexandre Eduardo.<\/p>\n<p>A programa\u00e7\u00e3o do evento conta, ainda, com visita aos estandes, apresenta\u00e7\u00e3o teatral e o lan\u00e7amento do Programa Minibibliotecas da Empresa Brasileira de Pesquisa Agropecu\u00e1ria (Embrapa), como estrat\u00e9gia para o fortalecimento da Identidade Cultural do Semi\u00e1rido.<\/p>\n<p><em>Lidiane Santos | Assessoria de Comunica\u00e7\u00e3o do Regional NE2<\/em><\/p>\n<p>&nbsp;<\/p>\n<ul class=\"ssb_list_wrapper\"><li class=\"fb2\" style=\"width:135px\"><iframe src=\"\/\/www.facebook.com\/plugins\/like.php?href=https%3A%2F%2Fwww.caritasne2.org.br%2Fsite%2Fencontro-estadual-vai-discutir-educacao-contextualizada-em-alagoas%2F&amp;layout=button_count&amp;action=like&amp;show_faces=false&amp;share=true&amp;width=135&amp;height=21&amp;appId=307091639398582\" scrolling=\"no\" frameborder=\"0\" style=\"border:none; overflow:hidden;  width:150px; height:21px;\" allowTransparency=\"true\"><\/iframe><\/li><li class=\"twtr\" style=\"width:90px\"><a href=\"https:\/\/twitter.com\/share\" class=\"twitter-share-button\" data-url=\"https:\/\/www.caritasne2.org.br\/site\/encontro-estadual-vai-discutir-educacao-contextualizada-em-alagoas\/\">&nbsp;<\/a><script>!function(d,s,id){var js,fjs=d.getElementsByTagName(s)[0],p=\/^http:\/.test(d.location)?'http':'https';if(!d.getElementById(id)){js=d.createElement(s);js.id=id;js.src=p+':\/\/platform.twitter.com\/widgets.js';fjs.parentNode.insertBefore(js,fjs);}}(document, 'script', 'twitter-wjs');<\/script><\/li><li class=\"gplus\" style=\"width:68px\"><div class=\"g-plusone\" data-size=\"medium\" data-href=\"https:\/\/www.caritasne2.org.br\/site\/encontro-estadual-vai-discutir-educacao-contextualizada-em-alagoas\/\"><\/div><\/li><li class=\"ssb_linkedin\" style=\"width:64px\"><script src=\"\/\/platform.linkedin.com\/in.js\" type=\"text\/javascript\">lang: en_US<\/script><script type=\"IN\/Share\" data-url=\"https:\/\/www.caritasne2.org.br\/site\/encontro-estadual-vai-discutir-educacao-contextualizada-em-alagoas\/\" data-counter=\"right\"><\/script><\/li><\/ul>","protected":false},"excerpt":{"rendered":"<p>A C\u00e1ritas Diocesana de Palmeira dos \u00cdndios e a Associa\u00e7\u00e3o de Agricultores Alternativos (AAGRA) v\u00e3o realizar, na pr\u00f3xima quinta-feira (30\/03), a partir das 8h, no Centro de Treinamento Diocesano Pio XII, em Palmeira dos \u00cdndios (AL), um Encontro Estadual de Educa\u00e7\u00e3o Contextualizada. O evento faz parte do Programa Cisternas nas Escolas. O objetivo do evento \u00e9 celebrar os 10 anos de exist\u00eancia da Rede de [&hellip;]<\/p>\n<ul class=\"ssb_list_wrapper\"><li class=\"fb2\" style=\"width:135px\"><iframe src=\"\/\/www.facebook.com\/plugins\/like.php?href=https%3A%2F%2Fwww.caritasne2.org.br%2Fsite%2Fencontro-estadual-vai-discutir-educacao-contextualizada-em-alagoas%2F&amp;layout=button_count&amp;action=like&amp;show_faces=false&amp;share=true&amp;width=135&amp;height=21&amp;appId=307091639398582\" scrolling=\"no\" frameborder=\"0\" style=\"border:none; overflow:hidden;  width:150px; height:21px;\" allowTransparency=\"true\"><\/iframe><\/li><li class=\"twtr\" style=\"width:90px\"><a href=\"https:\/\/twitter.com\/share\" class=\"twitter-share-button\" data-url=\"https:\/\/www.caritasne2.org.br\/site\/encontro-estadual-vai-discutir-educacao-contextualizada-em-alagoas\/\">&nbsp;<\/a><script>!function(d,s,id){var js,fjs=d.getElementsByTagName(s)[0],p=\/^http:\/.test(d.location)?'http':'https';if(!d.getElementById(id)){js=d.createElement(s);js.id=id;js.src=p+':\/\/platform.twitter.com\/widgets.js';fjs.parentNode.insertBefore(js,fjs);}}(document, 'script', 'twitter-wjs');<\/script><\/li><li class=\"gplus\" style=\"width:68px\"><div class=\"g-plusone\" data-size=\"medium\" data-href=\"https:\/\/www.caritasne2.org.br\/site\/encontro-estadual-vai-discutir-educacao-contextualizada-em-alagoas\/\"><\/div><\/li><li class=\"ssb_linkedin\" style=\"width:64px\"><script src=\"\/\/platform.linkedin.com\/in.js\" type=\"text\/javascript\">lang: en_US<\/script><script type=\"IN\/Share\" data-url=\"https:\/\/www.caritasne2.org.br\/site\/encontro-estadual-vai-discutir-educacao-contextualizada-em-alagoas\/\" data-counter=\"right\"><\/script><\/li><\/ul>","protected":false},"author":4,"featured_media":4888,"comment_status":"open","ping_status":"open","sticky":false,"template":"","format":"standard","meta":[],"categories":[20,462],"tags":[904,125,70,157,837,766,84,352,67,521,905,906,907],"_links":{"self":[{"href":"https:\/\/www.caritasne2.org.br\/site\/wp-json\/wp\/v2\/posts\/4027"}],"collection":[{"href":"https:\/\/www.caritasne2.org.br\/site\/wp-json\/wp\/v2\/posts"}],"about":[{"href":"https:\/\/www.caritasne2.org.br\/site\/wp-json\/wp\/v2\/types\/post"}],"author":[{"embeddable":true,"href":"https:\/\/www.caritasne2.org.br\/site\/wp-json\/wp\/v2\/users\/4"}],"replies":[{"embeddable":true,"href":"https:\/\/www.caritasne2.org.br\/site\/wp-json\/wp\/v2\/comments?post=4027"}],"version-history":[{"count":0,"href":"https:\/\/www.caritasne2.org.br\/site\/wp-json\/wp\/v2\/posts\/4027\/revisions"}],"wp:featuredmedia":[{"embeddable":true,"href":"https:\/\/www.caritasne2.org.br\/site\/wp-json\/wp\/v2\/media\/4888"}],"wp:attachment":[{"href":"https:\/\/www.caritasne2.org.br\/site\/wp-json\/wp\/v2\/media?parent=4027"}],"wp:term":[{"taxonomy":"category","embeddable":true,"href":"https:\/\/www.caritasne2.org.br\/site\/wp-json\/wp\/v2\/categories?post=4027"},{"taxonomy":"post_tag","embeddable":true,"href":"https:\/\/www.caritasne2.org.br\/site\/wp-json\/wp\/v2\/tags?post=4027"}],"curies":[{"name":"wp","href":"https:\/\/api.w.org\/{rel}","templated":true}]}}