{"id":3988,"date":"2017-03-28T14:17:07","date_gmt":"2017-03-28T17:17:07","guid":{"rendered":"http:\/\/ne2.caritas.org.br.s174889.gridserver.com\/?p=3988"},"modified":"2017-07-14T10:14:55","modified_gmt":"2017-07-14T13:14:55","slug":"entidades-membros-participam-de-oficina-sobre-sustentabilidade","status":"publish","type":"post","link":"https:\/\/www.caritasne2.org.br\/site\/entidades-membros-participam-de-oficina-sobre-sustentabilidade\/","title":{"rendered":"Entidades membros participam de oficinas sobre Sustentabilidade no RN"},"content":{"rendered":"<p>Com o objetivo de fortalecer as entidades membros e apontar caminhos para a mobiliza\u00e7\u00e3o de recursos, a partir das especificidades de cada organiza\u00e7\u00e3o, o coordenador regional de Sustentabilidade da C\u00e1ritas NE2, C\u00e9lio Meira, ministrou duas oficinas sobre o tema no Rio Grande do Norte.<\/p>\n<p>A primeira forma\u00e7\u00e3o foi realizada na \u00faltima sexta-feira (24\/03), no Centro Pastoral Dom Wagner, com a equipe da C\u00e1ritas Diocesana de Caic\u00f3. Na ocasi\u00e3o, foram trabalhados os cinco pilares da mobiliza\u00e7\u00e3o de recursos, que s\u00e3o voltados para o governo, as ag\u00eancias internacionais, o privado, as doa\u00e7\u00f5es individuais e a oferta de servi\u00e7os.<\/p>\n<p>No dia seguinte, foi a vez da C\u00e1ritas Arquidiocesana de Natal, que reuniu representantes das C\u00e1ritas Paroquiais de Cear\u00e1 Mirim, de Jo\u00e3o C\u00e2mara e de Nossa Senhora da Pureza, na Fazenda S\u00e3o Jo\u00e3o, em Cear\u00e1 Mirim. Nesse caso, por serem formadas por volunt\u00e1rios\/as e n\u00e3o possu\u00edrem natureza jur\u00eddica, a abordagem da oficina girou em torno das doa\u00e7\u00f5es individuais.<\/p>\n<p><img decoding=\"async\" loading=\"lazy\" class=\"size-medium wp-image-4905 alignleft\" src=\"http:\/\/www.caritasne2.org.br\/wp-content\/uploads\/2017\/03\/Caic\u00f3-300x199-300x199.jpg\" alt=\"\" width=\"300\" height=\"199\" \/>Embora com estrat\u00e9gias diferentes para capta\u00e7\u00e3o e mobiliza\u00e7\u00e3o de recursos, o debate sobre a import\u00e2ncia da comunica\u00e7\u00e3o, como parte fundamental para alcan\u00e7ar os resultados desejados nesse processo, foi o mesmo para as duas organiza\u00e7\u00f5es. A partir da visibilidade das a\u00e7\u00f5es realizadas pelas C\u00e1ritas, que est\u00e3o presentes no estado do Rio Grande do Norte, \u00e9 poss\u00edvel sensibilizar pessoas em torno das causas trabalhadas.<\/p>\n<p>De acordo com C\u00e9lio, o resultado foi produtivo. \u201cA participa\u00e7\u00e3o dos agentes C\u00e1ritas nas discuss\u00f5es foi algo muito rico. Foi poss\u00edvel perceber, claramente, o efeito motivador que as duas oficinas proporcionaram \u00e0s duas entidades membros\u201d, afirmou.<\/p>\n<p><em>Lidiane Santos | Assessoria de Comunica\u00e7\u00e3o do Regional NE2<\/em><\/p>\n<p>&nbsp;<\/p>\n<ul class=\"ssb_list_wrapper\"><li class=\"fb2\" style=\"width:135px\"><iframe src=\"\/\/www.facebook.com\/plugins\/like.php?href=https%3A%2F%2Fwww.caritasne2.org.br%2Fsite%2Fentidades-membros-participam-de-oficina-sobre-sustentabilidade%2F&amp;layout=button_count&amp;action=like&amp;show_faces=false&amp;share=true&amp;width=135&amp;height=21&amp;appId=307091639398582\" scrolling=\"no\" frameborder=\"0\" style=\"border:none; overflow:hidden;  width:150px; height:21px;\" allowTransparency=\"true\"><\/iframe><\/li><li class=\"twtr\" style=\"width:90px\"><a href=\"https:\/\/twitter.com\/share\" class=\"twitter-share-button\" data-url=\"https:\/\/www.caritasne2.org.br\/site\/entidades-membros-participam-de-oficina-sobre-sustentabilidade\/\">&nbsp;<\/a><script>!function(d,s,id){var js,fjs=d.getElementsByTagName(s)[0],p=\/^http:\/.test(d.location)?'http':'https';if(!d.getElementById(id)){js=d.createElement(s);js.id=id;js.src=p+':\/\/platform.twitter.com\/widgets.js';fjs.parentNode.insertBefore(js,fjs);}}(document, 'script', 'twitter-wjs');<\/script><\/li><li class=\"gplus\" style=\"width:68px\"><div class=\"g-plusone\" data-size=\"medium\" data-href=\"https:\/\/www.caritasne2.org.br\/site\/entidades-membros-participam-de-oficina-sobre-sustentabilidade\/\"><\/div><\/li><li class=\"ssb_linkedin\" style=\"width:64px\"><script src=\"\/\/platform.linkedin.com\/in.js\" type=\"text\/javascript\">lang: en_US<\/script><script type=\"IN\/Share\" data-url=\"https:\/\/www.caritasne2.org.br\/site\/entidades-membros-participam-de-oficina-sobre-sustentabilidade\/\" data-counter=\"right\"><\/script><\/li><\/ul>","protected":false},"excerpt":{"rendered":"<p>Com o objetivo de fortalecer as entidades membros e apontar caminhos para a mobiliza\u00e7\u00e3o de recursos, a partir das especificidades de cada organiza\u00e7\u00e3o, o coordenador regional de Sustentabilidade da C\u00e1ritas NE2, C\u00e9lio Meira, ministrou duas oficinas sobre o tema no Rio Grande do Norte. A primeira forma\u00e7\u00e3o foi realizada na \u00faltima sexta-feira (24\/03), no Centro Pastoral Dom Wagner, com a equipe da C\u00e1ritas Diocesana de [&hellip;]<\/p>\n<ul class=\"ssb_list_wrapper\"><li class=\"fb2\" style=\"width:135px\"><iframe src=\"\/\/www.facebook.com\/plugins\/like.php?href=https%3A%2F%2Fwww.caritasne2.org.br%2Fsite%2Fentidades-membros-participam-de-oficina-sobre-sustentabilidade%2F&amp;layout=button_count&amp;action=like&amp;show_faces=false&amp;share=true&amp;width=135&amp;height=21&amp;appId=307091639398582\" scrolling=\"no\" frameborder=\"0\" style=\"border:none; overflow:hidden;  width:150px; height:21px;\" allowTransparency=\"true\"><\/iframe><\/li><li class=\"twtr\" style=\"width:90px\"><a href=\"https:\/\/twitter.com\/share\" class=\"twitter-share-button\" data-url=\"https:\/\/www.caritasne2.org.br\/site\/entidades-membros-participam-de-oficina-sobre-sustentabilidade\/\">&nbsp;<\/a><script>!function(d,s,id){var js,fjs=d.getElementsByTagName(s)[0],p=\/^http:\/.test(d.location)?'http':'https';if(!d.getElementById(id)){js=d.createElement(s);js.id=id;js.src=p+':\/\/platform.twitter.com\/widgets.js';fjs.parentNode.insertBefore(js,fjs);}}(document, 'script', 'twitter-wjs');<\/script><\/li><li class=\"gplus\" style=\"width:68px\"><div class=\"g-plusone\" data-size=\"medium\" data-href=\"https:\/\/www.caritasne2.org.br\/site\/entidades-membros-participam-de-oficina-sobre-sustentabilidade\/\"><\/div><\/li><li class=\"ssb_linkedin\" style=\"width:64px\"><script src=\"\/\/platform.linkedin.com\/in.js\" type=\"text\/javascript\">lang: en_US<\/script><script type=\"IN\/Share\" data-url=\"https:\/\/www.caritasne2.org.br\/site\/entidades-membros-participam-de-oficina-sobre-sustentabilidade\/\" data-counter=\"right\"><\/script><\/li><\/ul>","protected":false},"author":4,"featured_media":4907,"comment_status":"open","ping_status":"open","sticky":false,"template":"","format":"standard","meta":[],"categories":[20,462],"tags":[282,894,837,775,84,300,67,895,896,897,243,596,898,860,395,776,899,900],"_links":{"self":[{"href":"https:\/\/www.caritasne2.org.br\/site\/wp-json\/wp\/v2\/posts\/3988"}],"collection":[{"href":"https:\/\/www.caritasne2.org.br\/site\/wp-json\/wp\/v2\/posts"}],"about":[{"href":"https:\/\/www.caritasne2.org.br\/site\/wp-json\/wp\/v2\/types\/post"}],"author":[{"embeddable":true,"href":"https:\/\/www.caritasne2.org.br\/site\/wp-json\/wp\/v2\/users\/4"}],"replies":[{"embeddable":true,"href":"https:\/\/www.caritasne2.org.br\/site\/wp-json\/wp\/v2\/comments?post=3988"}],"version-history":[{"count":0,"href":"https:\/\/www.caritasne2.org.br\/site\/wp-json\/wp\/v2\/posts\/3988\/revisions"}],"wp:featuredmedia":[{"embeddable":true,"href":"https:\/\/www.caritasne2.org.br\/site\/wp-json\/wp\/v2\/media\/4907"}],"wp:attachment":[{"href":"https:\/\/www.caritasne2.org.br\/site\/wp-json\/wp\/v2\/media?parent=3988"}],"wp:term":[{"taxonomy":"category","embeddable":true,"href":"https:\/\/www.caritasne2.org.br\/site\/wp-json\/wp\/v2\/categories?post=3988"},{"taxonomy":"post_tag","embeddable":true,"href":"https:\/\/www.caritasne2.org.br\/site\/wp-json\/wp\/v2\/tags?post=3988"}],"curies":[{"name":"wp","href":"https:\/\/api.w.org\/{rel}","templated":true}]}}