{"id":3951,"date":"2017-03-24T12:22:21","date_gmt":"2017-03-24T15:22:21","guid":{"rendered":"http:\/\/ne2.caritas.org.br.s174889.gridserver.com\/?p=3951"},"modified":"2017-07-14T10:24:03","modified_gmt":"2017-07-14T13:24:03","slug":"patos-sedia-evento-sobre-aquecimento-global-mudancas-climaticas-crise-hidrica","status":"publish","type":"post","link":"https:\/\/www.caritasne2.org.br\/site\/patos-sedia-evento-sobre-aquecimento-global-mudancas-climaticas-crise-hidrica\/","title":{"rendered":"Patos sedia evento sobre aquecimento global, mudan\u00e7as clim\u00e1ticas e crise h\u00eddrica"},"content":{"rendered":"<p>Nesta segunda-feira (27), ser\u00e1 realizado o Semin\u00e1rio \u201cAquecimento Global, Mudan\u00e7as Clim\u00e1ticas e Crise H\u00eddricas: O que eu tenho a ver com isso?\u201d, na cidade de Patos (PB). O evento ocorrer\u00e1 no audit\u00f3rio Professor Paulo Facin da Universidade Federal de Campina Grande (campus Patos), das 9h \u00e0s 16h, e reunir\u00e1 especialistas no tema, representantes de organiza\u00e7\u00f5es da regi\u00e3o e sociedade civil.<\/p>\n<p>Durante as discuss\u00f5es, os organizadores esperam identificar os desafios para o futuro com o intuito de enfrent\u00e1-los e assim definir as prioridades de a\u00e7\u00e3o na regi\u00e3o. A iniciativa faz parte do Projeto Semi\u00e1rido Solar, do F\u00f3rum de Mudan\u00e7as Clim\u00e1ticas e Justi\u00e7a Social e da C\u00e1ritas Brasileira, com apoio da A\u00e7\u00e3o Social Diocesana de Patos, CERSA, Misereor e Universidade Federal de Campina Grande.<\/p>\n<p><em>\u00a0<\/em>Confira a programa\u00e7\u00e3o:<\/p>\n<p style=\"text-align: center;\"><a href=\"http:\/\/www.caritasne2.org.br\/wp-content\/uploads\/2017\/03\/Aquecimento-Global-Mudan\u00e7as-Clim\u00e1ticas-Crise-H\u00eddrica-O-que-eu-tenho-a-ver-com-isso.jpg\"><img decoding=\"async\" loading=\"lazy\" class=\"aligncenter size-medium wp-image-4915\" src=\"http:\/\/www.caritasne2.org.br\/wp-content\/uploads\/2017\/03\/Aquecimento-Global-Mudan\u00e7as-Clim\u00e1ticas-Crise-H\u00eddrica-O-que-eu-tenho-a-ver-com-isso-208x300.jpg\" alt=\"\" width=\"208\" height=\"300\" srcset=\"https:\/\/www.caritasne2.org.br\/site\/wp-content\/uploads\/2017\/03\/Aquecimento-Global-Mudan\u00e7as-Clim\u00e1ticas-Crise-H\u00eddrica-O-que-eu-tenho-a-ver-com-isso-208x300.jpg 208w, https:\/\/www.caritasne2.org.br\/site\/wp-content\/uploads\/2017\/03\/Aquecimento-Global-Mudan\u00e7as-Clim\u00e1ticas-Crise-H\u00eddrica-O-que-eu-tenho-a-ver-com-isso.jpg 665w\" sizes=\"(max-width: 208px) 100vw, 208px\" \/><\/a><\/p>\n<p><em>Por Wagner Cesario<\/em>\u00a0<em>| Assessoria de Comunica\u00e7\u00e3o do Regional NE2, com informa\u00e7\u00f5es da A\u00e7\u00e3o Social Diocesana de Patos (PB)<a href=\"http:\/\/ne2.caritas.org.br.s174889.gridserver.com\/wp-content\/uploads\/2017\/03\/IMG_3059.jpg\"><br \/>\n<\/a><\/em><\/p>\n<div><em><br \/>\n<\/em><\/div>\n<ul class=\"ssb_list_wrapper\"><li class=\"fb2\" style=\"width:135px\"><iframe src=\"\/\/www.facebook.com\/plugins\/like.php?href=https%3A%2F%2Fwww.caritasne2.org.br%2Fsite%2Fpatos-sedia-evento-sobre-aquecimento-global-mudancas-climaticas-crise-hidrica%2F&amp;layout=button_count&amp;action=like&amp;show_faces=false&amp;share=true&amp;width=135&amp;height=21&amp;appId=307091639398582\" scrolling=\"no\" frameborder=\"0\" style=\"border:none; overflow:hidden;  width:150px; height:21px;\" allowTransparency=\"true\"><\/iframe><\/li><li class=\"twtr\" style=\"width:90px\"><a href=\"https:\/\/twitter.com\/share\" class=\"twitter-share-button\" data-url=\"https:\/\/www.caritasne2.org.br\/site\/patos-sedia-evento-sobre-aquecimento-global-mudancas-climaticas-crise-hidrica\/\">&nbsp;<\/a><script>!function(d,s,id){var js,fjs=d.getElementsByTagName(s)[0],p=\/^http:\/.test(d.location)?'http':'https';if(!d.getElementById(id)){js=d.createElement(s);js.id=id;js.src=p+':\/\/platform.twitter.com\/widgets.js';fjs.parentNode.insertBefore(js,fjs);}}(document, 'script', 'twitter-wjs');<\/script><\/li><li class=\"gplus\" style=\"width:68px\"><div class=\"g-plusone\" data-size=\"medium\" data-href=\"https:\/\/www.caritasne2.org.br\/site\/patos-sedia-evento-sobre-aquecimento-global-mudancas-climaticas-crise-hidrica\/\"><\/div><\/li><li class=\"ssb_linkedin\" style=\"width:64px\"><script src=\"\/\/platform.linkedin.com\/in.js\" type=\"text\/javascript\">lang: en_US<\/script><script type=\"IN\/Share\" data-url=\"https:\/\/www.caritasne2.org.br\/site\/patos-sedia-evento-sobre-aquecimento-global-mudancas-climaticas-crise-hidrica\/\" data-counter=\"right\"><\/script><\/li><\/ul>","protected":false},"excerpt":{"rendered":"<p>Nesta segunda-feira (27), ser\u00e1 realizado o Semin\u00e1rio \u201cAquecimento Global, Mudan\u00e7as Clim\u00e1ticas e Crise H\u00eddricas: O que eu tenho a ver com isso?\u201d, na cidade de Patos (PB). O evento ocorrer\u00e1 no audit\u00f3rio Professor Paulo Facin da Universidade Federal de Campina Grande (campus Patos), das 9h \u00e0s 16h, e reunir\u00e1 especialistas no tema, representantes de organiza\u00e7\u00f5es da regi\u00e3o e sociedade civil. Durante as discuss\u00f5es, os organizadores [&hellip;]<\/p>\n<ul class=\"ssb_list_wrapper\"><li class=\"fb2\" style=\"width:135px\"><iframe src=\"\/\/www.facebook.com\/plugins\/like.php?href=https%3A%2F%2Fwww.caritasne2.org.br%2Fsite%2Fpatos-sedia-evento-sobre-aquecimento-global-mudancas-climaticas-crise-hidrica%2F&amp;layout=button_count&amp;action=like&amp;show_faces=false&amp;share=true&amp;width=135&amp;height=21&amp;appId=307091639398582\" scrolling=\"no\" frameborder=\"0\" style=\"border:none; overflow:hidden;  width:150px; height:21px;\" allowTransparency=\"true\"><\/iframe><\/li><li class=\"twtr\" style=\"width:90px\"><a href=\"https:\/\/twitter.com\/share\" class=\"twitter-share-button\" data-url=\"https:\/\/www.caritasne2.org.br\/site\/patos-sedia-evento-sobre-aquecimento-global-mudancas-climaticas-crise-hidrica\/\">&nbsp;<\/a><script>!function(d,s,id){var js,fjs=d.getElementsByTagName(s)[0],p=\/^http:\/.test(d.location)?'http':'https';if(!d.getElementById(id)){js=d.createElement(s);js.id=id;js.src=p+':\/\/platform.twitter.com\/widgets.js';fjs.parentNode.insertBefore(js,fjs);}}(document, 'script', 'twitter-wjs');<\/script><\/li><li class=\"gplus\" style=\"width:68px\"><div class=\"g-plusone\" data-size=\"medium\" data-href=\"https:\/\/www.caritasne2.org.br\/site\/patos-sedia-evento-sobre-aquecimento-global-mudancas-climaticas-crise-hidrica\/\"><\/div><\/li><li class=\"ssb_linkedin\" style=\"width:64px\"><script src=\"\/\/platform.linkedin.com\/in.js\" type=\"text\/javascript\">lang: en_US<\/script><script type=\"IN\/Share\" data-url=\"https:\/\/www.caritasne2.org.br\/site\/patos-sedia-evento-sobre-aquecimento-global-mudancas-climaticas-crise-hidrica\/\" data-counter=\"right\"><\/script><\/li><\/ul>","protected":false},"author":4,"featured_media":4917,"comment_status":"open","ping_status":"open","sticky":false,"template":"","format":"standard","meta":[],"categories":[791,20],"tags":[59,67,792],"_links":{"self":[{"href":"https:\/\/www.caritasne2.org.br\/site\/wp-json\/wp\/v2\/posts\/3951"}],"collection":[{"href":"https:\/\/www.caritasne2.org.br\/site\/wp-json\/wp\/v2\/posts"}],"about":[{"href":"https:\/\/www.caritasne2.org.br\/site\/wp-json\/wp\/v2\/types\/post"}],"author":[{"embeddable":true,"href":"https:\/\/www.caritasne2.org.br\/site\/wp-json\/wp\/v2\/users\/4"}],"replies":[{"embeddable":true,"href":"https:\/\/www.caritasne2.org.br\/site\/wp-json\/wp\/v2\/comments?post=3951"}],"version-history":[{"count":0,"href":"https:\/\/www.caritasne2.org.br\/site\/wp-json\/wp\/v2\/posts\/3951\/revisions"}],"wp:featuredmedia":[{"embeddable":true,"href":"https:\/\/www.caritasne2.org.br\/site\/wp-json\/wp\/v2\/media\/4917"}],"wp:attachment":[{"href":"https:\/\/www.caritasne2.org.br\/site\/wp-json\/wp\/v2\/media?parent=3951"}],"wp:term":[{"taxonomy":"category","embeddable":true,"href":"https:\/\/www.caritasne2.org.br\/site\/wp-json\/wp\/v2\/categories?post=3951"},{"taxonomy":"post_tag","embeddable":true,"href":"https:\/\/www.caritasne2.org.br\/site\/wp-json\/wp\/v2\/tags?post=3951"}],"curies":[{"name":"wp","href":"https:\/\/api.w.org\/{rel}","templated":true}]}}