{"id":3916,"date":"2017-03-23T15:43:58","date_gmt":"2017-03-23T18:43:58","guid":{"rendered":"http:\/\/ne2.caritas.org.br.s174889.gridserver.com\/?p=3916"},"modified":"2017-07-14T10:28:40","modified_gmt":"2017-07-14T13:28:40","slug":"caritas-ne2-familias-celebram-entrega-de-cisternas","status":"publish","type":"post","link":"https:\/\/www.caritasne2.org.br\/site\/caritas-ne2-familias-celebram-entrega-de-cisternas\/","title":{"rendered":"C\u00e1ritas NE2 e fam\u00edlias celebram entrega de cisternas"},"content":{"rendered":"<p>Com um p\u00fablico de mais de mil agricultores e agricultoras, a C\u00e1ritas Brasileira Regional Nordeste 2 celebrou, na \u00faltima quarta-feira (22\/03), a constru\u00e7\u00e3o e a entrega de 1670 cisternas de placas para as fam\u00edlias da zona rural do munic\u00edpio de Capoeiras (PE). A cerim\u00f4nia foi realizada na Escola Estadual Nossa Senhora do Perp\u00e9tuo Socorro, localizada no Centro da cidade, e contou com a presen\u00e7a de representantes da sociedade civil e das esferas do Governo.<\/p>\n<p>Al\u00e9m da comemora\u00e7\u00e3o pelo Dia Mundial da \u00c1gua, a Mesa de Di\u00e1logos marcou a universaliza\u00e7\u00e3o do acesso h\u00eddrico alcan\u00e7ado pelas fam\u00edlias da zona rural do munic\u00edpio, por meio da execu\u00e7\u00e3o do Programa \u00c1gua Para Todos, que conta com a parceria do Programa Estadual de Apoio ao Pequeno Produtor Rural (ProRural), ligado ao Governo do Estado.<\/p>\n<p><img decoding=\"async\" loading=\"lazy\" class=\"alignleft size-medium wp-image-4921\" src=\"http:\/\/www.caritasne2.org.br\/wp-content\/uploads\/2017\/03\/DSC09383-300x200-300x200.jpg\" alt=\"\" width=\"300\" height=\"200\" \/>A partir da contextualiza\u00e7\u00e3o da \u00e1gua como um direito de todos e ressaltando os princ\u00edpios espirituais e materiais, o secret\u00e1rio regional, Angelo Zanr\u00e9, iniciou o evento com a sauda\u00e7\u00e3o ao p\u00fablico. \u201cEm nome da C\u00e1ritas Brasileira Regional Nordeste 2, desejo boas-vindas a todos e todas neste momento t\u00e3o importante. A \u00e1gua \u00e9 sagrada, \u00e9 dom de Deus, portanto \u00e9, tamb\u00e9m, um princ\u00edpio espiritual essencial. Al\u00e9m disso, ela \u00e9 material, porque possibilita a sobreviv\u00eancia humana, atrav\u00e9s do consumo, da produ\u00e7\u00e3o de alimentos, da cria\u00e7\u00e3o animal, entre tantos outros aspectos\u201d, pontuou.<\/p>\n<p>A partir da pr\u00f3pria experi\u00eancia de ter uma cisterna de placas no terreiro de casa, a presidente do Conselho Municipal de Desenvolvimento Rural Sustent\u00e1vel de Capoeiras, Maria Ildejane Pereira, falou sobre os benef\u00edcios que a tecnologia social de capta\u00e7\u00e3o e armazenamento de \u00e1gua da chuva traz para as fam\u00edlias. \u201cEstou muito feliz, pois Capoeiras foi um dos munic\u00edpios que se destacou no n\u00famero de cisternas constru\u00eddas. S\u00f3 sabe o valor e a import\u00e2ncia de uma cisterna quem a tem no arredor de casa\u201d, afirmou.<\/p>\n<p>J\u00e1 para o presidente do Sindicato dos Trabalhadores Rurais de Capoeiras, Nilson Freitas, a ocasi\u00e3o ficar\u00e1 marcada na hist\u00f3ria e nas mentes dos capoeirenses. \u201cN\u00e3o \u00e9 \u00e0 toa que o munic\u00edpio de Capoeiras foi escolhido para receber esta celebra\u00e7\u00e3o no Dia Mundial da \u00c1gua. Hoje, comemoramos a universaliza\u00e7\u00e3o do acesso \u00e0 \u00e1gua nesse munic\u00edpio. Gra\u00e7as ao Movimento e gra\u00e7as aos trabalhadores e trabalhadoras\u201d, disse.<\/p>\n<div>\n<p>Por sua vez, a prefeita de Capoeiras, Lucineide Silva, destacou a alegria por este momento da hist\u00f3ria do munic\u00edpio. \u201cA produ\u00e7\u00e3o agr\u00edcola foi quem sempre estimulou a economia do pa\u00eds, portanto quero fazer, aqui, um agradecimento especial \u00e0 C\u00e1ritas Brasileira Regional Nordeste 2, por tamanho compromisso e dedica\u00e7\u00e3o aos agricultores\u201d, concluiu a gestora municipal.<\/p>\n<p>Na ocasi\u00e3o, agricultores contemplados pelo Programa tamb\u00e9m falaram da mudan\u00e7a de vida ap\u00f3s a cisterna. Foi assim com seu Sim\u00e3o Salgado, que relatou a experi\u00eancia da fam\u00edlia depois que passou a ter a tecnologia ao redor de casa. Entretanto, \u00e9 na fala das mulheres, de modo especial, que \u00e9 poss\u00edvel compreender todos os benef\u00edcios trazidos pela pol\u00edtica p\u00fablica. \u201cA gente vivia no sacrif\u00edcio, carregando latas com \u00e1gua na cabe\u00e7a. Hoje, eu n\u00e3o sofro mais por ter que buscar \u00e1gua para beber em lugares distantes da minha casa. Agora, \u00e9 s\u00f3 ir no terreiro, abrir a porta da cisterna e encher o balde\u201d, explicou a agricultora Maria Jos\u00e9 da Silva.<\/p>\n<p><img decoding=\"async\" loading=\"lazy\" class=\"alignleft size-medium wp-image-4922\" src=\"http:\/\/www.caritasne2.org.br\/wp-content\/uploads\/2017\/03\/20170322_115832-300x180-300x180.jpg\" alt=\"\" width=\"300\" height=\"180\" \/>Como um gesto concreto, a equipe do Programa de Conviv\u00eancia com o Semi\u00e1rido da C\u00e1ritas Nordeste 2 elaborou uma Carta Aberta pela comemora\u00e7\u00e3o ao Dia Mundial da \u00c1gua e pela universaliza\u00e7\u00e3o do acesso h\u00eddrico alcan\u00e7ado pelo munic\u00edpio. O documento foi lido por Kilma Ferreira, membro da Colegiada Regional, e pelo supervisor t\u00e9cnico, Edimilson Paulino. A carta aborda as especificidades do Semi\u00e1rido brasileiro, da atua\u00e7\u00e3o da C\u00e1ritas Brasileira Regional Nordeste 2 na busca pela cria\u00e7\u00e3o e consolida\u00e7\u00e3o de pol\u00edticas p\u00fablicas, assim como traz proposi\u00e7\u00f5es ao governantes municipais e estaduais, no sentido de dar continuidade aos trabalhos em prol da popula\u00e7\u00e3o camponesa.<\/p>\n<p>Ap\u00f3s a leitura do documento, a coordenadora regional do Programa de Conviv\u00eancia com o Semi\u00e1rido, Flavianeide Pereira, falou dos desafios de conviver com a estiagem prolongada, mas tamb\u00e9m abordou as conquistas que as fam\u00edlias obt\u00eam no processo de forma\u00e7\u00e3o e mobiliza\u00e7\u00e3o social. \u201cO acesso \u00e0 \u00e1gua impacta diretamente na sa\u00fade, na autonomia h\u00eddrica, na seguran\u00e7a alimentar e nutricional, a fim de proporcionar importantes melhorias na qualidade de vida das fam\u00edlias\u201d, considerou.<\/p>\n<p>Em seguida, uma comiss\u00e3o formada por gestores p\u00fablicos e sociedade civil caminhou at\u00e9 a casa da agricultora Analia Claudino de Melo, localizada na comunidade Curral Queimado. A fam\u00edlia dela foi escolhida para representar as outras 1669, que foram contempladas pelo Programa \u00c1gua Para Todos no munic\u00edpio de Capoeiras. Na ocasi\u00e3o, a cisterna foi aben\u00e7oada e aspergida com \u00e1gua benta, a fim de ser um instrumento de vida.<\/p>\n<p><strong>CAET\u00c9S<\/strong> &#8211; Al\u00e9m de Capoeiras, outro munic\u00edpio que faz parte da atua\u00e7\u00e3o do Programa \u00c1gua Para Todos, \u00e9 Caet\u00e9s, que est\u00e1 sendo contemplado com mais de duas mil cisternas. De acordo com o prefeito, Armando Almeida, o compromisso que a Organiza\u00e7\u00e3o assume diante das fam\u00edlias \u00e9 pe\u00e7a fundamental para o sucesso dessa a\u00e7\u00e3o. \u201cCredibilidade e confian\u00e7a s\u00e3o palavras que resumem a atua\u00e7\u00e3o da C\u00e1ritas\u201d, afirmou o gestor. Para o secret\u00e1rio municipal de Agricultura, Lucivalter Santana, s\u00e3o trabalhos como esses que estruturam as fam\u00edlias no campo e engrandecem a agricultura familiar.<\/p>\n<p><em>Por Lidiane Santos | Assessoria de Comunica\u00e7\u00e3o do Regional NE2, com fotos de Rosanny Barreto, da C\u00e1ritas Diocesana de Pesqueira.<\/em><\/p>\n<\/div>\n<ul class=\"ssb_list_wrapper\"><li class=\"fb2\" style=\"width:135px\"><iframe src=\"\/\/www.facebook.com\/plugins\/like.php?href=https%3A%2F%2Fwww.caritasne2.org.br%2Fsite%2Fcaritas-ne2-familias-celebram-entrega-de-cisternas%2F&amp;layout=button_count&amp;action=like&amp;show_faces=false&amp;share=true&amp;width=135&amp;height=21&amp;appId=307091639398582\" scrolling=\"no\" frameborder=\"0\" style=\"border:none; overflow:hidden;  width:150px; height:21px;\" allowTransparency=\"true\"><\/iframe><\/li><li class=\"twtr\" style=\"width:90px\"><a href=\"https:\/\/twitter.com\/share\" class=\"twitter-share-button\" data-url=\"https:\/\/www.caritasne2.org.br\/site\/caritas-ne2-familias-celebram-entrega-de-cisternas\/\">&nbsp;<\/a><script>!function(d,s,id){var js,fjs=d.getElementsByTagName(s)[0],p=\/^http:\/.test(d.location)?'http':'https';if(!d.getElementById(id)){js=d.createElement(s);js.id=id;js.src=p+':\/\/platform.twitter.com\/widgets.js';fjs.parentNode.insertBefore(js,fjs);}}(document, 'script', 'twitter-wjs');<\/script><\/li><li class=\"gplus\" style=\"width:68px\"><div class=\"g-plusone\" data-size=\"medium\" data-href=\"https:\/\/www.caritasne2.org.br\/site\/caritas-ne2-familias-celebram-entrega-de-cisternas\/\"><\/div><\/li><li class=\"ssb_linkedin\" style=\"width:64px\"><script src=\"\/\/platform.linkedin.com\/in.js\" type=\"text\/javascript\">lang: en_US<\/script><script type=\"IN\/Share\" data-url=\"https:\/\/www.caritasne2.org.br\/site\/caritas-ne2-familias-celebram-entrega-de-cisternas\/\" data-counter=\"right\"><\/script><\/li><\/ul>","protected":false},"excerpt":{"rendered":"<p>Com um p\u00fablico de mais de mil agricultores e agricultoras, a C\u00e1ritas Brasileira Regional Nordeste 2 celebrou, na \u00faltima quarta-feira (22\/03), a constru\u00e7\u00e3o e a entrega de 1670 cisternas de placas para as fam\u00edlias da zona rural do munic\u00edpio de Capoeiras (PE). A cerim\u00f4nia foi realizada na Escola Estadual Nossa Senhora do Perp\u00e9tuo Socorro, localizada no Centro da cidade, e contou com a presen\u00e7a de [&hellip;]<\/p>\n<ul class=\"ssb_list_wrapper\"><li class=\"fb2\" style=\"width:135px\"><iframe src=\"\/\/www.facebook.com\/plugins\/like.php?href=https%3A%2F%2Fwww.caritasne2.org.br%2Fsite%2Fcaritas-ne2-familias-celebram-entrega-de-cisternas%2F&amp;layout=button_count&amp;action=like&amp;show_faces=false&amp;share=true&amp;width=135&amp;height=21&amp;appId=307091639398582\" scrolling=\"no\" frameborder=\"0\" style=\"border:none; overflow:hidden;  width:150px; height:21px;\" allowTransparency=\"true\"><\/iframe><\/li><li class=\"twtr\" style=\"width:90px\"><a href=\"https:\/\/twitter.com\/share\" class=\"twitter-share-button\" data-url=\"https:\/\/www.caritasne2.org.br\/site\/caritas-ne2-familias-celebram-entrega-de-cisternas\/\">&nbsp;<\/a><script>!function(d,s,id){var js,fjs=d.getElementsByTagName(s)[0],p=\/^http:\/.test(d.location)?'http':'https';if(!d.getElementById(id)){js=d.createElement(s);js.id=id;js.src=p+':\/\/platform.twitter.com\/widgets.js';fjs.parentNode.insertBefore(js,fjs);}}(document, 'script', 'twitter-wjs');<\/script><\/li><li class=\"gplus\" style=\"width:68px\"><div class=\"g-plusone\" data-size=\"medium\" data-href=\"https:\/\/www.caritasne2.org.br\/site\/caritas-ne2-familias-celebram-entrega-de-cisternas\/\"><\/div><\/li><li class=\"ssb_linkedin\" style=\"width:64px\"><script src=\"\/\/platform.linkedin.com\/in.js\" type=\"text\/javascript\">lang: en_US<\/script><script type=\"IN\/Share\" data-url=\"https:\/\/www.caritasne2.org.br\/site\/caritas-ne2-familias-celebram-entrega-de-cisternas\/\" data-counter=\"right\"><\/script><\/li><\/ul>","protected":false},"author":4,"featured_media":4924,"comment_status":"open","ping_status":"open","sticky":false,"template":"","format":"standard","meta":[],"categories":[519,20],"tags":[874,878,837,881,352,67,520,876],"_links":{"self":[{"href":"https:\/\/www.caritasne2.org.br\/site\/wp-json\/wp\/v2\/posts\/3916"}],"collection":[{"href":"https:\/\/www.caritasne2.org.br\/site\/wp-json\/wp\/v2\/posts"}],"about":[{"href":"https:\/\/www.caritasne2.org.br\/site\/wp-json\/wp\/v2\/types\/post"}],"author":[{"embeddable":true,"href":"https:\/\/www.caritasne2.org.br\/site\/wp-json\/wp\/v2\/users\/4"}],"replies":[{"embeddable":true,"href":"https:\/\/www.caritasne2.org.br\/site\/wp-json\/wp\/v2\/comments?post=3916"}],"version-history":[{"count":0,"href":"https:\/\/www.caritasne2.org.br\/site\/wp-json\/wp\/v2\/posts\/3916\/revisions"}],"wp:featuredmedia":[{"embeddable":true,"href":"https:\/\/www.caritasne2.org.br\/site\/wp-json\/wp\/v2\/media\/4924"}],"wp:attachment":[{"href":"https:\/\/www.caritasne2.org.br\/site\/wp-json\/wp\/v2\/media?parent=3916"}],"wp:term":[{"taxonomy":"category","embeddable":true,"href":"https:\/\/www.caritasne2.org.br\/site\/wp-json\/wp\/v2\/categories?post=3916"},{"taxonomy":"post_tag","embeddable":true,"href":"https:\/\/www.caritasne2.org.br\/site\/wp-json\/wp\/v2\/tags?post=3916"}],"curies":[{"name":"wp","href":"https:\/\/api.w.org\/{rel}","templated":true}]}}