{"id":3910,"date":"2017-03-21T10:53:15","date_gmt":"2017-03-21T13:53:15","guid":{"rendered":"http:\/\/ne2.caritas.org.br.s174889.gridserver.com\/?p=3910"},"modified":"2017-07-14T10:30:03","modified_gmt":"2017-07-14T13:30:03","slug":"caritas-ne2-entrega-1670-cisternas-para-agricultoresas-de-pe","status":"publish","type":"post","link":"https:\/\/www.caritasne2.org.br\/site\/caritas-ne2-entrega-1670-cisternas-para-agricultoresas-de-pe\/","title":{"rendered":"C\u00c1RITAS NE2 ENTREGA 1670 CISTERNAS PARA AGRICULTORES\/AS DE PE"},"content":{"rendered":"<p>Nesta quarta-feira (22\/03), 1670 fam\u00edlias agricultoras do munic\u00edpio de Capoeiras, do Agreste de Pernambuco, ser\u00e3o contempladas com cisternas de placas, com capacidade para captar e armazenar 16 mil litros de \u00e1gua da chuva para consumo humano. A cerim\u00f4nia, realizada pela C\u00e1ritas Brasileira Regional Nordeste 2, est\u00e1 marcada para \u00e0s 9h30, na Escola Estadual Nossa Senhora do Perp\u00e9tuo Socorro, localizada no Centro da cidade.<\/p>\n<p>A a\u00e7\u00e3o, executada pelo Programa Regional de Conviv\u00eancia com o Semi\u00e1rido, faz parte da programa\u00e7\u00e3o do Dia da \u00c1gua, que \u00e9 celebrado, mundialmente, em 22 de Mar\u00e7o, data em que a Organiza\u00e7\u00e3o das Na\u00e7\u00f5es Unidas (ONU) instituiu para chamar a aten\u00e7\u00e3o das popula\u00e7\u00f5es sobre a tem\u00e1tica.<\/p>\n<p><img decoding=\"async\" loading=\"lazy\" class=\"alignleft size-medium wp-image-4926\" src=\"http:\/\/www.caritasne2.org.br\/wp-content\/uploads\/2017\/03\/DSC01063-300x225-300x225.jpg\" alt=\"\" width=\"300\" height=\"225\" \/>Para a coordenadora regional do Programa de Conviv\u00eancia com o Semi\u00e1rido da C\u00e1ritas NE2, Flavianeide Pereira, os impactos sociais trazidos pelas cisternas diz respeito, principalmente, \u00e0 melhoria na qualidade de vida das fam\u00edlias agricultoras. \u201cO acesso \u00e0 \u00e1gua representa mais sa\u00fade, mais autonomia h\u00eddrica, reduz a sobrecarga de trabalho dos membros das fam\u00edlias, principalmente das mulheres, al\u00e9m de garantir a soberania alimentar e nutricional\u201d, afirmou.<\/p>\n<p>Todos os resultados alcan\u00e7ados, acima, fazem parte de um processo de forma\u00e7\u00e3o para a mobiliza\u00e7\u00e3o social. \u201cVale destacar que, al\u00e9m as cisternas de 16 mil litros para armazenamento de \u00e1gua para o consumo humano, o Programa \u00c1gua Para Todos proporciona, \u00e0s fam\u00edlias, uma capacita\u00e7\u00e3o em Gest\u00e3o de Recursos H\u00eddricos (GRH). O objetivo \u00e9 lev\u00e1-las a refletir o contexto h\u00eddrico da comunidade em que fazem parte\u201d, destacou Flavianeide.<\/p>\n<p>Al\u00e9m do acesso \u00e0 \u00e1gua, atrav\u00e9s da constru\u00e7\u00e3o da cisterna e tamb\u00e9m das forma\u00e7\u00f5es que participam, as fam\u00edlias tamb\u00e9m t\u00eam a oportunidade de gerar renda. Ainda de acordo com Flavianeide, os\/as agricultores\/as podem ser capacitados\/as na constru\u00e7\u00e3o da tecnologia social, al\u00e9m de movimentar o com\u00e9rcio local, por meio da compra de materiais de infraestrutura.<\/p>\n<p><strong>SERVI\u00c7O<\/strong>:<br \/>\nData: 22 de Mar\u00e7o de 2017<br \/>\nHor\u00e1rio: 09h30<br \/>\nLocal: Escola Estadual Nossa Senhora do Perp\u00e9tuo Socorro, no Centro de Capoeiras, no Agreste Meridional (PE)<\/p>\n<p><em><br \/>\nLidiane Santos | Assessoria de Comunica\u00e7\u00e3o do Regional NE2<\/em><\/p>\n<ul class=\"ssb_list_wrapper\"><li class=\"fb2\" style=\"width:135px\"><iframe src=\"\/\/www.facebook.com\/plugins\/like.php?href=https%3A%2F%2Fwww.caritasne2.org.br%2Fsite%2Fcaritas-ne2-entrega-1670-cisternas-para-agricultoresas-de-pe%2F&amp;layout=button_count&amp;action=like&amp;show_faces=false&amp;share=true&amp;width=135&amp;height=21&amp;appId=307091639398582\" scrolling=\"no\" frameborder=\"0\" style=\"border:none; overflow:hidden;  width:150px; height:21px;\" allowTransparency=\"true\"><\/iframe><\/li><li class=\"twtr\" style=\"width:90px\"><a href=\"https:\/\/twitter.com\/share\" class=\"twitter-share-button\" data-url=\"https:\/\/www.caritasne2.org.br\/site\/caritas-ne2-entrega-1670-cisternas-para-agricultoresas-de-pe\/\">&nbsp;<\/a><script>!function(d,s,id){var js,fjs=d.getElementsByTagName(s)[0],p=\/^http:\/.test(d.location)?'http':'https';if(!d.getElementById(id)){js=d.createElement(s);js.id=id;js.src=p+':\/\/platform.twitter.com\/widgets.js';fjs.parentNode.insertBefore(js,fjs);}}(document, 'script', 'twitter-wjs');<\/script><\/li><li class=\"gplus\" style=\"width:68px\"><div class=\"g-plusone\" data-size=\"medium\" data-href=\"https:\/\/www.caritasne2.org.br\/site\/caritas-ne2-entrega-1670-cisternas-para-agricultoresas-de-pe\/\"><\/div><\/li><li class=\"ssb_linkedin\" style=\"width:64px\"><script src=\"\/\/platform.linkedin.com\/in.js\" type=\"text\/javascript\">lang: en_US<\/script><script type=\"IN\/Share\" data-url=\"https:\/\/www.caritasne2.org.br\/site\/caritas-ne2-entrega-1670-cisternas-para-agricultoresas-de-pe\/\" data-counter=\"right\"><\/script><\/li><\/ul>","protected":false},"excerpt":{"rendered":"<p>Nesta quarta-feira (22\/03), 1670 fam\u00edlias agricultoras do munic\u00edpio de Capoeiras, do Agreste de Pernambuco, ser\u00e3o contempladas com cisternas de placas, com capacidade para captar e armazenar 16 mil litros de \u00e1gua da chuva para consumo humano. A cerim\u00f4nia, realizada pela C\u00e1ritas Brasileira Regional Nordeste 2, est\u00e1 marcada para \u00e0s 9h30, na Escola Estadual Nossa Senhora do Perp\u00e9tuo Socorro, localizada no Centro da cidade. A a\u00e7\u00e3o, [&hellip;]<\/p>\n<ul class=\"ssb_list_wrapper\"><li class=\"fb2\" style=\"width:135px\"><iframe src=\"\/\/www.facebook.com\/plugins\/like.php?href=https%3A%2F%2Fwww.caritasne2.org.br%2Fsite%2Fcaritas-ne2-entrega-1670-cisternas-para-agricultoresas-de-pe%2F&amp;layout=button_count&amp;action=like&amp;show_faces=false&amp;share=true&amp;width=135&amp;height=21&amp;appId=307091639398582\" scrolling=\"no\" frameborder=\"0\" style=\"border:none; overflow:hidden;  width:150px; height:21px;\" allowTransparency=\"true\"><\/iframe><\/li><li class=\"twtr\" style=\"width:90px\"><a href=\"https:\/\/twitter.com\/share\" class=\"twitter-share-button\" data-url=\"https:\/\/www.caritasne2.org.br\/site\/caritas-ne2-entrega-1670-cisternas-para-agricultoresas-de-pe\/\">&nbsp;<\/a><script>!function(d,s,id){var js,fjs=d.getElementsByTagName(s)[0],p=\/^http:\/.test(d.location)?'http':'https';if(!d.getElementById(id)){js=d.createElement(s);js.id=id;js.src=p+':\/\/platform.twitter.com\/widgets.js';fjs.parentNode.insertBefore(js,fjs);}}(document, 'script', 'twitter-wjs');<\/script><\/li><li class=\"gplus\" style=\"width:68px\"><div class=\"g-plusone\" data-size=\"medium\" data-href=\"https:\/\/www.caritasne2.org.br\/site\/caritas-ne2-entrega-1670-cisternas-para-agricultoresas-de-pe\/\"><\/div><\/li><li class=\"ssb_linkedin\" style=\"width:64px\"><script src=\"\/\/platform.linkedin.com\/in.js\" type=\"text\/javascript\">lang: en_US<\/script><script type=\"IN\/Share\" data-url=\"https:\/\/www.caritasne2.org.br\/site\/caritas-ne2-entrega-1670-cisternas-para-agricultoresas-de-pe\/\" data-counter=\"right\"><\/script><\/li><\/ul>","protected":false},"author":4,"featured_media":4927,"comment_status":"open","ping_status":"open","sticky":false,"template":"","format":"standard","meta":[],"categories":[72,20],"tags":[874,90,84,875,67,520,859,876,877,467,371],"_links":{"self":[{"href":"https:\/\/www.caritasne2.org.br\/site\/wp-json\/wp\/v2\/posts\/3910"}],"collection":[{"href":"https:\/\/www.caritasne2.org.br\/site\/wp-json\/wp\/v2\/posts"}],"about":[{"href":"https:\/\/www.caritasne2.org.br\/site\/wp-json\/wp\/v2\/types\/post"}],"author":[{"embeddable":true,"href":"https:\/\/www.caritasne2.org.br\/site\/wp-json\/wp\/v2\/users\/4"}],"replies":[{"embeddable":true,"href":"https:\/\/www.caritasne2.org.br\/site\/wp-json\/wp\/v2\/comments?post=3910"}],"version-history":[{"count":0,"href":"https:\/\/www.caritasne2.org.br\/site\/wp-json\/wp\/v2\/posts\/3910\/revisions"}],"wp:featuredmedia":[{"embeddable":true,"href":"https:\/\/www.caritasne2.org.br\/site\/wp-json\/wp\/v2\/media\/4927"}],"wp:attachment":[{"href":"https:\/\/www.caritasne2.org.br\/site\/wp-json\/wp\/v2\/media?parent=3910"}],"wp:term":[{"taxonomy":"category","embeddable":true,"href":"https:\/\/www.caritasne2.org.br\/site\/wp-json\/wp\/v2\/categories?post=3910"},{"taxonomy":"post_tag","embeddable":true,"href":"https:\/\/www.caritasne2.org.br\/site\/wp-json\/wp\/v2\/tags?post=3910"}],"curies":[{"name":"wp","href":"https:\/\/api.w.org\/{rel}","templated":true}]}}