{"id":3890,"date":"2017-03-17T23:07:15","date_gmt":"2017-03-18T02:07:15","guid":{"rendered":"http:\/\/ne2.caritas.org.br.s174889.gridserver.com\/?p=3890"},"modified":"2017-07-14T10:32:22","modified_gmt":"2017-07-14T13:32:22","slug":"3890","status":"publish","type":"post","link":"https:\/\/www.caritasne2.org.br\/site\/3890\/","title":{"rendered":"Bispo diocesano de Garanhuns visita escrit\u00f3rio da C\u00e1ritas"},"content":{"rendered":"<p>A equipe do escrit\u00f3rio da C\u00e1ritas Brasileira Regional Nordeste 2, lotada em Garanhuns, recebeu, nesta sexta-feira (17\/03), a visita do bispo diocesano Dom Paulo Jackson. Na ocasi\u00e3o, tamb\u00e9m esteve presente o secret\u00e1rio regional, Angelo Zanr\u00e9. O encontro teve como objetivo a apresenta\u00e7\u00e3o das a\u00e7\u00f5es realizadas na linha da conviv\u00eancia com o Semi\u00e1rido, ao longo dos \u00faltimos cinco anos, pelos agentes C\u00e1ritas.<\/p>\n<p>Na ocasi\u00e3o, Dom Paulo externou o desejo de que a <a href=\"http:\/\/www.caritasne2.org.br\/diocese-de-garanhuns-elege-novo-conselho-diretor-fiscal-para-caritas\/\" target=\"_blank\" rel=\"noopener noreferrer\"><strong>C\u00e1ritas Diocesana de Garanhuns<\/strong><\/a>, que, recentemente, teve os trabalhos retomados, a partir da elei\u00e7\u00e3o dos conselhos Diretor e Fiscal, exer\u00e7a, de fato, uma a\u00e7\u00e3o concreta na Diocese, por meio de a\u00e7\u00f5es realizadas e servi\u00e7os sociais prestados.<\/p>\n<p><img decoding=\"async\" loading=\"lazy\" class=\"alignleft size-medium wp-image-4929\" src=\"http:\/\/www.caritasne2.org.br\/wp-content\/uploads\/2017\/03\/20170317_102350-300x168-300x168.jpg\" alt=\"\" width=\"300\" height=\"168\" \/>Desde 2012, a C\u00e1ritas Brasileira Regional Nordeste 2 retomou, na regi\u00e3o da Diocese de Garanhuns, os trabalhos voltados para o acesso h\u00eddrico e a seguran\u00e7a alimentar e nutricional das fam\u00edlias agricultoras. Inicialmente, por meio do Programa Uma Terra e Duas \u00c1guas (P1+2), com foco na \u00e1gua para produ\u00e7\u00e3o de alimentos e cria\u00e7\u00e3o animal, nos munic\u00edpios de Angelim, Bom Conselho, Cal\u00e7ado, Capoeiras, Jucati e Terezinha (PE).<\/p>\n<p>Em 2015, tamb\u00e9m executou, em parceria com o Centro Sabi\u00e1, o Programa Sementes do Semi\u00e1rido, que tem a finalidade principal de organizar fam\u00edlias da zona rural em torno da tem\u00e1tica do resgate e da preserva\u00e7\u00e3o das sementes crioulas. Atualmente, a equipe executa o Programa \u00c1gua Para Todos, que busca garantir o acesso \u00e0 \u00e1gua para o consumo humano para mais de sete mil fam\u00edlias da zona rural de munic\u00edpios da regi\u00e3o.<\/p>\n<p><em>Lidiane Santos | Assessoria de Comunica\u00e7\u00e3o do Regional NE2<br \/>\n<\/em><em>Fotos: Avila Pontes e Jos\u00e9 Quintino Neto<\/em><\/p>\n<ul class=\"ssb_list_wrapper\"><li class=\"fb2\" style=\"width:135px\"><iframe src=\"\/\/www.facebook.com\/plugins\/like.php?href=https%3A%2F%2Fwww.caritasne2.org.br%2Fsite%2F3890%2F&amp;layout=button_count&amp;action=like&amp;show_faces=false&amp;share=true&amp;width=135&amp;height=21&amp;appId=307091639398582\" scrolling=\"no\" frameborder=\"0\" style=\"border:none; overflow:hidden;  width:150px; height:21px;\" allowTransparency=\"true\"><\/iframe><\/li><li class=\"twtr\" style=\"width:90px\"><a href=\"https:\/\/twitter.com\/share\" class=\"twitter-share-button\" data-url=\"https:\/\/www.caritasne2.org.br\/site\/3890\/\">&nbsp;<\/a><script>!function(d,s,id){var js,fjs=d.getElementsByTagName(s)[0],p=\/^http:\/.test(d.location)?'http':'https';if(!d.getElementById(id)){js=d.createElement(s);js.id=id;js.src=p+':\/\/platform.twitter.com\/widgets.js';fjs.parentNode.insertBefore(js,fjs);}}(document, 'script', 'twitter-wjs');<\/script><\/li><li class=\"gplus\" style=\"width:68px\"><div class=\"g-plusone\" data-size=\"medium\" data-href=\"https:\/\/www.caritasne2.org.br\/site\/3890\/\"><\/div><\/li><li class=\"ssb_linkedin\" style=\"width:64px\"><script src=\"\/\/platform.linkedin.com\/in.js\" type=\"text\/javascript\">lang: en_US<\/script><script type=\"IN\/Share\" data-url=\"https:\/\/www.caritasne2.org.br\/site\/3890\/\" data-counter=\"right\"><\/script><\/li><\/ul>","protected":false},"excerpt":{"rendered":"<p>A equipe do escrit\u00f3rio da C\u00e1ritas Brasileira Regional Nordeste 2, lotada em Garanhuns, recebeu, nesta sexta-feira (17\/03), a visita do bispo diocesano Dom Paulo Jackson. Na ocasi\u00e3o, tamb\u00e9m esteve presente o secret\u00e1rio regional, Angelo Zanr\u00e9. O encontro teve como objetivo a apresenta\u00e7\u00e3o das a\u00e7\u00f5es realizadas na linha da conviv\u00eancia com o Semi\u00e1rido, ao longo dos \u00faltimos cinco anos, pelos agentes C\u00e1ritas. Na ocasi\u00e3o, Dom Paulo [&hellip;]<\/p>\n<ul class=\"ssb_list_wrapper\"><li class=\"fb2\" style=\"width:135px\"><iframe src=\"\/\/www.facebook.com\/plugins\/like.php?href=https%3A%2F%2Fwww.caritasne2.org.br%2Fsite%2F3890%2F&amp;layout=button_count&amp;action=like&amp;show_faces=false&amp;share=true&amp;width=135&amp;height=21&amp;appId=307091639398582\" scrolling=\"no\" frameborder=\"0\" style=\"border:none; overflow:hidden;  width:150px; height:21px;\" allowTransparency=\"true\"><\/iframe><\/li><li class=\"twtr\" style=\"width:90px\"><a href=\"https:\/\/twitter.com\/share\" class=\"twitter-share-button\" data-url=\"https:\/\/www.caritasne2.org.br\/site\/3890\/\">&nbsp;<\/a><script>!function(d,s,id){var js,fjs=d.getElementsByTagName(s)[0],p=\/^http:\/.test(d.location)?'http':'https';if(!d.getElementById(id)){js=d.createElement(s);js.id=id;js.src=p+':\/\/platform.twitter.com\/widgets.js';fjs.parentNode.insertBefore(js,fjs);}}(document, 'script', 'twitter-wjs');<\/script><\/li><li class=\"gplus\" style=\"width:68px\"><div class=\"g-plusone\" data-size=\"medium\" data-href=\"https:\/\/www.caritasne2.org.br\/site\/3890\/\"><\/div><\/li><li class=\"ssb_linkedin\" style=\"width:64px\"><script src=\"\/\/platform.linkedin.com\/in.js\" type=\"text\/javascript\">lang: en_US<\/script><script type=\"IN\/Share\" data-url=\"https:\/\/www.caritasne2.org.br\/site\/3890\/\" data-counter=\"right\"><\/script><\/li><\/ul>","protected":false},"author":4,"featured_media":4931,"comment_status":"open","ping_status":"open","sticky":false,"template":"","format":"standard","meta":[],"categories":[72,20],"tags":[870,67,871,872,873],"_links":{"self":[{"href":"https:\/\/www.caritasne2.org.br\/site\/wp-json\/wp\/v2\/posts\/3890"}],"collection":[{"href":"https:\/\/www.caritasne2.org.br\/site\/wp-json\/wp\/v2\/posts"}],"about":[{"href":"https:\/\/www.caritasne2.org.br\/site\/wp-json\/wp\/v2\/types\/post"}],"author":[{"embeddable":true,"href":"https:\/\/www.caritasne2.org.br\/site\/wp-json\/wp\/v2\/users\/4"}],"replies":[{"embeddable":true,"href":"https:\/\/www.caritasne2.org.br\/site\/wp-json\/wp\/v2\/comments?post=3890"}],"version-history":[{"count":0,"href":"https:\/\/www.caritasne2.org.br\/site\/wp-json\/wp\/v2\/posts\/3890\/revisions"}],"wp:featuredmedia":[{"embeddable":true,"href":"https:\/\/www.caritasne2.org.br\/site\/wp-json\/wp\/v2\/media\/4931"}],"wp:attachment":[{"href":"https:\/\/www.caritasne2.org.br\/site\/wp-json\/wp\/v2\/media?parent=3890"}],"wp:term":[{"taxonomy":"category","embeddable":true,"href":"https:\/\/www.caritasne2.org.br\/site\/wp-json\/wp\/v2\/categories?post=3890"},{"taxonomy":"post_tag","embeddable":true,"href":"https:\/\/www.caritasne2.org.br\/site\/wp-json\/wp\/v2\/tags?post=3890"}],"curies":[{"name":"wp","href":"https:\/\/api.w.org\/{rel}","templated":true}]}}