{"id":3871,"date":"2017-03-15T17:35:12","date_gmt":"2017-03-15T20:35:12","guid":{"rendered":"http:\/\/ne2.caritas.org.br.s174889.gridserver.com\/?p=3871"},"modified":"2017-07-14T10:34:35","modified_gmt":"2017-07-14T13:34:35","slug":"ne2-participa-de-acoes-em-defesa-da-previdencia-social","status":"publish","type":"post","link":"https:\/\/www.caritasne2.org.br\/site\/ne2-participa-de-acoes-em-defesa-da-previdencia-social\/","title":{"rendered":"NE2 participa de a\u00e7\u00f5es em defesa da Previd\u00eancia Social"},"content":{"rendered":"<p>Nos \u00faltimos meses, o povo brasileiro viu muitos direitos sociais serem amea\u00e7ados. Em dezembro do ano passado, o Senado Federal aprovou a Proposta de Emenda Constitucional (PEC) 241, que limita os gastos p\u00fablicos, principalmente no que diz respeito aos investimentos nas \u00e1reas de sa\u00fade e educa\u00e7\u00e3o, por um per\u00edodo de 20 anos. Dessa vez, outros dois golpes est\u00e3o em andamento: a Reforma dos Direitos Trabalhistas e, de maneira mais exposta, a Reforma da Previd\u00eancia Social.<\/p>\n<p>A C\u00e1ritas Brasileira Regional Nordeste 2 tem incidido de forma expressiva na luta por nenhum direito a menos. Atrav\u00e9s de mobiliza\u00e7\u00f5es, atos p\u00fablicos e rodas de di\u00e1logos, a Organiza\u00e7\u00e3o afirma o papel social e pol\u00edtico diante de um cen\u00e1rio de amea\u00e7as \u00e0s conquistas que brasileiros e brasileiras est\u00e3o sofrendo.<\/p>\n<p><img decoding=\"async\" loading=\"lazy\" class=\"alignleft size-medium wp-image-4933\" src=\"http:\/\/www.caritasne2.org.br\/wp-content\/uploads\/2017\/03\/Cut-PE-300x199-300x199.jpg\" alt=\"\" width=\"300\" height=\"199\" \/>Nesta quarta-feira (15\/03), agentes C\u00e1ritas somaram-se \u00e0 trabalhadores e trabalhadoras de diversas categorias em um ato p\u00fablico contra a Reforma Previdenci\u00e1ria. A concentra\u00e7\u00e3o da caminhada aconteceu \u00e0s 9h, na Pra\u00e7a Oswaldo Cruz e seguiu pela Avenida Conde da Boa Vista at\u00e9 chegar em frente ao Instituto Nacional de Seguro Social (INSS), na Avenida Dantas Barreto, em Recife. O movimento foi organizado pelas Centrais Sindicais e contou com o apoio do Sindicato de Trabalhadores em Educa\u00e7\u00e3o de Pernambuco (Sintepe).<\/p>\n<p>Para a coordenadora regional do Programa de Economia Popular Solid\u00e1ria, Maria Mafra, a import\u00e2ncia de participar da mobiliza\u00e7\u00e3o diz respeito \u00e0 Miss\u00e3o institucional. \u201cO agente C\u00e1ritas n\u00e3o pode se abster das discuss\u00f5es sociais, ele precisa dar exemplo e ter consci\u00eancia que o mais importante \u00e9 a viv\u00eancia e o testemunho, como dizia Dom H\u00e9lder C\u00e2mara. Em nosso trabalho, realizado na base, buscamos conscientizar as pessoas que elas devem lutar pelos direitos, mas n\u00f3s tamb\u00e9m precisamos busc\u00e1-los. N\u00e3o \u00e9 apenas falar, n\u00e3o \u00e9 s\u00f3 discursar, mas \u00e9 mostrar a import\u00e2ncia da luta e de estar junto com outras organiza\u00e7\u00f5es e movimentos. Por isso, \u00e9 t\u00e3o necess\u00e1rio que os agentes C\u00e1ritas participem ativamente das mobiliza\u00e7\u00f5es sociais\u201d, afirmou.<\/p>\n<p>Outra a\u00e7\u00e3o feita pelo Regional Nordeste 2, na linha de defesa pelo direito \u00e0 aposentadoria, foi realizada no \u00faltimo dia 07, na comunidade do Quati, em Caet\u00e9s (PE), e fez parte da programa\u00e7\u00e3o do Dia Internacional da Mulher. Na ocasi\u00e3o, os agentes C\u00e1ritas, lotados no escrit\u00f3rio em Garanhuns, mobilizaram agricultores e agricultoras para uma palestra sobre os impactos que a PEC 287, que trata da Reforma Previdenci\u00e1ria, pode trazer para a vida do homem e da mulher do campo. A explana\u00e7\u00e3o da tem\u00e1tica foi feita pelo advogado Luciano Torres.<\/p>\n<p><img decoding=\"async\" loading=\"lazy\" class=\"alignright size-medium wp-image-4934\" src=\"http:\/\/www.caritasne2.org.br\/wp-content\/uploads\/2017\/03\/20170307_105545-300x180-300x180.jpg\" alt=\"\" width=\"300\" height=\"180\" \/>\u201cCom a Reforma da Previd\u00eancia, quem mais t\u00eam os direitos roubados s\u00e3o as mulheres, que, caso seja aprovada, passar\u00e3o a se aposentar com 65 anos de idade. Isso \u00e9 injusto, porque n\u00f3s temos uma jornada dupla. Al\u00e9m de trabalhar no campo, tamb\u00e9m somos m\u00e3e, esposa, dona de casa. O futuro \u00e9 incerto. A aposentadoria n\u00e3o \u00e9 apenas um benef\u00edcio econ\u00f4mico, \u00e9 social tamb\u00e9m. Querem roubar nossos direitos e devemos dizer n\u00e3o. Precisamos questionar os pol\u00edticos em que votamos e ficar de olhos abertos\u201d, disse a agricultora Cl\u00e1udia Ferreira, de 25 anos.<\/p>\n<p><strong>PEC 287<\/strong> &#8211; A Reforma Previdenci\u00e1ria prev\u00ea a idade m\u00ednima de 65 anos para aposentadoria de homens e mulheres, que contribu\u00edrem por, no m\u00ednimo, 25 anos. J\u00e1 para ter direito \u00e0 aposentadoria integral ser\u00e1 necess\u00e1rio que o trabalhador e a trabalhadora contribuam por 49 anos corridos, sem interrup\u00e7\u00f5es. Na pr\u00e1tica, isso quer dizer que, se uma pessoa come\u00e7ou a trabalhar com carteira assinada aos 21 anos, ela poder\u00e1 se aposentar aos 70. Al\u00e9m disso, profissionais que exercem atividades perigosas ou insalubres, que, atualmente, t\u00eam direito \u00e0 aposentadoria integral com uma contribui\u00e7\u00e3o de 15 a 25 anos, tamb\u00e9m ser\u00e3o afetados. Dessa forma, eles ficar\u00e3o mais tempo expostos aos riscos. A PEC prev\u00ea ainda muitas outras mudan\u00e7as, no que se refere \u00e0s regras de transi\u00e7\u00e3o, casos de morte, dependentes de pens\u00e3o, entre outras situa\u00e7\u00f5es.<\/p>\n<p><em>Lidiane Santos | Assessoria de Comunica\u00e7\u00e3o do Regional NE2<\/em><\/p>\n<ul class=\"ssb_list_wrapper\"><li class=\"fb2\" style=\"width:135px\"><iframe src=\"\/\/www.facebook.com\/plugins\/like.php?href=https%3A%2F%2Fwww.caritasne2.org.br%2Fsite%2Fne2-participa-de-acoes-em-defesa-da-previdencia-social%2F&amp;layout=button_count&amp;action=like&amp;show_faces=false&amp;share=true&amp;width=135&amp;height=21&amp;appId=307091639398582\" scrolling=\"no\" frameborder=\"0\" style=\"border:none; overflow:hidden;  width:150px; height:21px;\" allowTransparency=\"true\"><\/iframe><\/li><li class=\"twtr\" style=\"width:90px\"><a href=\"https:\/\/twitter.com\/share\" class=\"twitter-share-button\" data-url=\"https:\/\/www.caritasne2.org.br\/site\/ne2-participa-de-acoes-em-defesa-da-previdencia-social\/\">&nbsp;<\/a><script>!function(d,s,id){var js,fjs=d.getElementsByTagName(s)[0],p=\/^http:\/.test(d.location)?'http':'https';if(!d.getElementById(id)){js=d.createElement(s);js.id=id;js.src=p+':\/\/platform.twitter.com\/widgets.js';fjs.parentNode.insertBefore(js,fjs);}}(document, 'script', 'twitter-wjs');<\/script><\/li><li class=\"gplus\" style=\"width:68px\"><div class=\"g-plusone\" data-size=\"medium\" data-href=\"https:\/\/www.caritasne2.org.br\/site\/ne2-participa-de-acoes-em-defesa-da-previdencia-social\/\"><\/div><\/li><li class=\"ssb_linkedin\" style=\"width:64px\"><script src=\"\/\/platform.linkedin.com\/in.js\" type=\"text\/javascript\">lang: en_US<\/script><script type=\"IN\/Share\" data-url=\"https:\/\/www.caritasne2.org.br\/site\/ne2-participa-de-acoes-em-defesa-da-previdencia-social\/\" data-counter=\"right\"><\/script><\/li><\/ul>","protected":false},"excerpt":{"rendered":"<p>Nos \u00faltimos meses, o povo brasileiro viu muitos direitos sociais serem amea\u00e7ados. Em dezembro do ano passado, o Senado Federal aprovou a Proposta de Emenda Constitucional (PEC) 241, que limita os gastos p\u00fablicos, principalmente no que diz respeito aos investimentos nas \u00e1reas de sa\u00fade e educa\u00e7\u00e3o, por um per\u00edodo de 20 anos. Dessa vez, outros dois golpes est\u00e3o em andamento: a Reforma dos Direitos Trabalhistas [&hellip;]<\/p>\n<ul class=\"ssb_list_wrapper\"><li class=\"fb2\" style=\"width:135px\"><iframe src=\"\/\/www.facebook.com\/plugins\/like.php?href=https%3A%2F%2Fwww.caritasne2.org.br%2Fsite%2Fne2-participa-de-acoes-em-defesa-da-previdencia-social%2F&amp;layout=button_count&amp;action=like&amp;show_faces=false&amp;share=true&amp;width=135&amp;height=21&amp;appId=307091639398582\" scrolling=\"no\" frameborder=\"0\" style=\"border:none; overflow:hidden;  width:150px; height:21px;\" allowTransparency=\"true\"><\/iframe><\/li><li class=\"twtr\" style=\"width:90px\"><a href=\"https:\/\/twitter.com\/share\" class=\"twitter-share-button\" data-url=\"https:\/\/www.caritasne2.org.br\/site\/ne2-participa-de-acoes-em-defesa-da-previdencia-social\/\">&nbsp;<\/a><script>!function(d,s,id){var js,fjs=d.getElementsByTagName(s)[0],p=\/^http:\/.test(d.location)?'http':'https';if(!d.getElementById(id)){js=d.createElement(s);js.id=id;js.src=p+':\/\/platform.twitter.com\/widgets.js';fjs.parentNode.insertBefore(js,fjs);}}(document, 'script', 'twitter-wjs');<\/script><\/li><li class=\"gplus\" style=\"width:68px\"><div class=\"g-plusone\" data-size=\"medium\" data-href=\"https:\/\/www.caritasne2.org.br\/site\/ne2-participa-de-acoes-em-defesa-da-previdencia-social\/\"><\/div><\/li><li class=\"ssb_linkedin\" style=\"width:64px\"><script src=\"\/\/platform.linkedin.com\/in.js\" type=\"text\/javascript\">lang: en_US<\/script><script type=\"IN\/Share\" data-url=\"https:\/\/www.caritasne2.org.br\/site\/ne2-participa-de-acoes-em-defesa-da-previdencia-social\/\" data-counter=\"right\"><\/script><\/li><\/ul>","protected":false},"author":4,"featured_media":4936,"comment_status":"open","ping_status":"open","sticky":false,"template":"","format":"standard","meta":[],"categories":[867,20],"tags":[84,67,859,868,869],"_links":{"self":[{"href":"https:\/\/www.caritasne2.org.br\/site\/wp-json\/wp\/v2\/posts\/3871"}],"collection":[{"href":"https:\/\/www.caritasne2.org.br\/site\/wp-json\/wp\/v2\/posts"}],"about":[{"href":"https:\/\/www.caritasne2.org.br\/site\/wp-json\/wp\/v2\/types\/post"}],"author":[{"embeddable":true,"href":"https:\/\/www.caritasne2.org.br\/site\/wp-json\/wp\/v2\/users\/4"}],"replies":[{"embeddable":true,"href":"https:\/\/www.caritasne2.org.br\/site\/wp-json\/wp\/v2\/comments?post=3871"}],"version-history":[{"count":0,"href":"https:\/\/www.caritasne2.org.br\/site\/wp-json\/wp\/v2\/posts\/3871\/revisions"}],"wp:featuredmedia":[{"embeddable":true,"href":"https:\/\/www.caritasne2.org.br\/site\/wp-json\/wp\/v2\/media\/4936"}],"wp:attachment":[{"href":"https:\/\/www.caritasne2.org.br\/site\/wp-json\/wp\/v2\/media?parent=3871"}],"wp:term":[{"taxonomy":"category","embeddable":true,"href":"https:\/\/www.caritasne2.org.br\/site\/wp-json\/wp\/v2\/categories?post=3871"},{"taxonomy":"post_tag","embeddable":true,"href":"https:\/\/www.caritasne2.org.br\/site\/wp-json\/wp\/v2\/tags?post=3871"}],"curies":[{"name":"wp","href":"https:\/\/api.w.org\/{rel}","templated":true}]}}