{"id":3862,"date":"2017-03-13T13:18:17","date_gmt":"2017-03-13T16:18:17","guid":{"rendered":"http:\/\/ne2.caritas.org.br.s174889.gridserver.com\/?p=3862"},"modified":"2017-07-14T10:35:43","modified_gmt":"2017-07-14T13:35:43","slug":"oficina-de-comunicacao-popular-prepara-jovens-camponeses-quilombolas-para-desafios-de-experiencias-campo","status":"publish","type":"post","link":"https:\/\/www.caritasne2.org.br\/site\/oficina-de-comunicacao-popular-prepara-jovens-camponeses-quilombolas-para-desafios-de-experiencias-campo\/","title":{"rendered":"Oficina de Comunica\u00e7\u00e3o Popular prepara jovens camponeses e quilombolas para desafios de experi\u00eancias no campo"},"content":{"rendered":"<p>Com intuito de melhorar a imagem de pobreza e inviabilidades direcionadas \u00e0 regi\u00e3o do Semi\u00e1rido paraibano, a A\u00e7\u00e3o Social Diocesana de Patos (ASDP), atrav\u00e9s do Programa de Promo\u00e7\u00e3o e A\u00e7\u00e3o Comunit\u00e1ria (PROPAC), realizou, neste s\u00e1bado (11\/03), a 3\u00aa Oficina de Comunica\u00e7\u00e3o Popular, que teve o objetivo de sistematizar experi\u00eancias de campo dos grupos acompanhados pela entidade, para que os mesmos desenvolvam um boletim informativo a partir das experi\u00eancias visitadas.<\/p>\n<p>O evento aconteceu no Sal\u00e3o Paroquial de Santa Luzia (PB), das 8h \u00e0s 17h, e contou com a participa\u00e7\u00e3o de 24 jovens camponeses e quilombolas. A oficina, ministrada pelas jornalistas e comunicadoras populares, Renalle Ben\u00edcio e Palloma Pires, tamb\u00e9m contou com o apoio do coordenador do PROPAC, Irenaldo Pereira; do agr\u00f4nomo, Jo\u00e3o Macedo; e dos t\u00e9cnicos de campo, Anselmo Dantas, J\u00fanior Leite e Lielma Xavier.<\/p>\n<p>A a\u00e7\u00e3o teve in\u00edcio com um caf\u00e9 da manh\u00e3 e, em seguida, Renale Ben\u00edcio apresentou, aos jovens, t\u00e9cnicas b\u00e1sicas de comunica\u00e7\u00e3o, como colher informa\u00e7\u00f5es, entrevistar, produzir textos, fechando a apresenta\u00e7\u00e3o sobre fotografia. Palloma Pires deu dicas fundamentais aos grupos, que foram divididos em redatores, rep\u00f3rter e fot\u00f3grafos (as).<\/p>\n<p>A primeira experi\u00eancia visitada foi na comunidade de Riacho da Serra, da fam\u00edlia de agricultores Mario Virgin\u00edo, Dinha e Luzia, onde o solo est\u00e1 bastante degradado. J\u00e1 os agricultores Heleno e Dona Branca, da comunidade Lagoa do Brejinho, mostrou t\u00e9cnicas de recupera\u00e7\u00e3o do solo j\u00e1 utilizadas h\u00e1 anos pelos agricultores, utilizam a curva de n\u00edvel no terreno com plantas nativas, como o agave e a palma, interligando pinheira e algod\u00e3o, combatendo assim a eros\u00e3o, aumentando os nutrientes do solo. Al\u00e9m dessa t\u00e9cnica, seu Heleno tamb\u00e9m mostrou as barragens feitas com pedras secas, que come\u00e7aram a serem constru\u00eddas, em 1974, com agave e ramos de mato para o melhoramento das estradas.<\/p>\n<p>A \u00faltima experi\u00eancia visitada foi da fam\u00edlia Garc\u00eda, da comunidade Penedo, que se d\u00e1 tamb\u00e9m atrav\u00e9s do uso de pedras em curvas de n\u00edveis e barragens de pedras secas, que prendem a mat\u00e9ria org\u00e2nica e sementes, que s\u00e3o utilizadas para a alimenta\u00e7\u00e3o animal. Muitos agricultores aprenderam essas pr\u00e1ticas em visitas de interc\u00e2mbios a outros agricultores e orienta\u00e7\u00f5es t\u00e9cnicas do consultor e agr\u00f4nomo do Instituto Interamericano de Coopera\u00e7\u00e3o para a Agricultura (IICA), Jo\u00e3o Macedo, junto a equipe do Programa de Promo\u00e7\u00e3o e A\u00e7\u00e3o Comunit\u00e1ria (PROPAC).<\/p>\n<p><em>Por Palloma Pires | Comunicadora Popular da A\u00e7\u00e3o Social Diocesana de Patos\u00a0<\/em><\/p>\n<ul class=\"ssb_list_wrapper\"><li class=\"fb2\" style=\"width:135px\"><iframe src=\"\/\/www.facebook.com\/plugins\/like.php?href=https%3A%2F%2Fwww.caritasne2.org.br%2Fsite%2Foficina-de-comunicacao-popular-prepara-jovens-camponeses-quilombolas-para-desafios-de-experiencias-campo%2F&amp;layout=button_count&amp;action=like&amp;show_faces=false&amp;share=true&amp;width=135&amp;height=21&amp;appId=307091639398582\" scrolling=\"no\" frameborder=\"0\" style=\"border:none; overflow:hidden;  width:150px; height:21px;\" allowTransparency=\"true\"><\/iframe><\/li><li class=\"twtr\" style=\"width:90px\"><a href=\"https:\/\/twitter.com\/share\" class=\"twitter-share-button\" data-url=\"https:\/\/www.caritasne2.org.br\/site\/oficina-de-comunicacao-popular-prepara-jovens-camponeses-quilombolas-para-desafios-de-experiencias-campo\/\">&nbsp;<\/a><script>!function(d,s,id){var js,fjs=d.getElementsByTagName(s)[0],p=\/^http:\/.test(d.location)?'http':'https';if(!d.getElementById(id)){js=d.createElement(s);js.id=id;js.src=p+':\/\/platform.twitter.com\/widgets.js';fjs.parentNode.insertBefore(js,fjs);}}(document, 'script', 'twitter-wjs');<\/script><\/li><li class=\"gplus\" style=\"width:68px\"><div class=\"g-plusone\" data-size=\"medium\" data-href=\"https:\/\/www.caritasne2.org.br\/site\/oficina-de-comunicacao-popular-prepara-jovens-camponeses-quilombolas-para-desafios-de-experiencias-campo\/\"><\/div><\/li><li class=\"ssb_linkedin\" style=\"width:64px\"><script src=\"\/\/platform.linkedin.com\/in.js\" type=\"text\/javascript\">lang: en_US<\/script><script type=\"IN\/Share\" data-url=\"https:\/\/www.caritasne2.org.br\/site\/oficina-de-comunicacao-popular-prepara-jovens-camponeses-quilombolas-para-desafios-de-experiencias-campo\/\" data-counter=\"right\"><\/script><\/li><\/ul>","protected":false},"excerpt":{"rendered":"<p>Com intuito de melhorar a imagem de pobreza e inviabilidades direcionadas \u00e0 regi\u00e3o do Semi\u00e1rido paraibano, a A\u00e7\u00e3o Social Diocesana de Patos (ASDP), atrav\u00e9s do Programa de Promo\u00e7\u00e3o e A\u00e7\u00e3o Comunit\u00e1ria (PROPAC), realizou, neste s\u00e1bado (11\/03), a 3\u00aa Oficina de Comunica\u00e7\u00e3o Popular, que teve o objetivo de sistematizar experi\u00eancias de campo dos grupos acompanhados pela entidade, para que os mesmos desenvolvam um boletim informativo a [&hellip;]<\/p>\n<ul class=\"ssb_list_wrapper\"><li class=\"fb2\" style=\"width:135px\"><iframe src=\"\/\/www.facebook.com\/plugins\/like.php?href=https%3A%2F%2Fwww.caritasne2.org.br%2Fsite%2Foficina-de-comunicacao-popular-prepara-jovens-camponeses-quilombolas-para-desafios-de-experiencias-campo%2F&amp;layout=button_count&amp;action=like&amp;show_faces=false&amp;share=true&amp;width=135&amp;height=21&amp;appId=307091639398582\" scrolling=\"no\" frameborder=\"0\" style=\"border:none; overflow:hidden;  width:150px; height:21px;\" allowTransparency=\"true\"><\/iframe><\/li><li class=\"twtr\" style=\"width:90px\"><a href=\"https:\/\/twitter.com\/share\" class=\"twitter-share-button\" data-url=\"https:\/\/www.caritasne2.org.br\/site\/oficina-de-comunicacao-popular-prepara-jovens-camponeses-quilombolas-para-desafios-de-experiencias-campo\/\">&nbsp;<\/a><script>!function(d,s,id){var js,fjs=d.getElementsByTagName(s)[0],p=\/^http:\/.test(d.location)?'http':'https';if(!d.getElementById(id)){js=d.createElement(s);js.id=id;js.src=p+':\/\/platform.twitter.com\/widgets.js';fjs.parentNode.insertBefore(js,fjs);}}(document, 'script', 'twitter-wjs');<\/script><\/li><li class=\"gplus\" style=\"width:68px\"><div class=\"g-plusone\" data-size=\"medium\" data-href=\"https:\/\/www.caritasne2.org.br\/site\/oficina-de-comunicacao-popular-prepara-jovens-camponeses-quilombolas-para-desafios-de-experiencias-campo\/\"><\/div><\/li><li class=\"ssb_linkedin\" style=\"width:64px\"><script src=\"\/\/platform.linkedin.com\/in.js\" type=\"text\/javascript\">lang: en_US<\/script><script type=\"IN\/Share\" data-url=\"https:\/\/www.caritasne2.org.br\/site\/oficina-de-comunicacao-popular-prepara-jovens-camponeses-quilombolas-para-desafios-de-experiencias-campo\/\" data-counter=\"right\"><\/script><\/li><\/ul>","protected":false},"author":4,"featured_media":4938,"comment_status":"open","ping_status":"open","sticky":false,"template":"","format":"standard","meta":[],"categories":[20,462],"tags":[786,864,865,169,244,146],"_links":{"self":[{"href":"https:\/\/www.caritasne2.org.br\/site\/wp-json\/wp\/v2\/posts\/3862"}],"collection":[{"href":"https:\/\/www.caritasne2.org.br\/site\/wp-json\/wp\/v2\/posts"}],"about":[{"href":"https:\/\/www.caritasne2.org.br\/site\/wp-json\/wp\/v2\/types\/post"}],"author":[{"embeddable":true,"href":"https:\/\/www.caritasne2.org.br\/site\/wp-json\/wp\/v2\/users\/4"}],"replies":[{"embeddable":true,"href":"https:\/\/www.caritasne2.org.br\/site\/wp-json\/wp\/v2\/comments?post=3862"}],"version-history":[{"count":0,"href":"https:\/\/www.caritasne2.org.br\/site\/wp-json\/wp\/v2\/posts\/3862\/revisions"}],"wp:featuredmedia":[{"embeddable":true,"href":"https:\/\/www.caritasne2.org.br\/site\/wp-json\/wp\/v2\/media\/4938"}],"wp:attachment":[{"href":"https:\/\/www.caritasne2.org.br\/site\/wp-json\/wp\/v2\/media?parent=3862"}],"wp:term":[{"taxonomy":"category","embeddable":true,"href":"https:\/\/www.caritasne2.org.br\/site\/wp-json\/wp\/v2\/categories?post=3862"},{"taxonomy":"post_tag","embeddable":true,"href":"https:\/\/www.caritasne2.org.br\/site\/wp-json\/wp\/v2\/tags?post=3862"}],"curies":[{"name":"wp","href":"https:\/\/api.w.org\/{rel}","templated":true}]}}