{"id":3837,"date":"2017-03-13T13:13:48","date_gmt":"2017-03-13T16:13:48","guid":{"rendered":"http:\/\/ne2.caritas.org.br.s174889.gridserver.com\/?p=3837"},"modified":"2017-07-14T10:37:53","modified_gmt":"2017-07-14T13:37:53","slug":"agentes-caritas-de-alagoas-planejam-acoes-de-2017","status":"publish","type":"post","link":"https:\/\/www.caritasne2.org.br\/site\/agentes-caritas-de-alagoas-planejam-acoes-de-2017\/","title":{"rendered":"Agentes C\u00e1ritas de Alagoas planejam a\u00e7\u00f5es de 2017"},"content":{"rendered":"<p>As tr\u00eas organiza\u00e7\u00f5es-membros da Rede C\u00e1ritas em Alagoas estiveram reunidas, no \u00faltimo s\u00e1bado (11), para planejar atividades conjuntas para o ano de 2017. O evento ocorreu na sede da C\u00e1ritas Diocesana de Palmeira dos \u00cdndios, no sert\u00e3o alagoano.<\/p>\n<p>A partir do novo Marco Referencial da C\u00e1ritas Brasileira e do POA do Regional NE2 2017, os agentes C\u00e1ritas reconheceram as prioridades e elaboraram uma programa\u00e7\u00e3o que tem como objetivo fortalecer a Rede no Estado. Segundo a coordenadora regional de Economia Solid\u00e1ria, Maria Mafra, presente na ocasi\u00e3o, os encaminhamentos do encontro est\u00e3o alinhados com as propostas nacional e regional. &#8220;As organiza\u00e7\u00f5es de Alagoas conseguiram captar a ideia de partilhar as experi\u00eancias e assim ajudarem umas as outras na busca de solu\u00e7\u00f5es para as fragilidades&#8221;, destacou.<\/p>\n<p>Neste ano, uma das atividades do F\u00f3rum Estadual \u00e9 a realiza\u00e7\u00e3o de uma Feira de Empreendimentos de Economia Solid\u00e1ria, prevista para os dias 08, 09 e 10 de novembro de 2017, durante a Semana da Solidariedade.<\/p>\n<p><strong><img decoding=\"async\" loading=\"lazy\" class=\"alignright size-medium wp-image-4939\" src=\"http:\/\/www.caritasne2.org.br\/wp-content\/uploads\/2017\/03\/WhatsApp-Image-2017-03-10-at-21.46.011-300x169.jpeg\" alt=\"\" width=\"300\" height=\"169\" srcset=\"https:\/\/www.caritasne2.org.br\/site\/wp-content\/uploads\/2017\/03\/WhatsApp-Image-2017-03-10-at-21.46.011-300x169.jpeg 300w, https:\/\/www.caritasne2.org.br\/site\/wp-content\/uploads\/2017\/03\/WhatsApp-Image-2017-03-10-at-21.46.011-768x432.jpeg 768w, https:\/\/www.caritasne2.org.br\/site\/wp-content\/uploads\/2017\/03\/WhatsApp-Image-2017-03-10-at-21.46.011-1024x576.jpeg 1024w, https:\/\/www.caritasne2.org.br\/site\/wp-content\/uploads\/2017\/03\/WhatsApp-Image-2017-03-10-at-21.46.011-588x330.jpeg 588w, https:\/\/www.caritasne2.org.br\/site\/wp-content\/uploads\/2017\/03\/WhatsApp-Image-2017-03-10-at-21.46.011.jpeg 1280w\" sizes=\"(max-width: 300px) 100vw, 300px\" \/>Visita<\/strong><\/p>\n<p>No dia anterior ao planejamento (10), a coordenadora regional de EPS e agentes da C\u00e1ritas Arquidiocesana de Macei\u00f3 estiveram com tr\u00eas grupos de Economia Solid\u00e1ria da cidade. Os empreendimentos produzem pe\u00e7as de artesanato, como a renda tipo fil\u00e9, e fardamentos por encomenda.<\/p>\n<p><em>Por Wagner Cesario | Assessoria de Comunica\u00e7\u00e3o do Regional NE2, com informa\u00e7\u00f5es do F\u00f3rum C\u00e1ritas Alagoas<\/em><\/p>\n<ul class=\"ssb_list_wrapper\"><li class=\"fb2\" style=\"width:135px\"><iframe src=\"\/\/www.facebook.com\/plugins\/like.php?href=https%3A%2F%2Fwww.caritasne2.org.br%2Fsite%2Fagentes-caritas-de-alagoas-planejam-acoes-de-2017%2F&amp;layout=button_count&amp;action=like&amp;show_faces=false&amp;share=true&amp;width=135&amp;height=21&amp;appId=307091639398582\" scrolling=\"no\" frameborder=\"0\" style=\"border:none; overflow:hidden;  width:150px; height:21px;\" allowTransparency=\"true\"><\/iframe><\/li><li class=\"twtr\" style=\"width:90px\"><a href=\"https:\/\/twitter.com\/share\" class=\"twitter-share-button\" data-url=\"https:\/\/www.caritasne2.org.br\/site\/agentes-caritas-de-alagoas-planejam-acoes-de-2017\/\">&nbsp;<\/a><script>!function(d,s,id){var js,fjs=d.getElementsByTagName(s)[0],p=\/^http:\/.test(d.location)?'http':'https';if(!d.getElementById(id)){js=d.createElement(s);js.id=id;js.src=p+':\/\/platform.twitter.com\/widgets.js';fjs.parentNode.insertBefore(js,fjs);}}(document, 'script', 'twitter-wjs');<\/script><\/li><li class=\"gplus\" style=\"width:68px\"><div class=\"g-plusone\" data-size=\"medium\" data-href=\"https:\/\/www.caritasne2.org.br\/site\/agentes-caritas-de-alagoas-planejam-acoes-de-2017\/\"><\/div><\/li><li class=\"ssb_linkedin\" style=\"width:64px\"><script src=\"\/\/platform.linkedin.com\/in.js\" type=\"text\/javascript\">lang: en_US<\/script><script type=\"IN\/Share\" data-url=\"https:\/\/www.caritasne2.org.br\/site\/agentes-caritas-de-alagoas-planejam-acoes-de-2017\/\" data-counter=\"right\"><\/script><\/li><\/ul>","protected":false},"excerpt":{"rendered":"<p>As tr\u00eas organiza\u00e7\u00f5es-membros da Rede C\u00e1ritas em Alagoas estiveram reunidas, no \u00faltimo s\u00e1bado (11), para planejar atividades conjuntas para o ano de 2017. O evento ocorreu na sede da C\u00e1ritas Diocesana de Palmeira dos \u00cdndios, no sert\u00e3o alagoano. A partir do novo Marco Referencial da C\u00e1ritas Brasileira e do POA do Regional NE2 2017, os agentes C\u00e1ritas reconheceram as prioridades e elaboraram uma programa\u00e7\u00e3o que [&hellip;]<\/p>\n<ul class=\"ssb_list_wrapper\"><li class=\"fb2\" style=\"width:135px\"><iframe src=\"\/\/www.facebook.com\/plugins\/like.php?href=https%3A%2F%2Fwww.caritasne2.org.br%2Fsite%2Fagentes-caritas-de-alagoas-planejam-acoes-de-2017%2F&amp;layout=button_count&amp;action=like&amp;show_faces=false&amp;share=true&amp;width=135&amp;height=21&amp;appId=307091639398582\" scrolling=\"no\" frameborder=\"0\" style=\"border:none; overflow:hidden;  width:150px; height:21px;\" allowTransparency=\"true\"><\/iframe><\/li><li class=\"twtr\" style=\"width:90px\"><a href=\"https:\/\/twitter.com\/share\" class=\"twitter-share-button\" data-url=\"https:\/\/www.caritasne2.org.br\/site\/agentes-caritas-de-alagoas-planejam-acoes-de-2017\/\">&nbsp;<\/a><script>!function(d,s,id){var js,fjs=d.getElementsByTagName(s)[0],p=\/^http:\/.test(d.location)?'http':'https';if(!d.getElementById(id)){js=d.createElement(s);js.id=id;js.src=p+':\/\/platform.twitter.com\/widgets.js';fjs.parentNode.insertBefore(js,fjs);}}(document, 'script', 'twitter-wjs');<\/script><\/li><li class=\"gplus\" style=\"width:68px\"><div class=\"g-plusone\" data-size=\"medium\" data-href=\"https:\/\/www.caritasne2.org.br\/site\/agentes-caritas-de-alagoas-planejam-acoes-de-2017\/\"><\/div><\/li><li class=\"ssb_linkedin\" style=\"width:64px\"><script src=\"\/\/platform.linkedin.com\/in.js\" type=\"text\/javascript\">lang: en_US<\/script><script type=\"IN\/Share\" data-url=\"https:\/\/www.caritasne2.org.br\/site\/agentes-caritas-de-alagoas-planejam-acoes-de-2017\/\" data-counter=\"right\"><\/script><\/li><\/ul>","protected":false},"author":4,"featured_media":4941,"comment_status":"open","ping_status":"open","sticky":false,"template":"","format":"standard","meta":[],"categories":[20,466],"tags":[46,67,245,817,655],"_links":{"self":[{"href":"https:\/\/www.caritasne2.org.br\/site\/wp-json\/wp\/v2\/posts\/3837"}],"collection":[{"href":"https:\/\/www.caritasne2.org.br\/site\/wp-json\/wp\/v2\/posts"}],"about":[{"href":"https:\/\/www.caritasne2.org.br\/site\/wp-json\/wp\/v2\/types\/post"}],"author":[{"embeddable":true,"href":"https:\/\/www.caritasne2.org.br\/site\/wp-json\/wp\/v2\/users\/4"}],"replies":[{"embeddable":true,"href":"https:\/\/www.caritasne2.org.br\/site\/wp-json\/wp\/v2\/comments?post=3837"}],"version-history":[{"count":0,"href":"https:\/\/www.caritasne2.org.br\/site\/wp-json\/wp\/v2\/posts\/3837\/revisions"}],"wp:featuredmedia":[{"embeddable":true,"href":"https:\/\/www.caritasne2.org.br\/site\/wp-json\/wp\/v2\/media\/4941"}],"wp:attachment":[{"href":"https:\/\/www.caritasne2.org.br\/site\/wp-json\/wp\/v2\/media?parent=3837"}],"wp:term":[{"taxonomy":"category","embeddable":true,"href":"https:\/\/www.caritasne2.org.br\/site\/wp-json\/wp\/v2\/categories?post=3837"},{"taxonomy":"post_tag","embeddable":true,"href":"https:\/\/www.caritasne2.org.br\/site\/wp-json\/wp\/v2\/tags?post=3837"}],"curies":[{"name":"wp","href":"https:\/\/api.w.org\/{rel}","templated":true}]}}