{"id":3830,"date":"2017-03-13T12:27:36","date_gmt":"2017-03-13T15:27:36","guid":{"rendered":"http:\/\/ne2.caritas.org.br.s174889.gridserver.com\/?p=3830"},"modified":"2017-07-11T15:16:06","modified_gmt":"2017-07-11T18:16:06","slug":"violencia-contra-mulheres-mobiliza-ne2","status":"publish","type":"post","link":"https:\/\/www.caritasne2.org.br\/site\/violencia-contra-mulheres-mobiliza-ne2\/","title":{"rendered":"Viol\u00eancia contra as mulheres mobiliza NE2"},"content":{"rendered":"<p>Pelo fim da viol\u00eancia contra as mulheres. Nenhum direito a menos! Esse \u00e9 mote da bandeira que a C\u00e1ritas Brasileira levou \u00e0s ruas na \u00faltima quarta-feira (8), Dia Internacional da Mulher. Em todo pa\u00eds, diversas organiza\u00e7\u00f5es membros da Rede C\u00e1ritas se prepararam para protestar contra o feminic\u00eddio, as desigualdades e toda forma de viol\u00eancia contra as mulheres.<\/p>\n<p>Como gesto concreto de luta, a C\u00e1ritas Brasileira aderiu \u00e0 Greve Internacional das Mulheres, movimento organizado em v\u00e1rios pa\u00edses em prol dos direitos femininos. A proposta da paraliza\u00e7\u00e3o \u00e9 para que as mulheres se ausentem das suas atividades do dia a dia, como as sociais, profissionais e servi\u00e7os dom\u00e9sticos, a fim de ocupar as ruas e os espa\u00e7os de manifesta\u00e7\u00f5es nos territ\u00f3rios de atua\u00e7\u00e3o.<\/p>\n<p>No Regional Nordeste 2, v\u00e1rias iniciativas foram realizadas nos quatro estados que comp\u00f5em a Rede, com o objetivo de fortalecer essa mobiliza\u00e7\u00e3o social.<\/p>\n<p><strong>PERNAMBUCO<\/strong><\/p>\n<p>Recife |<br \/>\nNa capital pernambucana, local da sede do Regional Nordeste 2, as mulheres n\u00e3o trabalharam pela manh\u00e3, uma vez que a paraliza\u00e7\u00e3o tamb\u00e9m foi aderida por este Secretariado. No per\u00edodo da tarde, todos os agentes C\u00e1ritas se reuniram para uma roda de di\u00e1logos, a partir da reflex\u00e3o sobre os diversos contextos sociais em que as mulheres est\u00e3o inseridas. Ap\u00f3s este momento, a equipe seguiu para participar de um ato p\u00fablico. A concentra\u00e7\u00e3o foi no Parque 13 de Maio, no bairro da Boa Vista, seguindo em caminhada pela Avenida Conde da Boa Vista at\u00e9 chegar \u00e0 Pra\u00e7a do Derby.<\/p>\n<p>Caet\u00e9s|<br \/>\n<a href=\"http:\/\/ne2.caritas.org.br.s174889.gridserver.com\/2017\/03\/13\/violencia-contra-mulheres-mobiliza-ne2\/20170307_103243-2\/\" rel=\"attachment wp-att-3835\"><img decoding=\"async\" loading=\"lazy\" class=\"alignright size-medium wp-image-3835\" title=\"20170307_103243\" src=\"http:\/\/ne2.caritas.org.br.s174889.gridserver.com\/wp-content\/uploads\/2017\/03\/20170307_1032431-300x180.jpg\" alt=\"\" width=\"300\" height=\"180\" \/><\/a>Na comunidade Quati, zona rural do munic\u00edpio de Caet\u00e9s, no Agreste Meridional de Pernambuco, a equipe do Secretariado Regional, lotada em Garanhuns, promoveu na manh\u00e3 da \u00faltima ter\u00e7a-feira (07), na Escola Municipal Ant\u00f4nio Zacarias, um momento dedicado \u00e0s mulheres agricultoras, que foram contempladas pelo Programa \u00c1gua Para Todos. Al\u00e9m da encena\u00e7\u00e3o teatral que abordou as conquistas dos direitos das mulheres, a a\u00e7\u00e3o contou com uma palestra sobre os impactos da Reforma Previdenci\u00e1ria. Al\u00e9m disso, foram oferecidos servi\u00e7os na \u00e1rea de sa\u00fade. Por conta do hor\u00e1rio, a oficina em Decoupage em Garrafas de Vidro foi adiada para o pr\u00f3ximo dia 17 e ser\u00e1 realizada no mesmo local. Ap\u00f3s fazer uma breve contextualiza\u00e7\u00e3o sobre o dia 08 de mar\u00e7o, a coordenadora regional do Programa de Conviv\u00eancia com o Semi\u00e1rido (PCSA), Flavianeide Pereira, agradeceu a participa\u00e7\u00e3o de cada mulher que participou da a\u00e7\u00e3o e destacou o compromisso com que cada uma tem com a luta. &#8220;O Dia Internacional da Mulher surgiu a partir do momento em que mulheres e homens perceberam que precisavam ir \u00e0s ruas, para dizer a todos e todas que o p\u00fablico feminino tem tantos direitos quanto o masculino e que, ambos, s\u00e3o importantes na sociedade&#8221;, afirmou.<\/p>\n<p>Pesqueira |<br \/>\nTamb\u00e9m no Agreste pernambucano, a C\u00e1ritas Diocesana de Pesqueira, o Sindicato dos Trabalhadores Rurais (STR) e o Centro de Apoio ao Pequeno Produtor Rural (Cedapp), realizaram, em Pesqueira (PE), atividades em alus\u00e3o \u00e0 Greve Internacional. Na ocasi\u00e3o, cerca de 60 mulheres participaram deste momento, que teve in\u00edcio com um debate no STR contra a nova reforma da Previd\u00eancia. Tamb\u00e9m houve uma pe\u00e7a teatral com fantoches, narrando uma hist\u00f3ria de viol\u00eancia contra a mulher.<\/p>\n<p><strong>RIO GRANDE DO NORTE<\/strong><\/p>\n<p>Caic\u00f3|<br \/>\nA 2\u00aa Marcha das Margaridas do Serid\u00f3 foi realizada com o tema \u201cMulheres contra a Reforma da Previd\u00eancia. N\u00e3o a PEC 287\u201d. A concentra\u00e7\u00e3o do evento ocorreu no Sindicato de Trabalhadores\/as Rurais de Caic\u00f3, no per\u00edodo da manh\u00e3. Agentes da C\u00e1ritas Diocesana de Caic\u00f3 participaram da equipe de organiza\u00e7\u00e3o do evento, que reuniu mulheres de todos os munic\u00edpios da regi\u00e3o. A C\u00e1ritas tamb\u00e9m saiu \u00e0s ruas em ades\u00e3o \u00e0 greve internacional.<\/p>\n<p>Ipangua\u00e7u|<br \/>\nA C\u00e1ritas Paroquial de Ipangua\u00e7u, no Rio Grande do Norte, promoveu uma Roda de Di\u00e1logos, na \u00faltima quarta-feira, \u00e0 noite, na sede da Obra Inf\u00e2ncia, Adolesc\u00eancia e Juventude Mission\u00e1ria (IAJM), em Ipangua\u00e7u (RN). Assistentes sociais, psic\u00f3logas e advogados discutiram sobre os impactos da reforma da Previd\u00eancia.<\/p>\n<p>Pureza|<br \/>\nMulheres e homens tamb\u00e9m se reuniram, em Pureza (RN), para participar de um momento de espiritualidade em celebra\u00e7\u00e3o ao Dia da Mulher. A atividade foi promovida pela C\u00e1ritas Paroquial de Pureza com apoio da Pastoral da Crian\u00e7a, foi realizada na capela S\u00e3o Jo\u00e3o Batista, na comunidade Nova Descoberta. O padre Sidney Firmino conduziu esse momento. Na ocasi\u00e3o, tamb\u00e9m houve um espa\u00e7o para reflex\u00e3o sobre o tema \u201cViol\u00eancia contra a mulher\u201d. Na oportunidade, a psic\u00f3loga Maria Ver\u00f4nica Costa, fez um recorte detalhando alguns artigos da Lei Maria da Penha. Al\u00e9m de din\u00e2micas, sorteio de brindes e um lanche para encerrar as atividades. Segundo Maria de F\u00e1tima, volunt\u00e1ria na C\u00e1ritas Paroquial e uma das respons\u00e1veis pela coordena\u00e7\u00e3o do evento, a foram recebidas cerca de 50 pessoas. \u201cConvidamos homens e mulheres de toda comunidade. \u00c9 muito importante que todos estejam envolvidos nessa luta contra a viol\u00eancia\u201d, diz.<\/p>\n<p><strong>ALAGOAS<\/strong><\/p>\n<p>Palmeira dos \u00cdndios |<br \/>\nPela manh\u00e3, agentes da C\u00e1ritas Diocesana de Palmeira dos \u00cdndios, em Alagoas, realizaram uma mobiliza\u00e7\u00e3o na Pra\u00e7a da Independ\u00eancia, no centro da cidade. A a\u00e7\u00e3o teve o objetivo de lutar pela conscientiza\u00e7\u00e3o pelo protagonismo da mulher e pela busca da equidade, al\u00e9m da distribui\u00e7\u00e3o de lembran\u00e7as. Na ocasi\u00e3o, foi realizada uma interven\u00e7\u00e3o pelo Sindicato de Lojistas do Com\u00e9rcio de Bens e Servi\u00e7os, a fim de abordar a campanha #NenhumDireitoAMenos, com cartazes e panfletos. No per\u00edodo da tarde, a C\u00e1ritas Diocesana de Palmeira dos \u00cdndios participou de outras comemora\u00e7\u00f5es pelo Dia Internacional da Mulher, que foram promovidas pelo Governo Municipal, a partir de trabalhos realizados por artes\u00e3os locais.<\/p>\n<p><strong>PARA\u00cdBA<\/strong><\/p>\n<p><a href=\"http:\/\/ne2.caritas.org.br.s174889.gridserver.com\/2017\/03\/13\/violencia-contra-mulheres-mobiliza-ne2\/patos-2\/\" rel=\"attachment wp-att-3849\"><img decoding=\"async\" loading=\"lazy\" class=\"alignleft size-medium wp-image-3849\" title=\"Patos\" src=\"http:\/\/ne2.caritas.org.br.s174889.gridserver.com\/wp-content\/uploads\/2017\/03\/Patos1-300x229.jpg\" alt=\"\" width=\"300\" height=\"229\" \/><\/a>Patos |<br \/>\nA reivindica\u00e7\u00e3o por igualdade, direitos e contra a Reforma da Previd\u00eancia motivaram a realiza\u00e7\u00e3o de uma caminhada pelas ruas da cidade de Patos. Al\u00e9m da A\u00e7\u00e3o Social Diocesana de Patos (ASDP), institui\u00e7\u00f5es de ensino, igrejas, organiza\u00e7\u00f5es da sociedade civil e representa\u00e7\u00e3oes do governo tamb\u00e9m participaram do evento. \u00a0De acordo com a integrante da ASDP, Genilda Carvalho, a realiza\u00e7\u00e3o da atividade marcou mais uma conquista, bem como a import\u00e2ncia que o ato desempenhou diante da popula\u00e7\u00e3o patoense. \u201cEstamos todos aqui reunidas em prol de mais igualdade e justi\u00e7a. Esse ato \u00e9 sem d\u00favidas de grande import\u00e2ncia para a cidade\u201d, falou Genilda.<\/p>\n<p>Cajazeiras |<br \/>\nUma caminhada foi organizada, no munic\u00edpio de Cajazeiras, em parceria com a Secretaria Municipal das Mulheres. De acordo com a articuladora regional, Cibele Martins, o objetivo da mobiliza\u00e7\u00e3o foi reunir for\u00e7as contra o sistema marchista que predomina atualmente. &#8220;O nosso grito \u00e9 pela vida e pelo respeito&#8221;, concluiu.<\/p>\n<p>&nbsp;<\/p>\n<p><em>Por Kilma Ferreira e Lidiane Santos | Assessoria de Comunica\u00e7\u00e3o do Regional NE2<\/em><\/p>\n<ul class=\"ssb_list_wrapper\"><li class=\"fb2\" style=\"width:135px\"><iframe src=\"\/\/www.facebook.com\/plugins\/like.php?href=https%3A%2F%2Fwww.caritasne2.org.br%2Fsite%2Fviolencia-contra-mulheres-mobiliza-ne2%2F&amp;layout=button_count&amp;action=like&amp;show_faces=false&amp;share=true&amp;width=135&amp;height=21&amp;appId=307091639398582\" scrolling=\"no\" frameborder=\"0\" style=\"border:none; overflow:hidden;  width:150px; height:21px;\" allowTransparency=\"true\"><\/iframe><\/li><li class=\"twtr\" style=\"width:90px\"><a href=\"https:\/\/twitter.com\/share\" class=\"twitter-share-button\" data-url=\"https:\/\/www.caritasne2.org.br\/site\/violencia-contra-mulheres-mobiliza-ne2\/\">&nbsp;<\/a><script>!function(d,s,id){var js,fjs=d.getElementsByTagName(s)[0],p=\/^http:\/.test(d.location)?'http':'https';if(!d.getElementById(id)){js=d.createElement(s);js.id=id;js.src=p+':\/\/platform.twitter.com\/widgets.js';fjs.parentNode.insertBefore(js,fjs);}}(document, 'script', 'twitter-wjs');<\/script><\/li><li class=\"gplus\" style=\"width:68px\"><div class=\"g-plusone\" data-size=\"medium\" data-href=\"https:\/\/www.caritasne2.org.br\/site\/violencia-contra-mulheres-mobiliza-ne2\/\"><\/div><\/li><li class=\"ssb_linkedin\" style=\"width:64px\"><script src=\"\/\/platform.linkedin.com\/in.js\" type=\"text\/javascript\">lang: en_US<\/script><script type=\"IN\/Share\" data-url=\"https:\/\/www.caritasne2.org.br\/site\/violencia-contra-mulheres-mobiliza-ne2\/\" data-counter=\"right\"><\/script><\/li><\/ul>","protected":false},"excerpt":{"rendered":"<p>Pelo fim da viol\u00eancia contra as mulheres. Nenhum direito a menos! Esse \u00e9 mote da bandeira que a C\u00e1ritas Brasileira levou \u00e0s ruas na \u00faltima quarta-feira (8), Dia Internacional da Mulher. Em todo pa\u00eds, diversas organiza\u00e7\u00f5es membros da Rede C\u00e1ritas se prepararam para protestar contra o feminic\u00eddio, as desigualdades e toda forma de viol\u00eancia contra as mulheres. Como gesto concreto de luta, a C\u00e1ritas Brasileira [&hellip;]<\/p>\n<ul class=\"ssb_list_wrapper\"><li class=\"fb2\" style=\"width:135px\"><iframe src=\"\/\/www.facebook.com\/plugins\/like.php?href=https%3A%2F%2Fwww.caritasne2.org.br%2Fsite%2Fviolencia-contra-mulheres-mobiliza-ne2%2F&amp;layout=button_count&amp;action=like&amp;show_faces=false&amp;share=true&amp;width=135&amp;height=21&amp;appId=307091639398582\" scrolling=\"no\" frameborder=\"0\" style=\"border:none; overflow:hidden;  width:150px; height:21px;\" allowTransparency=\"true\"><\/iframe><\/li><li class=\"twtr\" style=\"width:90px\"><a href=\"https:\/\/twitter.com\/share\" class=\"twitter-share-button\" data-url=\"https:\/\/www.caritasne2.org.br\/site\/violencia-contra-mulheres-mobiliza-ne2\/\">&nbsp;<\/a><script>!function(d,s,id){var js,fjs=d.getElementsByTagName(s)[0],p=\/^http:\/.test(d.location)?'http':'https';if(!d.getElementById(id)){js=d.createElement(s);js.id=id;js.src=p+':\/\/platform.twitter.com\/widgets.js';fjs.parentNode.insertBefore(js,fjs);}}(document, 'script', 'twitter-wjs');<\/script><\/li><li class=\"gplus\" style=\"width:68px\"><div class=\"g-plusone\" data-size=\"medium\" data-href=\"https:\/\/www.caritasne2.org.br\/site\/violencia-contra-mulheres-mobiliza-ne2\/\"><\/div><\/li><li class=\"ssb_linkedin\" style=\"width:64px\"><script src=\"\/\/platform.linkedin.com\/in.js\" type=\"text\/javascript\">lang: en_US<\/script><script type=\"IN\/Share\" data-url=\"https:\/\/www.caritasne2.org.br\/site\/violencia-contra-mulheres-mobiliza-ne2\/\" data-counter=\"right\"><\/script><\/li><\/ul>","protected":false},"author":4,"featured_media":3847,"comment_status":"open","ping_status":"open","sticky":false,"template":"","format":"standard","meta":[],"categories":[862,20],"tags":[70,858,67,863,859,146,641,776],"_links":{"self":[{"href":"https:\/\/www.caritasne2.org.br\/site\/wp-json\/wp\/v2\/posts\/3830"}],"collection":[{"href":"https:\/\/www.caritasne2.org.br\/site\/wp-json\/wp\/v2\/posts"}],"about":[{"href":"https:\/\/www.caritasne2.org.br\/site\/wp-json\/wp\/v2\/types\/post"}],"author":[{"embeddable":true,"href":"https:\/\/www.caritasne2.org.br\/site\/wp-json\/wp\/v2\/users\/4"}],"replies":[{"embeddable":true,"href":"https:\/\/www.caritasne2.org.br\/site\/wp-json\/wp\/v2\/comments?post=3830"}],"version-history":[{"count":0,"href":"https:\/\/www.caritasne2.org.br\/site\/wp-json\/wp\/v2\/posts\/3830\/revisions"}],"wp:featuredmedia":[{"embeddable":true,"href":"https:\/\/www.caritasne2.org.br\/site\/wp-json\/"}],"wp:attachment":[{"href":"https:\/\/www.caritasne2.org.br\/site\/wp-json\/wp\/v2\/media?parent=3830"}],"wp:term":[{"taxonomy":"category","embeddable":true,"href":"https:\/\/www.caritasne2.org.br\/site\/wp-json\/wp\/v2\/categories?post=3830"},{"taxonomy":"post_tag","embeddable":true,"href":"https:\/\/www.caritasne2.org.br\/site\/wp-json\/wp\/v2\/tags?post=3830"}],"curies":[{"name":"wp","href":"https:\/\/api.w.org\/{rel}","templated":true}]}}