{"id":3810,"date":"2017-01-18T11:54:03","date_gmt":"2017-01-18T13:54:03","guid":{"rendered":"http:\/\/ne2.caritas.org.br.s174889.gridserver.com\/?p=3810"},"modified":"2017-07-11T15:16:51","modified_gmt":"2017-07-11T18:16:51","slug":"papa-francisco-nomeia-dom-joao-costa-arcebispo-de-aracaju","status":"publish","type":"post","link":"https:\/\/www.caritasne2.org.br\/site\/papa-francisco-nomeia-dom-joao-costa-arcebispo-de-aracaju\/","title":{"rendered":"Papa Francisco nomeia Dom Jo\u00e3o Costa arcebispo de Aracaju"},"content":{"rendered":"<p>O papa Francisco acolheu, nesta quarta-feira, dia 18 de janeiro, o pedido de ren\u00fancia ao governo pastoral da arquidiocese de Aracaju (SE) apresentado por dom Jos\u00e9 Palmeira Lessa . O comunicado da Nunciatura Apost\u00f3lica no Brasil informa ainda que, em consequ\u00eancia, assume o governo da Igreja particular o atual bispo coadjutor, dom Jo\u00e3o Jos\u00e9 Costa. Ordenado bispo em 24 de agosto de 1982, na cidade do Rio de Janeiro (RJ), Dom Jos\u00e9 Palmeira Lessa foi bispo de Propri\u00e1 (SE), respons\u00e1vel pela C\u00e1ritas do regional Nordeste 3, al\u00e9m de membro do Conselho Diretor Nacional do Movimento de Educa\u00e7\u00e3o de Base (MEB). Dom Lessa estava em Aracaju desde 1996, quando foi nomeado coadjutor.<\/p>\n<p>Novo arcebispo<\/p>\n<p>Dom Jo\u00e3o Jos\u00e9 Costa \u00e9 natural de Lagarto (SE), nasceu em 24 de junho de 1958. Membro da Ordem do Carmo, fez sua profiss\u00e3o religiosa em 2 de janeiro de 1986. Foi nomeado bispo da diocese de Iguatu (CE) em 07 de janeiro de 2009. Escolheu o lema \u201cServo por amor\u201d. Em sua trajet\u00f3ria, dom Jo\u00e3o Jos\u00e9 j\u00e1 atuou como conselheiro da Prov\u00edncia Carmelita, foi formador nas etapas de Postulantado e Filosofia na Prov\u00edncia, trabalhou na Pastoral Carcer\u00e1ria, prestou assist\u00eancia espiritual na Fazenda Esperan\u00e7a, em Lagarto (SE). Ao ser nomeado bispo, era prior do Convento do Carmo de S\u00e3o Crist\u00f3v\u00e3o (SE). Dom Jo\u00e3o \u00e9 o atual presidente da C\u00e1ritas Brasileira no per\u00edodo de 2016 a 2019.<\/p>\n<p><em>Com informa\u00e7\u00f5es da assessoria nacional da C\u00e1ritas Brasileira<\/em><\/p>\n<ul class=\"ssb_list_wrapper\"><li class=\"fb2\" style=\"width:135px\"><iframe src=\"\/\/www.facebook.com\/plugins\/like.php?href=https%3A%2F%2Fwww.caritasne2.org.br%2Fsite%2Fpapa-francisco-nomeia-dom-joao-costa-arcebispo-de-aracaju%2F&amp;layout=button_count&amp;action=like&amp;show_faces=false&amp;share=true&amp;width=135&amp;height=21&amp;appId=307091639398582\" scrolling=\"no\" frameborder=\"0\" style=\"border:none; overflow:hidden;  width:150px; height:21px;\" allowTransparency=\"true\"><\/iframe><\/li><li class=\"twtr\" style=\"width:90px\"><a href=\"https:\/\/twitter.com\/share\" class=\"twitter-share-button\" data-url=\"https:\/\/www.caritasne2.org.br\/site\/papa-francisco-nomeia-dom-joao-costa-arcebispo-de-aracaju\/\">&nbsp;<\/a><script>!function(d,s,id){var js,fjs=d.getElementsByTagName(s)[0],p=\/^http:\/.test(d.location)?'http':'https';if(!d.getElementById(id)){js=d.createElement(s);js.id=id;js.src=p+':\/\/platform.twitter.com\/widgets.js';fjs.parentNode.insertBefore(js,fjs);}}(document, 'script', 'twitter-wjs');<\/script><\/li><li class=\"gplus\" style=\"width:68px\"><div class=\"g-plusone\" data-size=\"medium\" data-href=\"https:\/\/www.caritasne2.org.br\/site\/papa-francisco-nomeia-dom-joao-costa-arcebispo-de-aracaju\/\"><\/div><\/li><li class=\"ssb_linkedin\" style=\"width:64px\"><script src=\"\/\/platform.linkedin.com\/in.js\" type=\"text\/javascript\">lang: en_US<\/script><script type=\"IN\/Share\" data-url=\"https:\/\/www.caritasne2.org.br\/site\/papa-francisco-nomeia-dom-joao-costa-arcebispo-de-aracaju\/\" data-counter=\"right\"><\/script><\/li><\/ul>","protected":false},"excerpt":{"rendered":"<p>O papa Francisco acolheu, nesta quarta-feira, dia 18 de janeiro, o pedido de ren\u00fancia ao governo pastoral da arquidiocese de Aracaju (SE) apresentado por dom Jos\u00e9 Palmeira Lessa . O comunicado da Nunciatura Apost\u00f3lica no Brasil informa ainda que, em consequ\u00eancia, assume o governo da Igreja particular o atual bispo coadjutor, dom Jo\u00e3o Jos\u00e9 Costa. Ordenado bispo em 24 de agosto de 1982, na cidade [&hellip;]<\/p>\n<ul class=\"ssb_list_wrapper\"><li class=\"fb2\" style=\"width:135px\"><iframe src=\"\/\/www.facebook.com\/plugins\/like.php?href=https%3A%2F%2Fwww.caritasne2.org.br%2Fsite%2Fpapa-francisco-nomeia-dom-joao-costa-arcebispo-de-aracaju%2F&amp;layout=button_count&amp;action=like&amp;show_faces=false&amp;share=true&amp;width=135&amp;height=21&amp;appId=307091639398582\" scrolling=\"no\" frameborder=\"0\" style=\"border:none; overflow:hidden;  width:150px; height:21px;\" allowTransparency=\"true\"><\/iframe><\/li><li class=\"twtr\" style=\"width:90px\"><a href=\"https:\/\/twitter.com\/share\" class=\"twitter-share-button\" data-url=\"https:\/\/www.caritasne2.org.br\/site\/papa-francisco-nomeia-dom-joao-costa-arcebispo-de-aracaju\/\">&nbsp;<\/a><script>!function(d,s,id){var js,fjs=d.getElementsByTagName(s)[0],p=\/^http:\/.test(d.location)?'http':'https';if(!d.getElementById(id)){js=d.createElement(s);js.id=id;js.src=p+':\/\/platform.twitter.com\/widgets.js';fjs.parentNode.insertBefore(js,fjs);}}(document, 'script', 'twitter-wjs');<\/script><\/li><li class=\"gplus\" style=\"width:68px\"><div class=\"g-plusone\" data-size=\"medium\" data-href=\"https:\/\/www.caritasne2.org.br\/site\/papa-francisco-nomeia-dom-joao-costa-arcebispo-de-aracaju\/\"><\/div><\/li><li class=\"ssb_linkedin\" style=\"width:64px\"><script src=\"\/\/platform.linkedin.com\/in.js\" type=\"text\/javascript\">lang: en_US<\/script><script type=\"IN\/Share\" data-url=\"https:\/\/www.caritasne2.org.br\/site\/papa-francisco-nomeia-dom-joao-costa-arcebispo-de-aracaju\/\" data-counter=\"right\"><\/script><\/li><\/ul>","protected":false},"author":4,"featured_media":3811,"comment_status":"open","ping_status":"open","sticky":false,"template":"","format":"standard","meta":[],"categories":[855,20],"tags":[67,854,856,857],"_links":{"self":[{"href":"https:\/\/www.caritasne2.org.br\/site\/wp-json\/wp\/v2\/posts\/3810"}],"collection":[{"href":"https:\/\/www.caritasne2.org.br\/site\/wp-json\/wp\/v2\/posts"}],"about":[{"href":"https:\/\/www.caritasne2.org.br\/site\/wp-json\/wp\/v2\/types\/post"}],"author":[{"embeddable":true,"href":"https:\/\/www.caritasne2.org.br\/site\/wp-json\/wp\/v2\/users\/4"}],"replies":[{"embeddable":true,"href":"https:\/\/www.caritasne2.org.br\/site\/wp-json\/wp\/v2\/comments?post=3810"}],"version-history":[{"count":0,"href":"https:\/\/www.caritasne2.org.br\/site\/wp-json\/wp\/v2\/posts\/3810\/revisions"}],"wp:featuredmedia":[{"embeddable":true,"href":"https:\/\/www.caritasne2.org.br\/site\/wp-json\/"}],"wp:attachment":[{"href":"https:\/\/www.caritasne2.org.br\/site\/wp-json\/wp\/v2\/media?parent=3810"}],"wp:term":[{"taxonomy":"category","embeddable":true,"href":"https:\/\/www.caritasne2.org.br\/site\/wp-json\/wp\/v2\/categories?post=3810"},{"taxonomy":"post_tag","embeddable":true,"href":"https:\/\/www.caritasne2.org.br\/site\/wp-json\/wp\/v2\/tags?post=3810"}],"curies":[{"name":"wp","href":"https:\/\/api.w.org\/{rel}","templated":true}]}}