{"id":3800,"date":"2016-12-12T16:56:54","date_gmt":"2016-12-12T18:56:54","guid":{"rendered":"http:\/\/ne2.caritas.org.br.s174889.gridserver.com\/?p=3800"},"modified":"2017-07-11T15:16:52","modified_gmt":"2017-07-11T18:16:52","slug":"caritas-diocesana-de-pesqueira-promove-feira-de-agricultura-familiar-economia-solidaria","status":"publish","type":"post","link":"https:\/\/www.caritasne2.org.br\/site\/caritas-diocesana-de-pesqueira-promove-feira-de-agricultura-familiar-economia-solidaria\/","title":{"rendered":"C\u00e1ritas Diocesana de Pesqueira promove feira de agricultura familiar e economia solid\u00e1ria"},"content":{"rendered":"<p>A C\u00e1ritas Diocesana de Pesqueira em parceira com o Centro de Apoio ao Pequeno Produtor Rural (Cedapp), Delta e Sindicato dos Trabalhadores Rurais (STR), e com o apoio da Prefeitura Municipal e Secretaria Municipal de Agricultura, realizaram na \u00faltima ter\u00e7a-feira (6), a Feira da Agricultura Familiar e Economia Popular Solid\u00e1ria, na Pra\u00e7a Dom Jos\u00e9 Lopes, no munic\u00edpio de Pesqueira (PE).<\/p>\n<p>Muitas hortali\u00e7as, queijos, lingui\u00e7as, carnes, doces, pamonhas, mungunz\u00e1s, cocadas, artesanatos, bolos de rolo, polpas de frutas, sorvete de leite de cabra e muito mais produtos foram comercializados pelos agricultores e agricultoras de diversos munic\u00edpios. Al\u00e9m disso, a feira contou muito anima\u00e7\u00e3o e apresenta\u00e7\u00e3o cultural.<a href=\"http:\/\/ne2.caritas.org.br.s174889.gridserver.com\/wp-content\/uploads\/2016\/12\/DSC08961-2.jpg\"><img decoding=\"async\" loading=\"lazy\" class=\"alignright size-medium wp-image-3802\" title=\"SONY DSC\" src=\"http:\/\/ne2.caritas.org.br.s174889.gridserver.com\/wp-content\/uploads\/2016\/12\/DSC08961-2-300x200.jpg\" alt=\"\" width=\"300\" height=\"200\" \/><\/a><\/p>\n<p>\u201cHoje, n\u00f3s da Cobellac, trouxemos requeij\u00e3o e sorvete feitos do leite de cabra e mel, tudo produzido por n\u00f3s. E mesmo sendo a primeira feira, com certeza, foi uma experi\u00eancia muito boa e atendeu as nossas expectativas, espero que continue dando certo para que todo m\u00eas possamos nos reunir aqui e comercializar os nossos produtos da agricultura familiar\u201d, disse dona Carminha, moradora do S\u00edtio Carrapicho, cidade de Pesqueira (PE).<\/p>\n<p>Toda primeira ter\u00e7a-feira de cada m\u00eas ser\u00e1 realizada essa feira que tem como objetivo enaltecer o trabalho do homem e da mulher do campo, trazendo as suas produ\u00e7\u00f5es e oferecendo soberania e seguran\u00e7a alimentar e nutricional.<\/p>\n<p>Na ocasi\u00e3o, participantes de um interc\u00e2mbio, vindos da cidade de Tupanatinga (PE), pelo projeto \u201cMulheres Construindo Cidadania\u201d, desenvolvido pela C\u00e1ritas Paroquial Santa Clara de Assis e financiado pelo Fundo Nacional de Solidariedade (FNS), estiveram na Feira.<\/p>\n<p><em>Por Rosanny Barreto \/ N\u00facleo de Comunica\u00e7\u00e3o da C\u00e1ritas Diocesana de Pesqueira (PE)<br \/>\n<\/em><\/p>\n<ul class=\"ssb_list_wrapper\"><li class=\"fb2\" style=\"width:135px\"><iframe src=\"\/\/www.facebook.com\/plugins\/like.php?href=https%3A%2F%2Fwww.caritasne2.org.br%2Fsite%2Fcaritas-diocesana-de-pesqueira-promove-feira-de-agricultura-familiar-economia-solidaria%2F&amp;layout=button_count&amp;action=like&amp;show_faces=false&amp;share=true&amp;width=135&amp;height=21&amp;appId=307091639398582\" scrolling=\"no\" frameborder=\"0\" style=\"border:none; overflow:hidden;  width:150px; height:21px;\" allowTransparency=\"true\"><\/iframe><\/li><li class=\"twtr\" style=\"width:90px\"><a href=\"https:\/\/twitter.com\/share\" class=\"twitter-share-button\" data-url=\"https:\/\/www.caritasne2.org.br\/site\/caritas-diocesana-de-pesqueira-promove-feira-de-agricultura-familiar-economia-solidaria\/\">&nbsp;<\/a><script>!function(d,s,id){var js,fjs=d.getElementsByTagName(s)[0],p=\/^http:\/.test(d.location)?'http':'https';if(!d.getElementById(id)){js=d.createElement(s);js.id=id;js.src=p+':\/\/platform.twitter.com\/widgets.js';fjs.parentNode.insertBefore(js,fjs);}}(document, 'script', 'twitter-wjs');<\/script><\/li><li class=\"gplus\" style=\"width:68px\"><div class=\"g-plusone\" data-size=\"medium\" data-href=\"https:\/\/www.caritasne2.org.br\/site\/caritas-diocesana-de-pesqueira-promove-feira-de-agricultura-familiar-economia-solidaria\/\"><\/div><\/li><li class=\"ssb_linkedin\" style=\"width:64px\"><script src=\"\/\/platform.linkedin.com\/in.js\" type=\"text\/javascript\">lang: en_US<\/script><script type=\"IN\/Share\" data-url=\"https:\/\/www.caritasne2.org.br\/site\/caritas-diocesana-de-pesqueira-promove-feira-de-agricultura-familiar-economia-solidaria\/\" data-counter=\"right\"><\/script><\/li><\/ul>","protected":false},"excerpt":{"rendered":"<p>A C\u00e1ritas Diocesana de Pesqueira em parceira com o Centro de Apoio ao Pequeno Produtor Rural (Cedapp), Delta e Sindicato dos Trabalhadores Rurais (STR), e com o apoio da Prefeitura Municipal e Secretaria Municipal de Agricultura, realizaram na \u00faltima ter\u00e7a-feira (6), a Feira da Agricultura Familiar e Economia Popular Solid\u00e1ria, na Pra\u00e7a Dom Jos\u00e9 Lopes, no munic\u00edpio de Pesqueira (PE). Muitas hortali\u00e7as, queijos, lingui\u00e7as, carnes, [&hellip;]<\/p>\n<ul class=\"ssb_list_wrapper\"><li class=\"fb2\" style=\"width:135px\"><iframe src=\"\/\/www.facebook.com\/plugins\/like.php?href=https%3A%2F%2Fwww.caritasne2.org.br%2Fsite%2Fcaritas-diocesana-de-pesqueira-promove-feira-de-agricultura-familiar-economia-solidaria%2F&amp;layout=button_count&amp;action=like&amp;show_faces=false&amp;share=true&amp;width=135&amp;height=21&amp;appId=307091639398582\" scrolling=\"no\" frameborder=\"0\" style=\"border:none; overflow:hidden;  width:150px; height:21px;\" allowTransparency=\"true\"><\/iframe><\/li><li class=\"twtr\" style=\"width:90px\"><a href=\"https:\/\/twitter.com\/share\" class=\"twitter-share-button\" data-url=\"https:\/\/www.caritasne2.org.br\/site\/caritas-diocesana-de-pesqueira-promove-feira-de-agricultura-familiar-economia-solidaria\/\">&nbsp;<\/a><script>!function(d,s,id){var js,fjs=d.getElementsByTagName(s)[0],p=\/^http:\/.test(d.location)?'http':'https';if(!d.getElementById(id)){js=d.createElement(s);js.id=id;js.src=p+':\/\/platform.twitter.com\/widgets.js';fjs.parentNode.insertBefore(js,fjs);}}(document, 'script', 'twitter-wjs');<\/script><\/li><li class=\"gplus\" style=\"width:68px\"><div class=\"g-plusone\" data-size=\"medium\" data-href=\"https:\/\/www.caritasne2.org.br\/site\/caritas-diocesana-de-pesqueira-promove-feira-de-agricultura-familiar-economia-solidaria\/\"><\/div><\/li><li class=\"ssb_linkedin\" style=\"width:64px\"><script src=\"\/\/platform.linkedin.com\/in.js\" type=\"text\/javascript\">lang: en_US<\/script><script type=\"IN\/Share\" data-url=\"https:\/\/www.caritasne2.org.br\/site\/caritas-diocesana-de-pesqueira-promove-feira-de-agricultura-familiar-economia-solidaria\/\" data-counter=\"right\"><\/script><\/li><\/ul>","protected":false},"author":4,"featured_media":3807,"comment_status":"open","ping_status":"open","sticky":false,"template":"","format":"standard","meta":[],"categories":[354,200,20],"tags":[183,268,67,245,847,147],"_links":{"self":[{"href":"https:\/\/www.caritasne2.org.br\/site\/wp-json\/wp\/v2\/posts\/3800"}],"collection":[{"href":"https:\/\/www.caritasne2.org.br\/site\/wp-json\/wp\/v2\/posts"}],"about":[{"href":"https:\/\/www.caritasne2.org.br\/site\/wp-json\/wp\/v2\/types\/post"}],"author":[{"embeddable":true,"href":"https:\/\/www.caritasne2.org.br\/site\/wp-json\/wp\/v2\/users\/4"}],"replies":[{"embeddable":true,"href":"https:\/\/www.caritasne2.org.br\/site\/wp-json\/wp\/v2\/comments?post=3800"}],"version-history":[{"count":0,"href":"https:\/\/www.caritasne2.org.br\/site\/wp-json\/wp\/v2\/posts\/3800\/revisions"}],"wp:featuredmedia":[{"embeddable":true,"href":"https:\/\/www.caritasne2.org.br\/site\/wp-json\/"}],"wp:attachment":[{"href":"https:\/\/www.caritasne2.org.br\/site\/wp-json\/wp\/v2\/media?parent=3800"}],"wp:term":[{"taxonomy":"category","embeddable":true,"href":"https:\/\/www.caritasne2.org.br\/site\/wp-json\/wp\/v2\/categories?post=3800"},{"taxonomy":"post_tag","embeddable":true,"href":"https:\/\/www.caritasne2.org.br\/site\/wp-json\/wp\/v2\/tags?post=3800"}],"curies":[{"name":"wp","href":"https:\/\/api.w.org\/{rel}","templated":true}]}}