{"id":3786,"date":"2016-11-25T18:23:05","date_gmt":"2016-11-25T20:23:05","guid":{"rendered":"http:\/\/ne2.caritas.org.br.s174889.gridserver.com\/?p=3786"},"modified":"2017-07-11T15:16:52","modified_gmt":"2017-07-11T18:16:52","slug":"dom-demetrio-caritas-deve-ajudar-encontrar-saidas-para-crise","status":"publish","type":"post","link":"https:\/\/www.caritasne2.org.br\/site\/dom-demetrio-caritas-deve-ajudar-encontrar-saidas-para-crise\/","title":{"rendered":"Dom Dem\u00e9trio: C\u00e1ritas deve ajudar a encontrar sa\u00eddas para crise"},"content":{"rendered":"<p>Na semana passada, do dia 9 ao dia 13 deste m\u00eas de novembro, aconteceu o V Congresso da C\u00e1ritas Brasileira. Foi realizado em Aparecida, no mesmo local onde a Confer\u00eancia Nacional dos Bispos do Brasil (CNBB) faz suas assembleias anuais.<\/p>\n<p>Pelo pr\u00f3prio local, e pelo n\u00famero de participantes, aproximadamente 500, o Congresso revelava a singular vincula\u00e7\u00e3o que de fato existe entre a CNBB e a C\u00e1ritas Brasileira.<\/p>\n<p>Desta vez, o Congresso tinha uma motiva\u00e7\u00e3o especial. Tratava-se de celebrar os 60 anos da C\u00e1ritas Brasileira. Todas as atividades realizadas tinham como pano de fundo a caminhada da C\u00e1ritas, com a inten\u00e7\u00e3o de perceber com clareza sua identidade e a miss\u00e3o a ser assumida como organismo da Igreja, a servi\u00e7o de sua a\u00e7\u00e3o social.<\/p>\n<p>Este car\u00e1ter claramente hist\u00f3rico, assumido pelo Congresso, permitiu recordar os tempos em que a C\u00e1ritas Brasileira foi fundada, em 1956. Esta data ensejou a oportunidade de recordar as motiva\u00e7\u00f5es do surgimento da C\u00e1ritas no Brasil, e comparar as circunst\u00e2ncias iniciais de sua caminhada com a situa\u00e7\u00e3o atual que vivemos, com os novos desafios que se apresentam hoje, para a Igreja e para a C\u00e1ritas.<\/p>\n<p>Tendo como refer\u00eancia a data de funda\u00e7\u00e3o, em 12 de novembro de 1956, e recordando outras datas daquela \u00e9poca, o Congresso p\u00f4de constatar que a C\u00e1ritas surgiu num momento muito otimista, ao menos para a Europa Ocidental e para os pa\u00edses do \u201cterceiro mundo\u201d, como se dizia naquela \u00e9poca.<\/p>\n<p>Basta conferir algumas datas, para evidenciar o clima de esperan\u00e7a vivido nas duas d\u00e9cadas ap\u00f3s a Segunda Guerra Mundial. Em 1952, foi fundada a CNBB, iniciativa levada em frente por Dom Helder Camara. Em 1955, por ocasi\u00e3o do 36\u00ba Congresso Eucar\u00edstico Internacional, no Rio de Janeiro, foi realizada a primeira Confer\u00eancia Geral do Episcopado Latino-Americano, oportunidade em que foi criado o Conselho Episcopal Latino-Americano (Celam), outro organismo importante de articula\u00e7\u00e3o da a\u00e7\u00e3o da Igreja em n\u00edvel continental. Neste contexto de fecundas iniciativas foi, ent\u00e3o, criada a C\u00e1ritas Brasileira, tamb\u00e9m por iniciativa de Dom Helder.<\/p>\n<p>Para concluir esta r\u00e1pida recorda\u00e7\u00e3o dos tempos de otimismo que permeavam a caminhada da Igreja, basta recordar que em 1958 foi eleito o Papa Jo\u00e3o 23, o qual em 1959 lan\u00e7ou a proposta de realizar um Conc\u00edlio Ecum\u00eanico para atualizar a a\u00e7\u00e3o da Igreja nas novas circunst\u00e2ncias que o mundo estava vivendo.<\/p>\n<p>D\u00e1 para dizer que o congresso realizado em Aparecida na semana passada reviveu o clima de otimismo que marcou a hist\u00f3ria da C\u00e1ritas. Mas este otimismo foi temperado por uma inquieta\u00e7\u00e3o, que foi crescendo entre os agentes da C\u00e1ritas Brasileira, desde a sua Presid\u00eancia, o seu Secretariado Nacional, os diversos Secretariados Regionais, os representantes das mais de 150 C\u00e1ritas Diocesanas. A realidade est\u00e1 agora envolta na espessa neblina da crise, que vai se aprofundado no Brasil e no mundo. Tanto mais a Igreja precisa contar com a contribui\u00e7\u00e3o da C\u00e1ritas. Em primeiro lugar, para interpelar as pr\u00f3prias dioceses, para que marquem presen\u00e7a na realidade concreta que as envolve. Para esta presen\u00e7a da Igreja na sociedade, a C\u00e1ritas \u00e9 chamada em primeiro lugar a contribuir com a sua m\u00edstica, expressa pelo nome que a caracteriza. E com sua metodologia de a\u00e7\u00e3o social, que prioriza o envolvimento dos destinat\u00e1rios, para que assumam eles mesmos o protagonismo de sua promo\u00e7\u00e3o social.<\/p>\n<p>Sessenta anos simbolizam ac\u00famulo de experi\u00eancia e de maturidade. Como organismo da CNBB, e como parceira de outros movimentos sociais, a C\u00e1ritas \u00e9 chamada a somar for\u00e7as para que a cidadania brasileira retome sua articula\u00e7\u00e3o, indispens\u00e1vel para encontrar sa\u00eddas verdadeiras para a supera\u00e7\u00e3o da crise que vai se generalizando.<\/p>\n<p>A festa dos 60 anos acabou. A C\u00e1ritas retoma sua caminhada, mais consciente de suas responsabilidades, pelas quais ser\u00e1 cobrada.<\/p>\n<p><em>Por dom Dem\u00e9trio Valentini, bispo em\u00e9rito de Jales (SP) e ex-presidente da C\u00e1ritas Brasileira (exerceu a fun\u00e7\u00e3o por quatro mandatos)<\/em><\/p>\n<ul class=\"ssb_list_wrapper\"><li class=\"fb2\" style=\"width:135px\"><iframe src=\"\/\/www.facebook.com\/plugins\/like.php?href=https%3A%2F%2Fwww.caritasne2.org.br%2Fsite%2Fdom-demetrio-caritas-deve-ajudar-encontrar-saidas-para-crise%2F&amp;layout=button_count&amp;action=like&amp;show_faces=false&amp;share=true&amp;width=135&amp;height=21&amp;appId=307091639398582\" scrolling=\"no\" frameborder=\"0\" style=\"border:none; overflow:hidden;  width:150px; height:21px;\" allowTransparency=\"true\"><\/iframe><\/li><li class=\"twtr\" style=\"width:90px\"><a href=\"https:\/\/twitter.com\/share\" class=\"twitter-share-button\" data-url=\"https:\/\/www.caritasne2.org.br\/site\/dom-demetrio-caritas-deve-ajudar-encontrar-saidas-para-crise\/\">&nbsp;<\/a><script>!function(d,s,id){var js,fjs=d.getElementsByTagName(s)[0],p=\/^http:\/.test(d.location)?'http':'https';if(!d.getElementById(id)){js=d.createElement(s);js.id=id;js.src=p+':\/\/platform.twitter.com\/widgets.js';fjs.parentNode.insertBefore(js,fjs);}}(document, 'script', 'twitter-wjs');<\/script><\/li><li class=\"gplus\" style=\"width:68px\"><div class=\"g-plusone\" data-size=\"medium\" data-href=\"https:\/\/www.caritasne2.org.br\/site\/dom-demetrio-caritas-deve-ajudar-encontrar-saidas-para-crise\/\"><\/div><\/li><li class=\"ssb_linkedin\" style=\"width:64px\"><script src=\"\/\/platform.linkedin.com\/in.js\" type=\"text\/javascript\">lang: en_US<\/script><script type=\"IN\/Share\" data-url=\"https:\/\/www.caritasne2.org.br\/site\/dom-demetrio-caritas-deve-ajudar-encontrar-saidas-para-crise\/\" data-counter=\"right\"><\/script><\/li><\/ul>","protected":false},"excerpt":{"rendered":"<p>Na semana passada, do dia 9 ao dia 13 deste m\u00eas de novembro, aconteceu o V Congresso da C\u00e1ritas Brasileira. Foi realizado em Aparecida, no mesmo local onde a Confer\u00eancia Nacional dos Bispos do Brasil (CNBB) faz suas assembleias anuais. Pelo pr\u00f3prio local, e pelo n\u00famero de participantes, aproximadamente 500, o Congresso revelava a singular vincula\u00e7\u00e3o que de fato existe entre a CNBB e a [&hellip;]<\/p>\n<ul class=\"ssb_list_wrapper\"><li class=\"fb2\" style=\"width:135px\"><iframe src=\"\/\/www.facebook.com\/plugins\/like.php?href=https%3A%2F%2Fwww.caritasne2.org.br%2Fsite%2Fdom-demetrio-caritas-deve-ajudar-encontrar-saidas-para-crise%2F&amp;layout=button_count&amp;action=like&amp;show_faces=false&amp;share=true&amp;width=135&amp;height=21&amp;appId=307091639398582\" scrolling=\"no\" frameborder=\"0\" style=\"border:none; overflow:hidden;  width:150px; height:21px;\" allowTransparency=\"true\"><\/iframe><\/li><li class=\"twtr\" style=\"width:90px\"><a href=\"https:\/\/twitter.com\/share\" class=\"twitter-share-button\" data-url=\"https:\/\/www.caritasne2.org.br\/site\/dom-demetrio-caritas-deve-ajudar-encontrar-saidas-para-crise\/\">&nbsp;<\/a><script>!function(d,s,id){var js,fjs=d.getElementsByTagName(s)[0],p=\/^http:\/.test(d.location)?'http':'https';if(!d.getElementById(id)){js=d.createElement(s);js.id=id;js.src=p+':\/\/platform.twitter.com\/widgets.js';fjs.parentNode.insertBefore(js,fjs);}}(document, 'script', 'twitter-wjs');<\/script><\/li><li class=\"gplus\" style=\"width:68px\"><div class=\"g-plusone\" data-size=\"medium\" data-href=\"https:\/\/www.caritasne2.org.br\/site\/dom-demetrio-caritas-deve-ajudar-encontrar-saidas-para-crise\/\"><\/div><\/li><li class=\"ssb_linkedin\" style=\"width:64px\"><script src=\"\/\/platform.linkedin.com\/in.js\" type=\"text\/javascript\">lang: en_US<\/script><script type=\"IN\/Share\" data-url=\"https:\/\/www.caritasne2.org.br\/site\/dom-demetrio-caritas-deve-ajudar-encontrar-saidas-para-crise\/\" data-counter=\"right\"><\/script><\/li><\/ul>","protected":false},"author":4,"featured_media":3793,"comment_status":"open","ping_status":"open","sticky":false,"template":"","format":"standard","meta":[],"categories":[774,20],"tags":[785,75,46,48,852,67],"_links":{"self":[{"href":"https:\/\/www.caritasne2.org.br\/site\/wp-json\/wp\/v2\/posts\/3786"}],"collection":[{"href":"https:\/\/www.caritasne2.org.br\/site\/wp-json\/wp\/v2\/posts"}],"about":[{"href":"https:\/\/www.caritasne2.org.br\/site\/wp-json\/wp\/v2\/types\/post"}],"author":[{"embeddable":true,"href":"https:\/\/www.caritasne2.org.br\/site\/wp-json\/wp\/v2\/users\/4"}],"replies":[{"embeddable":true,"href":"https:\/\/www.caritasne2.org.br\/site\/wp-json\/wp\/v2\/comments?post=3786"}],"version-history":[{"count":0,"href":"https:\/\/www.caritasne2.org.br\/site\/wp-json\/wp\/v2\/posts\/3786\/revisions"}],"wp:featuredmedia":[{"embeddable":true,"href":"https:\/\/www.caritasne2.org.br\/site\/wp-json\/"}],"wp:attachment":[{"href":"https:\/\/www.caritasne2.org.br\/site\/wp-json\/wp\/v2\/media?parent=3786"}],"wp:term":[{"taxonomy":"category","embeddable":true,"href":"https:\/\/www.caritasne2.org.br\/site\/wp-json\/wp\/v2\/categories?post=3786"},{"taxonomy":"post_tag","embeddable":true,"href":"https:\/\/www.caritasne2.org.br\/site\/wp-json\/wp\/v2\/tags?post=3786"}],"curies":[{"name":"wp","href":"https:\/\/api.w.org\/{rel}","templated":true}]}}