{"id":3773,"date":"2016-11-24T11:37:47","date_gmt":"2016-11-24T13:37:47","guid":{"rendered":"http:\/\/ne2.caritas.org.br.s174889.gridserver.com\/?p=3773"},"modified":"2017-07-11T15:16:52","modified_gmt":"2017-07-11T18:16:52","slug":"reforma-da-educacao-por-mp-e-ato-inadequado-abusivo-diz-cnbb","status":"publish","type":"post","link":"https:\/\/www.caritasne2.org.br\/site\/reforma-da-educacao-por-mp-e-ato-inadequado-abusivo-diz-cnbb\/","title":{"rendered":"Reforma da educa\u00e7\u00e3o por MP \u00e9 ato \u201cinadequado e abusivo\u201d, diz CNBB"},"content":{"rendered":"<p>A Confer\u00eancia Nacional dos Bispos do Brasil, por meio do Conselho Episcopal Pastoral (Consep), reunido na sede da entidade, em Bras\u00edlia (DF), nos dias 22 e 23 de novembro, aprovou a nota sobre a chamada \u201cReforma do Ensino M\u00e9dio\u201d, apresentada pelo Governo Federal ao Congresso Nacional na forma de Medida Provis\u00f3ria. Para os bispos, s\u00e3o louv\u00e1veis as iniciativas que busquem refletir, debater e aprimorar a realidade do ensino brasileiro, mas \u201cassim como outras propostas recentes, tamb\u00e9m essa sofre os limites de uma busca apressada de solu\u00e7\u00e3o\u201d. A entidade acredita que \u201cquest\u00e3o t\u00e3o nobre quanto a Educa\u00e7\u00e3o n\u00e3o pode se limitar \u00e0 reforma do Ensino M\u00e9dio. Antes, requer amplo debate com a sociedade organizada, particularmente com o mundo da educa\u00e7\u00e3o. \u00c9 a melhor forma de legitima\u00e7\u00e3o para medidas t\u00e3o fundamentais\u201d.<\/p>\n<p>No texto, os bispos ressaltam que a educa\u00e7\u00e3o deve formar integralmente o ser humano. \u201cO foco das escolas n\u00e3o pode estar apenas em um saber tecnol\u00f3gico e instrumental\u201d, afirmam na nota.<\/p>\n<p>Leia na \u00edntegra:<\/p>\n<p>NOTA DA CNBB SOBRE A \u201cREFORMA DO ENSINO M\u00c9DIO\u201d \u2013 MP 746\/16<\/p>\n<p><em>\u201cA fim de que os estudantes tenham esperan\u00e7a!\u201d<\/em><br \/>\n<em>(Papa Francisco, 14 de mar\u00e7o de 2015)<\/em><\/p>\n<p>O Conselho Episcopal Pastoral (Consep), da Confer\u00eancia Nacional dos Bispos do Brasil (CNBB), reunido em Bras\u00edlia-DF, nos dias 22 e 23 de novembro de 2016, manifesta inquieta\u00e7\u00e3o face \u00e0 Medida Provis\u00f3ria 746\/16 que trata da reforma do Ensino M\u00e9dio, em tramita\u00e7\u00e3o no Congresso Nacional.<\/p>\n<p>Segundo o Poder Executivo, a MP 746\/16 \u00e9 uma proposta para a supera\u00e7\u00e3o das reconhecidas fragilidades do Ensino M\u00e9dio brasileiro. Sabe-se que o modelo atual n\u00e3o prepara os estudantes para os desafios da contemporaneidade. Assim, s\u00e3o louv\u00e1veis iniciativas que busquem refletir, debater e aprimorar essa realidade.<\/p>\n<p>Contudo, assim como outras propostas recentes, tamb\u00e9m essa sofre os limites de uma busca apressada de solu\u00e7\u00e3o. Quest\u00e3o t\u00e3o nobre quanto a Educa\u00e7\u00e3o n\u00e3o pode se limitar \u00e0 reforma do Ensino M\u00e9dio. Antes, requer amplo debate com a sociedade organizada, particularmente com o mundo da educa\u00e7\u00e3o. \u00c9 a melhor forma de legitima\u00e7\u00e3o para medidas t\u00e3o fundamentais.<\/p>\n<p>Toda a vez que um processo dessa grandeza ignora a sociedade civil como interlocutora, ele se desqualifica. \u00c9 inadequado e abusivo que esse assunto seja tratado atrav\u00e9s de uma Medida Provis\u00f3ria.<\/p>\n<p>A educa\u00e7\u00e3o deve formar integralmente o ser humano. O foco das escolas n\u00e3o pode estar apenas em um saber tecnol\u00f3gico e instrumental. H\u00e1 que se contemplar igualmente as dimens\u00f5es \u00e9tica, est\u00e9tica, religiosa, pol\u00edtica e social. A escola \u00e9 um dos ambientes educativos no qual se cresce e se aprende a viver. Ela n\u00e3o amplia apenas a dimens\u00e3o intelectual, mas todas as dimens\u00f5es do ser humano, na busca do sentido da vida. Afinal, que tipo de homem e de mulher essa Medida Provis\u00f3ria vislumbra?<\/p>\n<p>Em um contexto de crise \u00e9tica como o atual, \u00e9 um contrassenso propor uma medida que intenta preparar para o mercado e n\u00e3o para a cidadania. Dizer que disciplinas como Filosofia, Sociologia, Educa\u00e7\u00e3o F\u00edsica, Artes e M\u00fasica s\u00e3o opcionais na forma\u00e7\u00e3o do ser humano \u00e9 apostar em um modelo formativo tecnicista que favorece a l\u00f3gica do mercado e n\u00e3o o desenvolvimento integral da pessoa e da sociedade.<\/p>\n<p>Quando a sociedade n\u00e3o \u00e9 ouvida ela se faz ouvir. No caso da MP 746\/16, os estudantes reclamaram seu protagonismo. Os professores, j\u00e1 penalizados por baixos sal\u00e1rios, tamb\u00e9m foram ignorados. Estes s\u00e3o sinais claros da surdez social das inst\u00e2ncias competentes.<\/p>\n<p>Conclamamos a sociedade, particularmente os estudantes e suas fam\u00edlias, a n\u00e3o se deixar vencer pelo clima de apatia e resigna\u00e7\u00e3o. \u00c9 fundamental a participa\u00e7\u00e3o popular pac\u00edfica na busca de solu\u00e7\u00f5es, sempre respeitando a pessoa e o patrim\u00f4nio p\u00fablico. A falta de criticidade com rela\u00e7\u00e3o a essa quest\u00e3o trar\u00e1 s\u00e9rias consequ\u00eancias para a vida democr\u00e1tica da sociedade.<\/p>\n<p>Nossa Senhora Aparecida, padroeira do Brasil, interceda por n\u00f3s.<\/p>\n<p>Bras\u00edlia, 23 de novembro de 2016.<\/p>\n<p style=\"text-align: center;\"><em>Dom Murilo S. R. Krieger, SCJ<\/em><br \/>\n<em>Arcebispo de S\u00e3o Salvador da Bahia<\/em><br \/>\n<em>Presidente em exerc\u00edcio da CNBB<\/em><\/p>\n<p style=\"text-align: center;\"><em>Dom Guilherme A. Werlang, MSF<\/em><br \/>\n<em>Bispo de Ipamer\u00ed<\/em><br \/>\n<em>Comiss\u00e3o Episcopal para o Servi\u00e7o da Caridade da Justi\u00e7a e da Paz<\/em><\/p>\n<p style=\"text-align: center;\"><em>Dom Leonardo Ulrich Steiner, OFM<\/em><br \/>\n<em>Bispo auxiliar de Bras\u00edlia<\/em><br \/>\n<em>Secret\u00e1rio-geral da CNBB<\/em><\/p>\n<p>&nbsp;<\/p>\n<div><\/div>\n<div><a title=\"Mais...\" href=\"http:\/\/caritas.org.br\/reforma-da-educacao-por-mp-e-ato-inadequado-e-abusivo-diz-cnbb\/35641#\" target=\"_blank\">0<\/a><\/div>\n<ul class=\"ssb_list_wrapper\"><li class=\"fb2\" style=\"width:135px\"><iframe src=\"\/\/www.facebook.com\/plugins\/like.php?href=https%3A%2F%2Fwww.caritasne2.org.br%2Fsite%2Freforma-da-educacao-por-mp-e-ato-inadequado-abusivo-diz-cnbb%2F&amp;layout=button_count&amp;action=like&amp;show_faces=false&amp;share=true&amp;width=135&amp;height=21&amp;appId=307091639398582\" scrolling=\"no\" frameborder=\"0\" style=\"border:none; overflow:hidden;  width:150px; height:21px;\" allowTransparency=\"true\"><\/iframe><\/li><li class=\"twtr\" style=\"width:90px\"><a href=\"https:\/\/twitter.com\/share\" class=\"twitter-share-button\" data-url=\"https:\/\/www.caritasne2.org.br\/site\/reforma-da-educacao-por-mp-e-ato-inadequado-abusivo-diz-cnbb\/\">&nbsp;<\/a><script>!function(d,s,id){var js,fjs=d.getElementsByTagName(s)[0],p=\/^http:\/.test(d.location)?'http':'https';if(!d.getElementById(id)){js=d.createElement(s);js.id=id;js.src=p+':\/\/platform.twitter.com\/widgets.js';fjs.parentNode.insertBefore(js,fjs);}}(document, 'script', 'twitter-wjs');<\/script><\/li><li class=\"gplus\" style=\"width:68px\"><div class=\"g-plusone\" data-size=\"medium\" data-href=\"https:\/\/www.caritasne2.org.br\/site\/reforma-da-educacao-por-mp-e-ato-inadequado-abusivo-diz-cnbb\/\"><\/div><\/li><li class=\"ssb_linkedin\" style=\"width:64px\"><script src=\"\/\/platform.linkedin.com\/in.js\" type=\"text\/javascript\">lang: en_US<\/script><script type=\"IN\/Share\" data-url=\"https:\/\/www.caritasne2.org.br\/site\/reforma-da-educacao-por-mp-e-ato-inadequado-abusivo-diz-cnbb\/\" data-counter=\"right\"><\/script><\/li><\/ul>","protected":false},"excerpt":{"rendered":"<p>A Confer\u00eancia Nacional dos Bispos do Brasil, por meio do Conselho Episcopal Pastoral (Consep), reunido na sede da entidade, em Bras\u00edlia (DF), nos dias 22 e 23 de novembro, aprovou a nota sobre a chamada \u201cReforma do Ensino M\u00e9dio\u201d, apresentada pelo Governo Federal ao Congresso Nacional na forma de Medida Provis\u00f3ria. Para os bispos, s\u00e3o louv\u00e1veis as iniciativas que busquem refletir, debater e aprimorar a [&hellip;]<\/p>\n<ul class=\"ssb_list_wrapper\"><li class=\"fb2\" style=\"width:135px\"><iframe src=\"\/\/www.facebook.com\/plugins\/like.php?href=https%3A%2F%2Fwww.caritasne2.org.br%2Fsite%2Freforma-da-educacao-por-mp-e-ato-inadequado-abusivo-diz-cnbb%2F&amp;layout=button_count&amp;action=like&amp;show_faces=false&amp;share=true&amp;width=135&amp;height=21&amp;appId=307091639398582\" scrolling=\"no\" frameborder=\"0\" style=\"border:none; overflow:hidden;  width:150px; height:21px;\" allowTransparency=\"true\"><\/iframe><\/li><li class=\"twtr\" style=\"width:90px\"><a href=\"https:\/\/twitter.com\/share\" class=\"twitter-share-button\" data-url=\"https:\/\/www.caritasne2.org.br\/site\/reforma-da-educacao-por-mp-e-ato-inadequado-abusivo-diz-cnbb\/\">&nbsp;<\/a><script>!function(d,s,id){var js,fjs=d.getElementsByTagName(s)[0],p=\/^http:\/.test(d.location)?'http':'https';if(!d.getElementById(id)){js=d.createElement(s);js.id=id;js.src=p+':\/\/platform.twitter.com\/widgets.js';fjs.parentNode.insertBefore(js,fjs);}}(document, 'script', 'twitter-wjs');<\/script><\/li><li class=\"gplus\" style=\"width:68px\"><div class=\"g-plusone\" data-size=\"medium\" data-href=\"https:\/\/www.caritasne2.org.br\/site\/reforma-da-educacao-por-mp-e-ato-inadequado-abusivo-diz-cnbb\/\"><\/div><\/li><li class=\"ssb_linkedin\" style=\"width:64px\"><script src=\"\/\/platform.linkedin.com\/in.js\" type=\"text\/javascript\">lang: en_US<\/script><script type=\"IN\/Share\" data-url=\"https:\/\/www.caritasne2.org.br\/site\/reforma-da-educacao-por-mp-e-ato-inadequado-abusivo-diz-cnbb\/\" data-counter=\"right\"><\/script><\/li><\/ul>","protected":false},"author":4,"featured_media":3782,"comment_status":"open","ping_status":"open","sticky":false,"template":"","format":"standard","meta":[],"categories":[457,20],"tags":[46,48,50,67,849,850,851],"_links":{"self":[{"href":"https:\/\/www.caritasne2.org.br\/site\/wp-json\/wp\/v2\/posts\/3773"}],"collection":[{"href":"https:\/\/www.caritasne2.org.br\/site\/wp-json\/wp\/v2\/posts"}],"about":[{"href":"https:\/\/www.caritasne2.org.br\/site\/wp-json\/wp\/v2\/types\/post"}],"author":[{"embeddable":true,"href":"https:\/\/www.caritasne2.org.br\/site\/wp-json\/wp\/v2\/users\/4"}],"replies":[{"embeddable":true,"href":"https:\/\/www.caritasne2.org.br\/site\/wp-json\/wp\/v2\/comments?post=3773"}],"version-history":[{"count":0,"href":"https:\/\/www.caritasne2.org.br\/site\/wp-json\/wp\/v2\/posts\/3773\/revisions"}],"wp:featuredmedia":[{"embeddable":true,"href":"https:\/\/www.caritasne2.org.br\/site\/wp-json\/"}],"wp:attachment":[{"href":"https:\/\/www.caritasne2.org.br\/site\/wp-json\/wp\/v2\/media?parent=3773"}],"wp:term":[{"taxonomy":"category","embeddable":true,"href":"https:\/\/www.caritasne2.org.br\/site\/wp-json\/wp\/v2\/categories?post=3773"},{"taxonomy":"post_tag","embeddable":true,"href":"https:\/\/www.caritasne2.org.br\/site\/wp-json\/wp\/v2\/tags?post=3773"}],"curies":[{"name":"wp","href":"https:\/\/api.w.org\/{rel}","templated":true}]}}