{"id":3758,"date":"2016-11-22T22:05:39","date_gmt":"2016-11-23T00:05:39","guid":{"rendered":"http:\/\/ne2.caritas.org.br.s174889.gridserver.com\/?p=3758"},"modified":"2017-07-11T15:16:52","modified_gmt":"2017-07-11T18:16:52","slug":"pesqueira-realiza-assembleia-decide-rumos-para-os-proximos-anos","status":"publish","type":"post","link":"https:\/\/www.caritasne2.org.br\/site\/pesqueira-realiza-assembleia-decide-rumos-para-os-proximos-anos\/","title":{"rendered":"Pesqueira (PE) realiza assembleia e decide rumos para os pr\u00f3ximos anos"},"content":{"rendered":"<p style=\"text-align: left;\" align=\"center\">A C\u00e1ritas Diocesana de Pesqueira realizou a III Assembleia Geral Ordin\u00e1ria no Centro Pastoral Dom Helder, na \u00faltima sexta-feira, dia 18 de novembro. Estiveram presentes a equipe da C\u00e1ritas Diocesana, sua diretoria-executiva e o conselho fiscal, al\u00e9m das representa\u00e7\u00f5es das seis C\u00e1ritas paroquiais e da C\u00e1ritas Interparoquial que comp\u00f5em a diocese,\u00a0de uma s\u00e9tima C\u00e1ritas paroquial que est\u00e1 em processo de forma\u00e7\u00e3o,\u00a0dos grupos de mulheres acompanhados e de prefeituras da regi\u00e3o de Pesqueira (PE).<\/p>\n<p><img decoding=\"async\" loading=\"lazy\" class=\"alignright size-medium wp-image-3762\" title=\"DSC08862-1024x682\" src=\"http:\/\/ne2.caritas.org.br.s174889.gridserver.com\/wp-content\/uploads\/2016\/11\/DSC08862-1024x682-300x199.jpg\" alt=\"\" width=\"300\" height=\"199\" \/><\/p>\n<p style=\"text-align: left;\">O dia iniciou com acolhida e caf\u00e9 da manh\u00e3 para os participantes. Em seguida, foram apresentadas algumas fotos de a\u00e7\u00f5es dos \u00faltimos tr\u00eas anos, acompanhadas pelo hino dos 60 anos da C\u00e1ritas Brasileira \u2014 voc\u00ea pode\u00a0<a href=\"https:\/\/www.dropbox.com\/sh\/s61klw6lqmgk6sy\/AAAuDke_lB7BaY9uk3tguW-Va?dl=0&amp;preview=Hino+C%C3%A1ritas+Master+Final+2.mp3\">ouv\u00ed-lo aqui<\/a>. E para animar ainda mais o momento, os agentes C\u00e1ritas prepararam uma din\u00e2mica de integra\u00e7\u00e3o, dan\u00e7ando uma ciranda com todos que estavam presentes.\u00a0Ao final, para aben\u00e7oar a assembleia, ocorreu a entrada simb\u00f3lica da imagem de Nossa Senhora Aparecida, ao som da voz de dom Helder Camara recitando o poema-ora\u00e7\u00e3o\u00a0<em>Mariama<\/em>\u00a0\u2014 voc\u00ea pode\u00a0<a href=\"http:\/\/caritas.org.br\/?p=35612\" target=\"_blank\">l\u00ea-lo aqui<\/a>.<\/p>\n<p>Ap\u00f3s a abertura oficial da assembleia, foi formado o painel \u201cAgentes C\u00e1ritas na transforma\u00e7\u00e3o social\u201d, conduzido pelo padre Luiz Benevaldo. Para compor a mesa, foram convidados os\/as agentes C\u00e1ritas Manoel S\u00e1tiro, de Venturosa, irm\u00e3 Aparecida M\u00e1coris, de Tupanatinga, e Lucicleide, de Bu\u00edque.\u00a0\u201cEstou muito feliz em estar aqui hoje, mas, principalmente, por saber que fa\u00e7o parte desse trabalho que transforma a vida de tantas pessoas. Que juntos possamos fazer mais e mais. Muit\u00edssimo obrigada!\u201d, agradeceu Lucicleide. Padre Benevaldo tamb\u00e9m agradeceu por fazer parte da caminhada da C\u00e1ritas durante todos esses anos, e expressou sua alegria em contar com uma C\u00e1ritas na Par\u00f3quia S\u00e3o F\u00e9lix de Cantalice, em Bu\u00edque.<\/p>\n<p>Ainda pela manh\u00e3, foi realizada uma celebra\u00e7\u00e3o eucar\u00edstica, presidida pelo assistente eclesi\u00e1stico da C\u00e1ritas Diocesana, padre F\u00e1bio Pereira, junto ao padre Benevaldo. \u201cDurante essa assembleia, \u00e9 important\u00edssimo termos uma celebra\u00e7\u00e3o eucar\u00edstica por tr\u00eas motivos. Primeiro, para ouvirmos a Palavra do Senhor. Segundo, porque a C\u00e1ritas, ou seja, n\u00f3s, fazemos parte da Igreja. E terceiro, para celebrar a nossa caminhada durante esses anos. Juntos, agora, vamos dizer a Deus que atendemos ao seu chamado de estar junto com os mais necessitados\u201d, enfatizou a secret\u00e1ria-executiva da C\u00e1ritas Diocesana, Neilda Pereira.<\/p>\n<p>Em sua homilia, padre F\u00e1bio destacou a import\u00e2ncia de vivenciarmos o Evangelho de Jesus Cristo, enquanto mission\u00e1rios e agentes C\u00e1ritas, por meio da humildade, solidariedade e amor ao pr\u00f3ximo. Findando a celebra\u00e7\u00e3o, cada C\u00e1ritas Paroquial construiu a sua linha do tempo com o uso de fotos e demais registros de mem\u00f3ria. Os grupos de mulheres e a C\u00e1ritas Diocesana tamb\u00e9m participaram dessa constru\u00e7\u00e3o.<\/p>\n<p>Ap\u00f3s o almo\u00e7o, a programa\u00e7\u00e3o seguiu com a divis\u00e3o das pessoas presentes em dois grupos. O primeiro se deslocou \u00e0 Comunidade Quilombola Negro do Osso, em Pesqueira. Deste modo, os participantes \u00a0tiveram a oportunidade\u00a0de conhecer a realidade das diversas fam\u00edlias que moram naquela localidade a partir dos relatos feitos pelas pr\u00f3prias pessoas. Juntos, tamb\u00e9m\u00a0realizaram uma corrente de ora\u00e7\u00e3o.<\/p>\n<p>J\u00e1 o segundo grupo participou das delibera\u00e7\u00f5es da Assembleia Geral Ordin\u00e1ria, com a participa\u00e7\u00e3o de tr\u00eas associados de cada C\u00e1ritas Paroquial e Interparoquial, mais a diretoria-executiva da C\u00e1ritas Diocesana. A assembleia se dedicou a quatro tarefas principais: avaliar as a\u00e7\u00f5es desenvolvidas pela diretoria-executiva no per\u00edodo entre novembro de 2013 e novembro de 2016; deliberar sobre as novas associa\u00e7\u00f5es; eleger e dar posse \u00e0 nova diretoria-executiva, cuja gest\u00e3o se desenvolver\u00e1 entre 2017 e 2019; apreciar outros temas gerais de interesse da C\u00e1ritas Diocesana de Pesqueira.<\/p>\n<p><a href=\"http:\/\/ne2.caritas.org.br.s174889.gridserver.com\/wp-content\/uploads\/2016\/11\/DSC08848-1024x682.jpg\"><img decoding=\"async\" loading=\"lazy\" class=\"alignleft size-medium wp-image-3763\" title=\"DSC08848-1024x682\" src=\"http:\/\/ne2.caritas.org.br.s174889.gridserver.com\/wp-content\/uploads\/2016\/11\/DSC08848-1024x682-300x199.jpg\" alt=\"\" width=\"300\" height=\"199\" \/><\/a>Por unanimidade, a assembleia reconduziu a atual diretoria-executiva e o atual conselho fiscal ao exerc\u00edcio de suas fun\u00e7\u00f5es, apenas com a inclus\u00e3o nas chapas do conselheiro fiscal suplente Paulo Ferreira, agente da C\u00e1ritas Paroquial C\u00f4nego Emanoel Vasconcelos, da cidade da Pedra. No\u00a0encerramento da assembleia, dois pontos foram destacados para as a\u00e7\u00f5es do pr\u00f3ximo per\u00edodo: a realiza\u00e7\u00e3o de mais interc\u00e2mbios entre as C\u00e1ritas Paroquiais e Interparoquial e o estabelecimento como meta de que todas as par\u00f3quias no \u00e2mbito diocesano possam contar com C\u00e1ritas Paroquiais ou Interparoquiais at\u00e9 o centen\u00e1rio da Diocese de Pesqueira, a ser comemorado em 2018.<\/p>\n<p><em>Por Rosanny Barreto \/ N\u00facleo de Comunica\u00e7\u00e3o da C\u00e1ritas Diocesana de Pesqueira \u2013 PE<\/em><br \/>\n<em>Edi\u00e7\u00e3o: Luciano Gallas \/ Assessoria Nacional de Comunica\u00e7\u00e3o da C\u00e1ritas Brasileira<\/em><br \/>\n<em>Fotos: Rosanny Barreto<\/em><\/p>\n<ul class=\"ssb_list_wrapper\"><li class=\"fb2\" style=\"width:135px\"><iframe src=\"\/\/www.facebook.com\/plugins\/like.php?href=https%3A%2F%2Fwww.caritasne2.org.br%2Fsite%2Fpesqueira-realiza-assembleia-decide-rumos-para-os-proximos-anos%2F&amp;layout=button_count&amp;action=like&amp;show_faces=false&amp;share=true&amp;width=135&amp;height=21&amp;appId=307091639398582\" scrolling=\"no\" frameborder=\"0\" style=\"border:none; overflow:hidden;  width:150px; height:21px;\" allowTransparency=\"true\"><\/iframe><\/li><li class=\"twtr\" style=\"width:90px\"><a href=\"https:\/\/twitter.com\/share\" class=\"twitter-share-button\" data-url=\"https:\/\/www.caritasne2.org.br\/site\/pesqueira-realiza-assembleia-decide-rumos-para-os-proximos-anos\/\">&nbsp;<\/a><script>!function(d,s,id){var js,fjs=d.getElementsByTagName(s)[0],p=\/^http:\/.test(d.location)?'http':'https';if(!d.getElementById(id)){js=d.createElement(s);js.id=id;js.src=p+':\/\/platform.twitter.com\/widgets.js';fjs.parentNode.insertBefore(js,fjs);}}(document, 'script', 'twitter-wjs');<\/script><\/li><li class=\"gplus\" style=\"width:68px\"><div class=\"g-plusone\" data-size=\"medium\" data-href=\"https:\/\/www.caritasne2.org.br\/site\/pesqueira-realiza-assembleia-decide-rumos-para-os-proximos-anos\/\"><\/div><\/li><li class=\"ssb_linkedin\" style=\"width:64px\"><script src=\"\/\/platform.linkedin.com\/in.js\" type=\"text\/javascript\">lang: en_US<\/script><script type=\"IN\/Share\" data-url=\"https:\/\/www.caritasne2.org.br\/site\/pesqueira-realiza-assembleia-decide-rumos-para-os-proximos-anos\/\" data-counter=\"right\"><\/script><\/li><\/ul>","protected":false},"excerpt":{"rendered":"<p>A C\u00e1ritas Diocesana de Pesqueira realizou a III Assembleia Geral Ordin\u00e1ria no Centro Pastoral Dom Helder, na \u00faltima sexta-feira, dia 18 de novembro. Estiveram presentes a equipe da C\u00e1ritas Diocesana, sua diretoria-executiva e o conselho fiscal, al\u00e9m das representa\u00e7\u00f5es das seis C\u00e1ritas paroquiais e da C\u00e1ritas Interparoquial que comp\u00f5em a diocese,\u00a0de uma s\u00e9tima C\u00e1ritas paroquial que est\u00e1 em processo de forma\u00e7\u00e3o,\u00a0dos grupos de mulheres acompanhados [&hellip;]<\/p>\n<ul class=\"ssb_list_wrapper\"><li class=\"fb2\" style=\"width:135px\"><iframe src=\"\/\/www.facebook.com\/plugins\/like.php?href=https%3A%2F%2Fwww.caritasne2.org.br%2Fsite%2Fpesqueira-realiza-assembleia-decide-rumos-para-os-proximos-anos%2F&amp;layout=button_count&amp;action=like&amp;show_faces=false&amp;share=true&amp;width=135&amp;height=21&amp;appId=307091639398582\" scrolling=\"no\" frameborder=\"0\" style=\"border:none; overflow:hidden;  width:150px; height:21px;\" allowTransparency=\"true\"><\/iframe><\/li><li class=\"twtr\" style=\"width:90px\"><a href=\"https:\/\/twitter.com\/share\" class=\"twitter-share-button\" data-url=\"https:\/\/www.caritasne2.org.br\/site\/pesqueira-realiza-assembleia-decide-rumos-para-os-proximos-anos\/\">&nbsp;<\/a><script>!function(d,s,id){var js,fjs=d.getElementsByTagName(s)[0],p=\/^http:\/.test(d.location)?'http':'https';if(!d.getElementById(id)){js=d.createElement(s);js.id=id;js.src=p+':\/\/platform.twitter.com\/widgets.js';fjs.parentNode.insertBefore(js,fjs);}}(document, 'script', 'twitter-wjs');<\/script><\/li><li class=\"gplus\" style=\"width:68px\"><div class=\"g-plusone\" data-size=\"medium\" data-href=\"https:\/\/www.caritasne2.org.br\/site\/pesqueira-realiza-assembleia-decide-rumos-para-os-proximos-anos\/\"><\/div><\/li><li class=\"ssb_linkedin\" style=\"width:64px\"><script src=\"\/\/platform.linkedin.com\/in.js\" type=\"text\/javascript\">lang: en_US<\/script><script type=\"IN\/Share\" data-url=\"https:\/\/www.caritasne2.org.br\/site\/pesqueira-realiza-assembleia-decide-rumos-para-os-proximos-anos\/\" data-counter=\"right\"><\/script><\/li><\/ul>","protected":false},"author":4,"featured_media":3761,"comment_status":"open","ping_status":"open","sticky":false,"template":"","format":"standard","meta":[],"categories":[20,466],"tags":[785,590,268,67],"_links":{"self":[{"href":"https:\/\/www.caritasne2.org.br\/site\/wp-json\/wp\/v2\/posts\/3758"}],"collection":[{"href":"https:\/\/www.caritasne2.org.br\/site\/wp-json\/wp\/v2\/posts"}],"about":[{"href":"https:\/\/www.caritasne2.org.br\/site\/wp-json\/wp\/v2\/types\/post"}],"author":[{"embeddable":true,"href":"https:\/\/www.caritasne2.org.br\/site\/wp-json\/wp\/v2\/users\/4"}],"replies":[{"embeddable":true,"href":"https:\/\/www.caritasne2.org.br\/site\/wp-json\/wp\/v2\/comments?post=3758"}],"version-history":[{"count":0,"href":"https:\/\/www.caritasne2.org.br\/site\/wp-json\/wp\/v2\/posts\/3758\/revisions"}],"wp:featuredmedia":[{"embeddable":true,"href":"https:\/\/www.caritasne2.org.br\/site\/wp-json\/"}],"wp:attachment":[{"href":"https:\/\/www.caritasne2.org.br\/site\/wp-json\/wp\/v2\/media?parent=3758"}],"wp:term":[{"taxonomy":"category","embeddable":true,"href":"https:\/\/www.caritasne2.org.br\/site\/wp-json\/wp\/v2\/categories?post=3758"},{"taxonomy":"post_tag","embeddable":true,"href":"https:\/\/www.caritasne2.org.br\/site\/wp-json\/wp\/v2\/tags?post=3758"}],"curies":[{"name":"wp","href":"https:\/\/api.w.org\/{rel}","templated":true}]}}