{"id":3755,"date":"2016-11-22T21:52:15","date_gmt":"2016-11-22T23:52:15","guid":{"rendered":"http:\/\/ne2.caritas.org.br.s174889.gridserver.com\/?p=3755"},"modified":"2017-07-11T15:16:52","modified_gmt":"2017-07-11T18:16:52","slug":"asdp-realiza-modulo-de-educacao-contextualizada-em-desterro-pb","status":"publish","type":"post","link":"https:\/\/www.caritasne2.org.br\/site\/asdp-realiza-modulo-de-educacao-contextualizada-em-desterro-pb\/","title":{"rendered":"ASDP realiza m\u00f3dulo de Educa\u00e7\u00e3o Contextualizada em Desterro (PB)"},"content":{"rendered":"<div>A A\u00e7\u00e3o Social Diocesana de Patos (ASDP), em parceria a Articula\u00e7\u00e3o do Semi\u00e1rido (ASA), por meio do Programa Cisterna nas Escolas, realizou nos dias 17 e 18 de novembro, na Escola Nevinha Dantas, localizada na Comunidade Tata\u00edra em Desterro (PB) o 2\u00ba M\u00f3dulo da Oficina de Educa\u00e7\u00e3o Contextualizada e Conviv\u00eancia com o Semi\u00e1rido, direcionado aos professores e supervisores de escolas do campo. Participaram do evento cerca de 25 pessoas, entre t\u00e9cnicos e profissionais.<\/div>\n<div><\/div>\n<div>Durante os dois dias de evento, os participantes discutiram quest\u00f5es voltadas a identifica\u00e7\u00e3o pessoal e regional, onde foi dada uma contextualiza\u00e7\u00e3o ao que foi exposto com as pr\u00e1ticas educacionais, voltadas para o semi\u00e1rido.<\/div>\n<div><\/div>\n<div>A a\u00e7\u00e3o ressaltou a import\u00e2ncia da utiliza\u00e7\u00e3o dessas metodologias para a dinamiza\u00e7\u00e3o e aprofundamento do conhecimento sobre o semi\u00e1rido, destacando valores que fazem parte da viv\u00eancia dos alunos e da comunidade.<\/div>\n<div><\/div>\n<div><em>Por Palloma Pires \/\u00a0<\/em><em>Comunicadora Popular &#8211; ASDP<\/em><\/div>\n<ul class=\"ssb_list_wrapper\"><li class=\"fb2\" style=\"width:135px\"><iframe src=\"\/\/www.facebook.com\/plugins\/like.php?href=https%3A%2F%2Fwww.caritasne2.org.br%2Fsite%2Fasdp-realiza-modulo-de-educacao-contextualizada-em-desterro-pb%2F&amp;layout=button_count&amp;action=like&amp;show_faces=false&amp;share=true&amp;width=135&amp;height=21&amp;appId=307091639398582\" scrolling=\"no\" frameborder=\"0\" style=\"border:none; overflow:hidden;  width:150px; height:21px;\" allowTransparency=\"true\"><\/iframe><\/li><li class=\"twtr\" style=\"width:90px\"><a href=\"https:\/\/twitter.com\/share\" class=\"twitter-share-button\" data-url=\"https:\/\/www.caritasne2.org.br\/site\/asdp-realiza-modulo-de-educacao-contextualizada-em-desterro-pb\/\">&nbsp;<\/a><script>!function(d,s,id){var js,fjs=d.getElementsByTagName(s)[0],p=\/^http:\/.test(d.location)?'http':'https';if(!d.getElementById(id)){js=d.createElement(s);js.id=id;js.src=p+':\/\/platform.twitter.com\/widgets.js';fjs.parentNode.insertBefore(js,fjs);}}(document, 'script', 'twitter-wjs');<\/script><\/li><li class=\"gplus\" style=\"width:68px\"><div class=\"g-plusone\" data-size=\"medium\" data-href=\"https:\/\/www.caritasne2.org.br\/site\/asdp-realiza-modulo-de-educacao-contextualizada-em-desterro-pb\/\"><\/div><\/li><li class=\"ssb_linkedin\" style=\"width:64px\"><script src=\"\/\/platform.linkedin.com\/in.js\" type=\"text\/javascript\">lang: en_US<\/script><script type=\"IN\/Share\" data-url=\"https:\/\/www.caritasne2.org.br\/site\/asdp-realiza-modulo-de-educacao-contextualizada-em-desterro-pb\/\" data-counter=\"right\"><\/script><\/li><\/ul>","protected":false},"excerpt":{"rendered":"<p>A A\u00e7\u00e3o Social Diocesana de Patos (ASDP), em parceria a Articula\u00e7\u00e3o do Semi\u00e1rido (ASA), por meio do Programa Cisterna nas Escolas, realizou nos dias 17 e 18 de novembro, na Escola Nevinha Dantas, localizada na Comunidade Tata\u00edra em Desterro (PB) o 2\u00ba M\u00f3dulo da Oficina de Educa\u00e7\u00e3o Contextualizada e Conviv\u00eancia com o Semi\u00e1rido, direcionado aos professores e supervisores de escolas do campo. Participaram do evento [&hellip;]<\/p>\n<ul class=\"ssb_list_wrapper\"><li class=\"fb2\" style=\"width:135px\"><iframe src=\"\/\/www.facebook.com\/plugins\/like.php?href=https%3A%2F%2Fwww.caritasne2.org.br%2Fsite%2Fasdp-realiza-modulo-de-educacao-contextualizada-em-desterro-pb%2F&amp;layout=button_count&amp;action=like&amp;show_faces=false&amp;share=true&amp;width=135&amp;height=21&amp;appId=307091639398582\" scrolling=\"no\" frameborder=\"0\" style=\"border:none; overflow:hidden;  width:150px; height:21px;\" allowTransparency=\"true\"><\/iframe><\/li><li class=\"twtr\" style=\"width:90px\"><a href=\"https:\/\/twitter.com\/share\" class=\"twitter-share-button\" data-url=\"https:\/\/www.caritasne2.org.br\/site\/asdp-realiza-modulo-de-educacao-contextualizada-em-desterro-pb\/\">&nbsp;<\/a><script>!function(d,s,id){var js,fjs=d.getElementsByTagName(s)[0],p=\/^http:\/.test(d.location)?'http':'https';if(!d.getElementById(id)){js=d.createElement(s);js.id=id;js.src=p+':\/\/platform.twitter.com\/widgets.js';fjs.parentNode.insertBefore(js,fjs);}}(document, 'script', 'twitter-wjs');<\/script><\/li><li class=\"gplus\" style=\"width:68px\"><div class=\"g-plusone\" data-size=\"medium\" data-href=\"https:\/\/www.caritasne2.org.br\/site\/asdp-realiza-modulo-de-educacao-contextualizada-em-desterro-pb\/\"><\/div><\/li><li class=\"ssb_linkedin\" style=\"width:64px\"><script src=\"\/\/platform.linkedin.com\/in.js\" type=\"text\/javascript\">lang: en_US<\/script><script type=\"IN\/Share\" data-url=\"https:\/\/www.caritasne2.org.br\/site\/asdp-realiza-modulo-de-educacao-contextualizada-em-desterro-pb\/\" data-counter=\"right\"><\/script><\/li><\/ul>","protected":false},"author":4,"featured_media":3769,"comment_status":"open","ping_status":"open","sticky":false,"template":"","format":"standard","meta":[],"categories":[72,20],"tags":[786,521],"_links":{"self":[{"href":"https:\/\/www.caritasne2.org.br\/site\/wp-json\/wp\/v2\/posts\/3755"}],"collection":[{"href":"https:\/\/www.caritasne2.org.br\/site\/wp-json\/wp\/v2\/posts"}],"about":[{"href":"https:\/\/www.caritasne2.org.br\/site\/wp-json\/wp\/v2\/types\/post"}],"author":[{"embeddable":true,"href":"https:\/\/www.caritasne2.org.br\/site\/wp-json\/wp\/v2\/users\/4"}],"replies":[{"embeddable":true,"href":"https:\/\/www.caritasne2.org.br\/site\/wp-json\/wp\/v2\/comments?post=3755"}],"version-history":[{"count":0,"href":"https:\/\/www.caritasne2.org.br\/site\/wp-json\/wp\/v2\/posts\/3755\/revisions"}],"wp:featuredmedia":[{"embeddable":true,"href":"https:\/\/www.caritasne2.org.br\/site\/wp-json\/"}],"wp:attachment":[{"href":"https:\/\/www.caritasne2.org.br\/site\/wp-json\/wp\/v2\/media?parent=3755"}],"wp:term":[{"taxonomy":"category","embeddable":true,"href":"https:\/\/www.caritasne2.org.br\/site\/wp-json\/wp\/v2\/categories?post=3755"},{"taxonomy":"post_tag","embeddable":true,"href":"https:\/\/www.caritasne2.org.br\/site\/wp-json\/wp\/v2\/tags?post=3755"}],"curies":[{"name":"wp","href":"https:\/\/api.w.org\/{rel}","templated":true}]}}