{"id":3748,"date":"2016-11-16T21:34:33","date_gmt":"2016-11-16T23:34:33","guid":{"rendered":"http:\/\/ne2.caritas.org.br.s174889.gridserver.com\/?p=3748"},"modified":"2017-07-11T15:16:52","modified_gmt":"2017-07-11T18:16:52","slug":"caritas-completa-60-anos-festa-partilha-celebracao","status":"publish","type":"post","link":"https:\/\/www.caritasne2.org.br\/site\/caritas-completa-60-anos-festa-partilha-celebracao\/","title":{"rendered":"C\u00e1ritas completa 60 anos com festa, partilha e celebra\u00e7\u00e3o"},"content":{"rendered":"<p>A C\u00e1ritas Brasileira comemorou seus 60 anos neste 12 de novembro, data exata do anivers\u00e1rio da entidade, com uma celebra\u00e7\u00e3o eucar\u00edstica em a\u00e7\u00e3o de gra\u00e7as realizada no audit\u00f3rio do Centro de Eventos Padre V\u00edtor Coelho, no Santu\u00e1rio Nacional de Nossa Senhora da Concei\u00e7\u00e3o Aparecida. Durante a celebra\u00e7\u00e3o, a imagem da M\u00e3e Aparecida recebeu um manto vermelho com a identidade visual dos 60 anos. \u00c0 noite, ocorreu a festa de anivers\u00e1rio no mesmo audit\u00f3rio, reunindo agentes C\u00e1ritas, voluntariado, convidados\/as, representantes de entidades parceiras e da confedera\u00e7\u00e3o C\u00e1ritas. A confraterniza\u00e7\u00e3o, que ocorreu durante o V Congresso Nacional da C\u00e1ritas Brasileira, contou com apresenta\u00e7\u00f5es culturais e o tradicional canto de\u00a0<em>Parab\u00e9ns!<\/em>.<a href=\"http:\/\/ne2.caritas.org.br.s174889.gridserver.com\/wp-content\/uploads\/2016\/11\/celebra\u00e7\u00e3o1-1024x683.jpg\"><img decoding=\"async\" loading=\"lazy\" class=\"alignright size-medium wp-image-3750\" title=\"celebra\u00e7\u00e3o1-1024x683\" src=\"http:\/\/ne2.caritas.org.br.s174889.gridserver.com\/wp-content\/uploads\/2016\/11\/celebra\u00e7\u00e3o1-1024x683-300x200.jpg\" alt=\"\" width=\"300\" height=\"200\" \/><\/a><\/p>\n<p>Na tarde do mesmo dia, entre a missa em a\u00e7\u00e3o de gra\u00e7as pelos 60 anos \u2013\u00a0celebrada pelo presidente da C\u00e1ritas Brasileira, dom Jo\u00e3o Costa, em conjunto com os bispos presentes \u2013\u00a0e a festa de anivers\u00e1rio, ocorreu a assembleia do congresso, durante a qual foram aprovadas a avalia\u00e7\u00e3o do \u00faltimo quadri\u00eanio, as estrat\u00e9gias tem\u00e1ticas para o pr\u00f3ximo per\u00edodo e o novo marco referencial da entidade. A miss\u00e3o da C\u00e1ritas passa a ser expressa na seguinte forma: \u201cTestemunhar e anunciar o Evangelho de Jesus Cristo, defendendo e promovendo toda forma de vida e participando da constru\u00e7\u00e3o solid\u00e1ria da sociedade do Bem Viver, sinal do Reino de Deus, junto com as pessoas em situa\u00e7\u00e3o de vulnerabilidade e exclus\u00e3o social\u201d. A assembleia tamb\u00e9m aprovou a\u00a0<a href=\"http:\/\/caritas.org.br\/?p=35557\" target=\"_blank\">Carta de Aparecida<\/a>, dispon\u00edvel aqui.<\/p>\n<p>J\u00e1 a festa de anivers\u00e1rio contou com a anima\u00e7\u00e3o contagiante do cantor, compositor e violeiro Pereira da Viola, precedida pela apresenta\u00e7\u00e3o da dupla sertaneja de raiz Dalan e Bueno. A dupla gravou seu primeiro CD, \u201cS\u00faplica de Caboclo\u201d, em 2012 \u2013\u00a0Dalan \u00e9 diretor fundador da C\u00e1ritas em Guarulhos (SP). Pereira da Viola, por sua vez, tem 20 anos de carreira, gravou cinco CDs autorais \u2013\u00a0\u201cTerra Boa\u201d, \u201cTawaran\u00e1\u201d, \u201cViola C\u00f3smica\u201d, \u201cViola \u00c9tica\u201d e \u201cAkpal\u00f4\u201d \u2013 e j\u00e1 se apresentou em pa\u00edses como Alemanha, Espanha, Inglaterra, Portugal e Venezuela. Ele\u00a0nasceu na comunidade quilombola de S\u00e3o Juli\u00e3o, no munic\u00edpio de Te\u00f3filo Otoni (MG), sendo filho do sanfoneiro Jo\u00e3o Preto e de M\u00e3e Augusta, cantadeira de Folia de Reis e de todo tipo de cantigas de roda, batuques e brincadeiras.<\/p>\n<p>Pereira da Viola cresceu em um ambiente musical rodeado de elementos da cultura popular. Na juventude, ampliou sua forma\u00e7\u00e3o com a experi\u00eancia como presidente de um sindicato rural, momento em que aproximou-se da luta dos movimentos sociais em defesa dos direitos dos trabalhadores e trabalhadoras.\u00a0Toda esta bagagem cultural modelou o desenvolvimento de sua habilidade ao viol\u00e3o e, sem seguida, \u00e0 viola, favorecendo tamb\u00e9m o desenvolvimento de sua poesia e a capacidade de mostrar a realidade rural de onde ele pr\u00f3prio surgia, marcado pelas influ\u00eancias de suas origens caipira, negra e ind\u00edgena. O m\u00fasico prepara agora o lan\u00e7amento de seu primeiro DVD solo, \u201cIncelente Maravia \u2013 20 Anos\u201d.<\/p>\n<p>A alegria e a partilha se fizerem presentes nas comemora\u00e7\u00f5es pelo anivers\u00e1rio da C\u00e1ritas e envolveram toda a rede nas a\u00e7\u00f5es realizadas ao longo do ano, caracterizadas pela reflex\u00e3o sobre os caminhos trilhados at\u00e9 aqui e sobre os pr\u00f3ximos passos a serem dados. Todo este processo foi guiado pela imagem peregrina de Nossa Senhora Aparecida, presente em toda a jornada. Com a realiza\u00e7\u00e3o do V Congresso Nacional, a imagem p\u00f4de retornar \u00e0 sua casa, no munic\u00edpio de Aparecida (SP), fechando o ciclo de um intenso trabalho. O\u00a0congresso da C\u00e1ritas finalizou neste domingo, dia 13 de novembro, com a realiza\u00e7\u00e3o da celebra\u00e7\u00e3o eucar\u00edstica de encerramento do Ano Santo da Miseric\u00f3rdia na Bas\u00edlica de Nossa Senhora Aparecida e o fechamento da Porta Santa \u2013 saiba mais sobre o\u00a0<a href=\"http:\/\/caritas.org.br\/?p=32009\" target=\"_blank\">Ano Santo<\/a>\u00a0aqui.<\/p>\n<p><em>Por Rede de Comunicadores e Comunicadoras da C\u00e1ritas Brasileira<\/em><br \/>\n<em>Fotos: Francielle Oliveira<\/em><br \/>\n<em>Foto de Pereira da Viola: Vilmar Oliveira (especial para a C\u00e1ritas)<\/em><\/p>\n<ul class=\"ssb_list_wrapper\"><li class=\"fb2\" style=\"width:135px\"><iframe src=\"\/\/www.facebook.com\/plugins\/like.php?href=https%3A%2F%2Fwww.caritasne2.org.br%2Fsite%2Fcaritas-completa-60-anos-festa-partilha-celebracao%2F&amp;layout=button_count&amp;action=like&amp;show_faces=false&amp;share=true&amp;width=135&amp;height=21&amp;appId=307091639398582\" scrolling=\"no\" frameborder=\"0\" style=\"border:none; overflow:hidden;  width:150px; height:21px;\" allowTransparency=\"true\"><\/iframe><\/li><li class=\"twtr\" style=\"width:90px\"><a href=\"https:\/\/twitter.com\/share\" class=\"twitter-share-button\" data-url=\"https:\/\/www.caritasne2.org.br\/site\/caritas-completa-60-anos-festa-partilha-celebracao\/\">&nbsp;<\/a><script>!function(d,s,id){var js,fjs=d.getElementsByTagName(s)[0],p=\/^http:\/.test(d.location)?'http':'https';if(!d.getElementById(id)){js=d.createElement(s);js.id=id;js.src=p+':\/\/platform.twitter.com\/widgets.js';fjs.parentNode.insertBefore(js,fjs);}}(document, 'script', 'twitter-wjs');<\/script><\/li><li class=\"gplus\" style=\"width:68px\"><div class=\"g-plusone\" data-size=\"medium\" data-href=\"https:\/\/www.caritasne2.org.br\/site\/caritas-completa-60-anos-festa-partilha-celebracao\/\"><\/div><\/li><li class=\"ssb_linkedin\" style=\"width:64px\"><script src=\"\/\/platform.linkedin.com\/in.js\" type=\"text\/javascript\">lang: en_US<\/script><script type=\"IN\/Share\" data-url=\"https:\/\/www.caritasne2.org.br\/site\/caritas-completa-60-anos-festa-partilha-celebracao\/\" data-counter=\"right\"><\/script><\/li><\/ul>","protected":false},"excerpt":{"rendered":"<p>A C\u00e1ritas Brasileira comemorou seus 60 anos neste 12 de novembro, data exata do anivers\u00e1rio da entidade, com uma celebra\u00e7\u00e3o eucar\u00edstica em a\u00e7\u00e3o de gra\u00e7as realizada no audit\u00f3rio do Centro de Eventos Padre V\u00edtor Coelho, no Santu\u00e1rio Nacional de Nossa Senhora da Concei\u00e7\u00e3o Aparecida. Durante a celebra\u00e7\u00e3o, a imagem da M\u00e3e Aparecida recebeu um manto vermelho com a identidade visual dos 60 anos. \u00c0 noite, [&hellip;]<\/p>\n<ul class=\"ssb_list_wrapper\"><li class=\"fb2\" style=\"width:135px\"><iframe src=\"\/\/www.facebook.com\/plugins\/like.php?href=https%3A%2F%2Fwww.caritasne2.org.br%2Fsite%2Fcaritas-completa-60-anos-festa-partilha-celebracao%2F&amp;layout=button_count&amp;action=like&amp;show_faces=false&amp;share=true&amp;width=135&amp;height=21&amp;appId=307091639398582\" scrolling=\"no\" frameborder=\"0\" style=\"border:none; overflow:hidden;  width:150px; height:21px;\" allowTransparency=\"true\"><\/iframe><\/li><li class=\"twtr\" style=\"width:90px\"><a href=\"https:\/\/twitter.com\/share\" class=\"twitter-share-button\" data-url=\"https:\/\/www.caritasne2.org.br\/site\/caritas-completa-60-anos-festa-partilha-celebracao\/\">&nbsp;<\/a><script>!function(d,s,id){var js,fjs=d.getElementsByTagName(s)[0],p=\/^http:\/.test(d.location)?'http':'https';if(!d.getElementById(id)){js=d.createElement(s);js.id=id;js.src=p+':\/\/platform.twitter.com\/widgets.js';fjs.parentNode.insertBefore(js,fjs);}}(document, 'script', 'twitter-wjs');<\/script><\/li><li class=\"gplus\" style=\"width:68px\"><div class=\"g-plusone\" data-size=\"medium\" data-href=\"https:\/\/www.caritasne2.org.br\/site\/caritas-completa-60-anos-festa-partilha-celebracao\/\"><\/div><\/li><li class=\"ssb_linkedin\" style=\"width:64px\"><script src=\"\/\/platform.linkedin.com\/in.js\" type=\"text\/javascript\">lang: en_US<\/script><script type=\"IN\/Share\" data-url=\"https:\/\/www.caritasne2.org.br\/site\/caritas-completa-60-anos-festa-partilha-celebracao\/\" data-counter=\"right\"><\/script><\/li><\/ul>","protected":false},"author":4,"featured_media":3749,"comment_status":"open","ping_status":"open","sticky":false,"template":"","format":"standard","meta":[],"categories":[774,20],"tags":[785,46,67,797],"_links":{"self":[{"href":"https:\/\/www.caritasne2.org.br\/site\/wp-json\/wp\/v2\/posts\/3748"}],"collection":[{"href":"https:\/\/www.caritasne2.org.br\/site\/wp-json\/wp\/v2\/posts"}],"about":[{"href":"https:\/\/www.caritasne2.org.br\/site\/wp-json\/wp\/v2\/types\/post"}],"author":[{"embeddable":true,"href":"https:\/\/www.caritasne2.org.br\/site\/wp-json\/wp\/v2\/users\/4"}],"replies":[{"embeddable":true,"href":"https:\/\/www.caritasne2.org.br\/site\/wp-json\/wp\/v2\/comments?post=3748"}],"version-history":[{"count":0,"href":"https:\/\/www.caritasne2.org.br\/site\/wp-json\/wp\/v2\/posts\/3748\/revisions"}],"wp:featuredmedia":[{"embeddable":true,"href":"https:\/\/www.caritasne2.org.br\/site\/wp-json\/"}],"wp:attachment":[{"href":"https:\/\/www.caritasne2.org.br\/site\/wp-json\/wp\/v2\/media?parent=3748"}],"wp:term":[{"taxonomy":"category","embeddable":true,"href":"https:\/\/www.caritasne2.org.br\/site\/wp-json\/wp\/v2\/categories?post=3748"},{"taxonomy":"post_tag","embeddable":true,"href":"https:\/\/www.caritasne2.org.br\/site\/wp-json\/wp\/v2\/tags?post=3748"}],"curies":[{"name":"wp","href":"https:\/\/api.w.org\/{rel}","templated":true}]}}