{"id":3741,"date":"2016-11-14T17:33:53","date_gmt":"2016-11-14T19:33:53","guid":{"rendered":"http:\/\/ne2.caritas.org.br.s174889.gridserver.com\/?p=3741"},"modified":"2017-07-11T15:16:52","modified_gmt":"2017-07-11T18:16:52","slug":"congresso-da-caritas-divulga-carta-de-aparecida","status":"publish","type":"post","link":"https:\/\/www.caritasne2.org.br\/site\/congresso-da-caritas-divulga-carta-de-aparecida\/","title":{"rendered":"Congresso da C\u00e1ritas divulga Carta de Aparecida"},"content":{"rendered":"<p align=\"center\"><strong>CARTA DE APARECIDA<\/strong><\/p>\n<p style=\"text-align: right;\">\u201cOs direitos humanos s\u00e3o violados n\u00e3o s\u00f3 pelo terrorismo, a repress\u00e3o, os assassinatos,<br \/>\nmas tamb\u00e9m pela exist\u00eancia de extrema pobreza e estruturas econ\u00f4micas injustas,<br \/>\nque originam as grandes desigualdades.\u201d<br \/>\n(Papa Francisco)<\/p>\n<p style=\"text-align: left;\" align=\"center\">O V Congresso da C\u00e1ritas Brasileira aconteceu em Aparecida-SP com a participa\u00e7\u00e3o de mais de 500 representantes de todas as regi\u00f5es do Brasil, e de representantes das Caritas irm\u00e3s e de entidades parceiras de algumas partes do mundo, homens e mulheres; jovens e idosos; do campo e da cidade; das florestas e das \u00e1guas que juntos vivenciaram, com a ben\u00e7\u00e3o da M\u00e3e Negra Aparecida, vieram concretizar um ano de celebra\u00e7\u00f5es dos 60 anos com presen\u00e7a e atua\u00e7\u00e3o da C\u00e1ritas Brasileira, tendo por tema Pastoralidade e Transforma\u00e7\u00e3o Social.<\/p>\n<p>Para seguidores e seguidoras de Jesus, o Bom Pastor, toda celebra\u00e7\u00e3o tem sentido de JUBILEU: dar gra\u00e7as e alegrar-nos por tudo que representou o avan\u00e7o na realiza\u00e7\u00e3o da miss\u00e3o; na identifica\u00e7\u00e3o e supera\u00e7\u00e3o das falhas e na defesa das novas prioridades como resposta aos recentes gritos e desafios dos pobres.<\/p>\n<p>Mesmo sentindo-nos duramente afetados pela crise pol\u00edtica que se aprofunda em nosso pa\u00eds e no mundo, com pr\u00e1ticas de corrup\u00e7\u00e3o, golpes e amea\u00e7as aos direitos sociais que levam as pessoas a desacreditar na democracia; mesmo sentindo-nos em comunh\u00e3o com a inseguran\u00e7a e sofrimento que um n\u00famero crescente de pessoas vivencia por causa do paradigma de desenvolvimento promovido pelo sistema capitalista dominante; e mesmo sentindo-nos fr\u00e1geis para enfrentar tantas amea\u00e7as e desafios como, por exemplo, o desemprego crescente, a viol\u00eancia contra os jovens negros, as pessoas em situa\u00e7\u00e3o de rua, \u00e0s lideran\u00e7as sociais, contra os defensores de direitos humanos, as mulheres, e tamb\u00e9m contra a m\u00e3e, exemplificado pelo crime da contamina\u00e7\u00e3o e morte do Rio Doce e de tantos rios brasileiros. Nada! E nem ningu\u00e9m nos roubar\u00e1 a esperan\u00e7a.<\/p>\n<p>Como resposta aos apelos de Deus e na fidelidade do seguimento de Jesus de Nazar\u00e9, assumimos, corajosamente, a miss\u00e3o de\u00a0<strong><em>Testemunhar e anunciar o Evangelho de Jesus Cristo, defendendo e promovendo toda forma de vida e participando da constru\u00e7\u00e3o solid\u00e1ria da sociedade do Bem Viver, sinal do Reino de Deus, junto com as pessoas em situa\u00e7\u00e3o de vulnerabilidade e exclus\u00e3o social<\/em><\/strong>. Somos testemunhas dos avan\u00e7os e conquistas dos grupos, das organiza\u00e7\u00f5es e dos movimentos sociais, e queremos que todos se alegrem junto aos pobres. Reafirmamos que n\u00e3o devemos recuar: nenhum direito a menos.<\/p>\n<p>\u00c9 inaceit\u00e1vel para n\u00f3s, e desejamos que o fosse tamb\u00e9m para todas as pessoas seguidoras de Jesus e que tem sentimento de humanidade, o dom\u00ednio de um sistema que concentra nas m\u00e3os de 1% da popula\u00e7\u00e3o a mesma renda que nos outros 99%. \u00c9 igualmente inaceit\u00e1vel que esta minoria continue promovendo o sistema de produ\u00e7\u00e3o, consumo, descartes e especula\u00e7\u00e3o, fen\u00f4menos respons\u00e1veis pela fome, o aquecimento global e as mudan\u00e7as clim\u00e1ticas que colocam em risco a vida na terra. Assumimos junto ao Papa Francisco que este \u00e9 um sistema que mata, e que exclui os pobres e a terra.<\/p>\n<p>Partimos deste jubileu de 60 anos com o compromisso de colocar em pr\u00e1tica com maior empenho a mensagem prof\u00e9tica da M\u00e3e Negra Aparecida: estarmos juntos, e caminhar com os pescadores artesanais, povos ind\u00edgenas e quilombolas e com todos os povos e comunidades tradicionais em suas lutas pelos seus territ\u00f3rios. Lutar, tamb\u00e9m, pelo fim da explora\u00e7\u00e3o, contamina\u00e7\u00e3o e envenenamento dos solos, das \u00e1guas, dos rios e do mar, para que todas as pessoas participem do milagre da pesca e de alimentos agroecol\u00f3gicos abundantes que Deus Criador, a M\u00e3e Terra e todos os trabalhadores e todas as trabalhadoras querem oferecer ao povo.<\/p>\n<p>Em vistas disso, assumimos novas prioridades e convidamos todas as pessoas a assum\u00ed-las, participando da (I) promo\u00e7\u00e3o e fortalecimento de iniciativas locais e territoriais na constru\u00e7\u00e3o da sociedade do Bem Viver, da (II) defesa e promo\u00e7\u00e3o de direitos, constru\u00e7\u00e3o e controle das pol\u00edticas p\u00fablicas, da (III) organiza\u00e7\u00e3o, fortalecimento e sustentabilidade da Rede C\u00e1ritas e da (IV) forma\u00e7\u00e3o permanente do voluntariado como concretiza\u00e7\u00e3o da nossa miss\u00e3o.<\/p>\n<p>Que Deus nos mantenha firmes neste caminho de constru\u00e7\u00e3o de uma sociedade brasileira e mundial assentadas na justi\u00e7a, na coopera\u00e7\u00e3o, na simplicidade entre os seres humanos, assim como nas rela\u00e7\u00f5es de amor, de cuidado e de harmonia com todos os seres da M\u00e3e terra, sendo e vivenciando as sociedades do bem viver.<\/p>\n<p><em>Aparecida, S\u00e3o Paulo, 12 de Novembro de 2016.<\/em><\/p>\n<ul class=\"ssb_list_wrapper\"><li class=\"fb2\" style=\"width:135px\"><iframe src=\"\/\/www.facebook.com\/plugins\/like.php?href=https%3A%2F%2Fwww.caritasne2.org.br%2Fsite%2Fcongresso-da-caritas-divulga-carta-de-aparecida%2F&amp;layout=button_count&amp;action=like&amp;show_faces=false&amp;share=true&amp;width=135&amp;height=21&amp;appId=307091639398582\" scrolling=\"no\" frameborder=\"0\" style=\"border:none; overflow:hidden;  width:150px; height:21px;\" allowTransparency=\"true\"><\/iframe><\/li><li class=\"twtr\" style=\"width:90px\"><a href=\"https:\/\/twitter.com\/share\" class=\"twitter-share-button\" data-url=\"https:\/\/www.caritasne2.org.br\/site\/congresso-da-caritas-divulga-carta-de-aparecida\/\">&nbsp;<\/a><script>!function(d,s,id){var js,fjs=d.getElementsByTagName(s)[0],p=\/^http:\/.test(d.location)?'http':'https';if(!d.getElementById(id)){js=d.createElement(s);js.id=id;js.src=p+':\/\/platform.twitter.com\/widgets.js';fjs.parentNode.insertBefore(js,fjs);}}(document, 'script', 'twitter-wjs');<\/script><\/li><li class=\"gplus\" style=\"width:68px\"><div class=\"g-plusone\" data-size=\"medium\" data-href=\"https:\/\/www.caritasne2.org.br\/site\/congresso-da-caritas-divulga-carta-de-aparecida\/\"><\/div><\/li><li class=\"ssb_linkedin\" style=\"width:64px\"><script src=\"\/\/platform.linkedin.com\/in.js\" type=\"text\/javascript\">lang: en_US<\/script><script type=\"IN\/Share\" data-url=\"https:\/\/www.caritasne2.org.br\/site\/congresso-da-caritas-divulga-carta-de-aparecida\/\" data-counter=\"right\"><\/script><\/li><\/ul>","protected":false},"excerpt":{"rendered":"<p>CARTA DE APARECIDA \u201cOs direitos humanos s\u00e3o violados n\u00e3o s\u00f3 pelo terrorismo, a repress\u00e3o, os assassinatos, mas tamb\u00e9m pela exist\u00eancia de extrema pobreza e estruturas econ\u00f4micas injustas, que originam as grandes desigualdades.\u201d (Papa Francisco) O V Congresso da C\u00e1ritas Brasileira aconteceu em Aparecida-SP com a participa\u00e7\u00e3o de mais de 500 representantes de todas as regi\u00f5es do Brasil, e de representantes das Caritas irm\u00e3s e de [&hellip;]<\/p>\n<ul class=\"ssb_list_wrapper\"><li class=\"fb2\" style=\"width:135px\"><iframe src=\"\/\/www.facebook.com\/plugins\/like.php?href=https%3A%2F%2Fwww.caritasne2.org.br%2Fsite%2Fcongresso-da-caritas-divulga-carta-de-aparecida%2F&amp;layout=button_count&amp;action=like&amp;show_faces=false&amp;share=true&amp;width=135&amp;height=21&amp;appId=307091639398582\" scrolling=\"no\" frameborder=\"0\" style=\"border:none; overflow:hidden;  width:150px; height:21px;\" allowTransparency=\"true\"><\/iframe><\/li><li class=\"twtr\" style=\"width:90px\"><a href=\"https:\/\/twitter.com\/share\" class=\"twitter-share-button\" data-url=\"https:\/\/www.caritasne2.org.br\/site\/congresso-da-caritas-divulga-carta-de-aparecida\/\">&nbsp;<\/a><script>!function(d,s,id){var js,fjs=d.getElementsByTagName(s)[0],p=\/^http:\/.test(d.location)?'http':'https';if(!d.getElementById(id)){js=d.createElement(s);js.id=id;js.src=p+':\/\/platform.twitter.com\/widgets.js';fjs.parentNode.insertBefore(js,fjs);}}(document, 'script', 'twitter-wjs');<\/script><\/li><li class=\"gplus\" style=\"width:68px\"><div class=\"g-plusone\" data-size=\"medium\" data-href=\"https:\/\/www.caritasne2.org.br\/site\/congresso-da-caritas-divulga-carta-de-aparecida\/\"><\/div><\/li><li class=\"ssb_linkedin\" style=\"width:64px\"><script src=\"\/\/platform.linkedin.com\/in.js\" type=\"text\/javascript\">lang: en_US<\/script><script type=\"IN\/Share\" data-url=\"https:\/\/www.caritasne2.org.br\/site\/congresso-da-caritas-divulga-carta-de-aparecida\/\" data-counter=\"right\"><\/script><\/li><\/ul>","protected":false},"author":4,"featured_media":3742,"comment_status":"open","ping_status":"open","sticky":false,"template":"","format":"standard","meta":[],"categories":[774,20],"tags":[785,46,848,67,797,331],"_links":{"self":[{"href":"https:\/\/www.caritasne2.org.br\/site\/wp-json\/wp\/v2\/posts\/3741"}],"collection":[{"href":"https:\/\/www.caritasne2.org.br\/site\/wp-json\/wp\/v2\/posts"}],"about":[{"href":"https:\/\/www.caritasne2.org.br\/site\/wp-json\/wp\/v2\/types\/post"}],"author":[{"embeddable":true,"href":"https:\/\/www.caritasne2.org.br\/site\/wp-json\/wp\/v2\/users\/4"}],"replies":[{"embeddable":true,"href":"https:\/\/www.caritasne2.org.br\/site\/wp-json\/wp\/v2\/comments?post=3741"}],"version-history":[{"count":0,"href":"https:\/\/www.caritasne2.org.br\/site\/wp-json\/wp\/v2\/posts\/3741\/revisions"}],"wp:featuredmedia":[{"embeddable":true,"href":"https:\/\/www.caritasne2.org.br\/site\/wp-json\/"}],"wp:attachment":[{"href":"https:\/\/www.caritasne2.org.br\/site\/wp-json\/wp\/v2\/media?parent=3741"}],"wp:term":[{"taxonomy":"category","embeddable":true,"href":"https:\/\/www.caritasne2.org.br\/site\/wp-json\/wp\/v2\/categories?post=3741"},{"taxonomy":"post_tag","embeddable":true,"href":"https:\/\/www.caritasne2.org.br\/site\/wp-json\/wp\/v2\/tags?post=3741"}],"curies":[{"name":"wp","href":"https:\/\/api.w.org\/{rel}","templated":true}]}}