{"id":3737,"date":"2016-11-10T17:30:33","date_gmt":"2016-11-10T20:30:33","guid":{"rendered":"http:\/\/ne2.caritas.org.br.s174889.gridserver.com\/?p=3737"},"modified":"2017-07-11T15:17:29","modified_gmt":"2017-07-11T18:17:29","slug":"dom-demetrio-valentini-preside-celebracao-eucaristica-de-abertura","status":"publish","type":"post","link":"https:\/\/www.caritasne2.org.br\/site\/dom-demetrio-valentini-preside-celebracao-eucaristica-de-abertura\/","title":{"rendered":"Dom Dem\u00e9trio Valentini preside celebra\u00e7\u00e3o eucar\u00edstica de abertura"},"content":{"rendered":"<p>A celebra\u00e7\u00e3o eucar\u00edstica de abertura do V Congresso Nacional da C\u00e1ritas no Santu\u00e1rio de Nossa Senhora Aparecida, que teve transmiss\u00e3o ao vivo pela TV Aparecida, foi presidida por dom Luiz Dem\u00e9trio Valentini, atual bispo em\u00e9rito de Jales\/SP e que atuou como presidente da C\u00e1ritas Brasileira por 16 anos. Na sauda\u00e7\u00e3o inicial da missa, foi feita refer\u00eancia ao jubileu de 60 anos da C\u00e1ritas no Brasil.<\/p>\n<p>Dom Dem\u00e9trio cumprimentou a assembleia dizendo da alegria do momento, da oportunidade do reencontro e do sentimento de comunh\u00e3o da eucaristia. O bispo refor\u00e7ou as reflex\u00f5es feitas durante o painel que ocorreu antes da missa, sobre os 60 anos de solidariedade da C\u00e1ritas, e lembrou das iniciativas da entidade, como o apoio \u00e0s v\u00edtimas do terremoto e, mais recentemente, do furac\u00e3o no Haiti. Ele lembrou que a a\u00e7\u00e3o foi organizada em poucos dias, demonstrando o empenho da C\u00e1ritas em assumir a articula\u00e7\u00e3o dessa campanha.<\/p>\n<p>O encerramento da celebra\u00e7\u00e3o foi com uma sauda\u00e7\u00e3o \u00e0 imagem peregrina de Nossa Senhora Aparecida, que percorreu todos os regionais da C\u00e1ritas Brasileira durante a trajet\u00f3ria de prepara\u00e7\u00e3o para o V Congresso Nacional, e que retorna agora para o santu\u00e1rio. Junto \u00e0 sauda\u00e7\u00e3o para a Padroeira do Brasil, os celebrantes entoaram um \u201cViva C\u00e1ritas!\u201d.<\/p>\n<p><em>Por Rede de Comunicadores e Comunicadoras da C\u00e1ritas Brasileira<\/em><br \/>\n<em>Reportagem: Iasmin Santana<\/em><br \/>\n<em>Fotos: Jose Hermes<\/em><\/p>\n<ul class=\"ssb_list_wrapper\"><li class=\"fb2\" style=\"width:135px\"><iframe src=\"\/\/www.facebook.com\/plugins\/like.php?href=https%3A%2F%2Fwww.caritasne2.org.br%2Fsite%2Fdom-demetrio-valentini-preside-celebracao-eucaristica-de-abertura%2F&amp;layout=button_count&amp;action=like&amp;show_faces=false&amp;share=true&amp;width=135&amp;height=21&amp;appId=307091639398582\" scrolling=\"no\" frameborder=\"0\" style=\"border:none; overflow:hidden;  width:150px; height:21px;\" allowTransparency=\"true\"><\/iframe><\/li><li class=\"twtr\" style=\"width:90px\"><a href=\"https:\/\/twitter.com\/share\" class=\"twitter-share-button\" data-url=\"https:\/\/www.caritasne2.org.br\/site\/dom-demetrio-valentini-preside-celebracao-eucaristica-de-abertura\/\">&nbsp;<\/a><script>!function(d,s,id){var js,fjs=d.getElementsByTagName(s)[0],p=\/^http:\/.test(d.location)?'http':'https';if(!d.getElementById(id)){js=d.createElement(s);js.id=id;js.src=p+':\/\/platform.twitter.com\/widgets.js';fjs.parentNode.insertBefore(js,fjs);}}(document, 'script', 'twitter-wjs');<\/script><\/li><li class=\"gplus\" style=\"width:68px\"><div class=\"g-plusone\" data-size=\"medium\" data-href=\"https:\/\/www.caritasne2.org.br\/site\/dom-demetrio-valentini-preside-celebracao-eucaristica-de-abertura\/\"><\/div><\/li><li class=\"ssb_linkedin\" style=\"width:64px\"><script src=\"\/\/platform.linkedin.com\/in.js\" type=\"text\/javascript\">lang: en_US<\/script><script type=\"IN\/Share\" data-url=\"https:\/\/www.caritasne2.org.br\/site\/dom-demetrio-valentini-preside-celebracao-eucaristica-de-abertura\/\" data-counter=\"right\"><\/script><\/li><\/ul>","protected":false},"excerpt":{"rendered":"<p>A celebra\u00e7\u00e3o eucar\u00edstica de abertura do V Congresso Nacional da C\u00e1ritas no Santu\u00e1rio de Nossa Senhora Aparecida, que teve transmiss\u00e3o ao vivo pela TV Aparecida, foi presidida por dom Luiz Dem\u00e9trio Valentini, atual bispo em\u00e9rito de Jales\/SP e que atuou como presidente da C\u00e1ritas Brasileira por 16 anos. Na sauda\u00e7\u00e3o inicial da missa, foi feita refer\u00eancia ao jubileu de 60 anos da C\u00e1ritas no Brasil. [&hellip;]<\/p>\n<ul class=\"ssb_list_wrapper\"><li class=\"fb2\" style=\"width:135px\"><iframe src=\"\/\/www.facebook.com\/plugins\/like.php?href=https%3A%2F%2Fwww.caritasne2.org.br%2Fsite%2Fdom-demetrio-valentini-preside-celebracao-eucaristica-de-abertura%2F&amp;layout=button_count&amp;action=like&amp;show_faces=false&amp;share=true&amp;width=135&amp;height=21&amp;appId=307091639398582\" scrolling=\"no\" frameborder=\"0\" style=\"border:none; overflow:hidden;  width:150px; height:21px;\" allowTransparency=\"true\"><\/iframe><\/li><li class=\"twtr\" style=\"width:90px\"><a href=\"https:\/\/twitter.com\/share\" class=\"twitter-share-button\" data-url=\"https:\/\/www.caritasne2.org.br\/site\/dom-demetrio-valentini-preside-celebracao-eucaristica-de-abertura\/\">&nbsp;<\/a><script>!function(d,s,id){var js,fjs=d.getElementsByTagName(s)[0],p=\/^http:\/.test(d.location)?'http':'https';if(!d.getElementById(id)){js=d.createElement(s);js.id=id;js.src=p+':\/\/platform.twitter.com\/widgets.js';fjs.parentNode.insertBefore(js,fjs);}}(document, 'script', 'twitter-wjs');<\/script><\/li><li class=\"gplus\" style=\"width:68px\"><div class=\"g-plusone\" data-size=\"medium\" data-href=\"https:\/\/www.caritasne2.org.br\/site\/dom-demetrio-valentini-preside-celebracao-eucaristica-de-abertura\/\"><\/div><\/li><li class=\"ssb_linkedin\" style=\"width:64px\"><script src=\"\/\/platform.linkedin.com\/in.js\" type=\"text\/javascript\">lang: en_US<\/script><script type=\"IN\/Share\" data-url=\"https:\/\/www.caritasne2.org.br\/site\/dom-demetrio-valentini-preside-celebracao-eucaristica-de-abertura\/\" data-counter=\"right\"><\/script><\/li><\/ul>","protected":false},"author":4,"featured_media":3738,"comment_status":"open","ping_status":"open","sticky":false,"template":"","format":"standard","meta":[],"categories":[20],"tags":[785,46,67,797,331],"_links":{"self":[{"href":"https:\/\/www.caritasne2.org.br\/site\/wp-json\/wp\/v2\/posts\/3737"}],"collection":[{"href":"https:\/\/www.caritasne2.org.br\/site\/wp-json\/wp\/v2\/posts"}],"about":[{"href":"https:\/\/www.caritasne2.org.br\/site\/wp-json\/wp\/v2\/types\/post"}],"author":[{"embeddable":true,"href":"https:\/\/www.caritasne2.org.br\/site\/wp-json\/wp\/v2\/users\/4"}],"replies":[{"embeddable":true,"href":"https:\/\/www.caritasne2.org.br\/site\/wp-json\/wp\/v2\/comments?post=3737"}],"version-history":[{"count":0,"href":"https:\/\/www.caritasne2.org.br\/site\/wp-json\/wp\/v2\/posts\/3737\/revisions"}],"wp:featuredmedia":[{"embeddable":true,"href":"https:\/\/www.caritasne2.org.br\/site\/wp-json\/"}],"wp:attachment":[{"href":"https:\/\/www.caritasne2.org.br\/site\/wp-json\/wp\/v2\/media?parent=3737"}],"wp:term":[{"taxonomy":"category","embeddable":true,"href":"https:\/\/www.caritasne2.org.br\/site\/wp-json\/wp\/v2\/categories?post=3737"},{"taxonomy":"post_tag","embeddable":true,"href":"https:\/\/www.caritasne2.org.br\/site\/wp-json\/wp\/v2\/tags?post=3737"}],"curies":[{"name":"wp","href":"https:\/\/api.w.org\/{rel}","templated":true}]}}