{"id":3734,"date":"2016-11-10T17:27:06","date_gmt":"2016-11-10T19:27:06","guid":{"rendered":"http:\/\/ne2.caritas.org.br.s174889.gridserver.com\/?p=3734"},"modified":"2017-07-11T15:17:29","modified_gmt":"2017-07-11T18:17:29","slug":"congresso-da-caritas-abre-painel-sobre-solidariedade","status":"publish","type":"post","link":"https:\/\/www.caritasne2.org.br\/site\/congresso-da-caritas-abre-painel-sobre-solidariedade\/","title":{"rendered":"V Congresso da C\u00e1ritas abre com painel sobre solidariedade"},"content":{"rendered":"<p>O painel \u201cC\u00e1ritas: 60 anos de solidariedade\u201d marcou o in\u00edcio do V Congresso Nacional da C\u00e1ritas Brasileira nesta quarta-feira, dia 9 de novembro, no Santu\u00e1rio de Nossa Senhora da Concei\u00e7\u00e3o Aparecida, em Aparecida (SP). A mesa contou com a participa\u00e7\u00e3o de dom Dem\u00e9trio Valentini, bispo em\u00e9rito de Jales (SP) e ex-presidente da C\u00e1ritas Brasileira \u2013 esteve \u00e0 frente da entidade por 16 anos; Michel Roy, secret\u00e1rio-geral da Caritas Internationalis; Cristina Fran\u00e7a, volunt\u00e1ria da Rede C\u00e1ritas Cear\u00e1 na Arquidiocese de Fortaleza; e Leon Patrick, assessor nacional da C\u00e1ritas Brasileira para a a\u00e7\u00e3o em Inf\u00e2ncia, Adolesc\u00eancia e Juventudes. O painel foi mediado pela vice-presidente da C\u00e1ritas Brasileira, irm\u00e3 Lourdes Staudt Dill.<\/p>\n<p>Dom Dem\u00e9trio Valentini percorreu a a\u00e7\u00e3o da C\u00e1ritas, fazendo mem\u00f3ria do momento privilegiado do nascimento da entidade no Brasil, ainda na d\u00e9cada de 1950, quando o pessimismo e a amargura da \u00faltima guerra mundial davam lugar a tempos de esperan\u00e7a e otimismo. Tamb\u00e9m enfatizou a sintonia da C\u00e1ritas Brasileira com a Confer\u00eancia Nacional dos Bispos do Brasil (CNBB) e a resposta de convoca\u00e7\u00e3o da sociedade que a C\u00e1ritas sempre manteve, em especial nos momentos pol\u00edticos mais delicados, como o atual. \u201cTenho certeza que a C\u00e1ritas nunca se deparou em seus 60 anos com uma crise t\u00e3o profunda como essa que vivemos agora\u201d, declarou.<\/p>\n<p>\u201cO que aconteceu esta noite nos Estados Unidos (com a vit\u00f3ria de Donald Trump nas elei\u00e7\u00f5es presidenciais) e o que tem acontecido em outros pa\u00edses \u00e9 consequ\u00eancia direta de um modelo de desenvolvimento que marginaliza a grande maioria e beneficia poucos\u201d, apontou, por sua vez, Michel Roy em sua fala. Para o secret\u00e1rio-geral da Caritas Internationalis, \u00e9 necess\u00e1rio encontrar os caminhos para renovar o esp\u00edrito mission\u00e1rio e enfrentar os desafios desta \u00e9poca de profundas mudan\u00e7as. Ele compreende que n\u00e3o \u00e9 poss\u00edvel para a C\u00e1ritas fazer isto sozinha, mas ressaltou que os primeiros e importantes passos s\u00e3o a unidade de a\u00e7\u00e3o de toda a rede como uma \u00fanica fam\u00edlia, a congrega\u00e7\u00e3o com as diversas pastorais sociais e a constru\u00e7\u00e3o de sinergia com outras igrejas e outras religi\u00f5es. \u201cTemos o papel enorme de reumanizar, reinspirar este mundo\u201d, defendeu Michel Roy.<\/p>\n<p>Cristina Fran\u00e7a, agente da C\u00e1ritas Arquidiocesana de Fortaleza (CAF), do Regional Cear\u00e1, e volunt\u00e1ria da rede desde 2007, rememorou a hist\u00f3ria da C\u00e1ritas nas periferias de Fortaleza e no semi\u00e1rido cearense. Em registros de v\u00e1rios per\u00edodos da a\u00e7\u00e3o da CAF em v\u00eddeo exibido durante sua apresenta\u00e7\u00e3o e a partir do seu depoimento de vida, Cristina deu a dimens\u00e3o do trabalho de pastoralidade e transforma\u00e7\u00e3o social que p\u00f4de testemunhar e fazer parte como agente: no trabalho junto com catadoras e catadores de materiais recicl\u00e1veis; nas primeiras a\u00e7\u00f5es de conviv\u00eancia com o Semi\u00e1rido, garantindo acesso \u00e0 \u00e1gua a milhares de cearenses em per\u00edodos extensos de estiagem; nas forma\u00e7\u00f5es e mobiliza\u00e7\u00f5es em torno de pol\u00edticas p\u00fablicas, e tantas outras. Nas palavras dela: \u201cA C\u00e1ritas, por todas essas a\u00e7\u00f5es, nos mostra a que veio. Veio para a viv\u00eancia do amor, do respeito, da caridade, da justi\u00e7a, da vida. Porque cada projeto desses \u00e9 na perspectiva de oferecer uma vida melhor. Isto \u00e9 amor\u201d.<\/p>\n<p>Finalizando o painel, Leon Patrick representou a express\u00e3o jovem da Rede C\u00e1ritas. Da sua mem\u00f3ria afetiva, lembrou, ainda menino, dos agentes C\u00e1ritas em a\u00e7\u00e3o na comunidade Vila Maria, em Buritizeiro (MG). Contou que foi afetado por esta a\u00e7\u00e3o e se deixou afetar pela C\u00e1ritas, sendo acompanhado pelo ent\u00e3o Programa Crian\u00e7a e Adolescentes. Hoje, assume a miss\u00e3o de afetar os outros, como agente C\u00e1ritas que se tornou. E demonstra que sabe o caminho: \u201cA dimens\u00e3o maior da nossa a\u00e7\u00e3o \u00e9 o afeto, o cuidado e o encontro. Precisamos nos movimentar pelo amor e pela paix\u00e3o. N\u00e3o perder essa paix\u00e3o, para que outros tamb\u00e9m, como eu, se tornem apaixonados. E as novas gera\u00e7\u00f5es que est\u00e3o chegando, as juventudes, crian\u00e7as e adolescentes, precisam desse testemunho corporal nosso para que eles tamb\u00e9m se apaixonem e construam junto conosco a C\u00e1ritas para os pr\u00f3ximos anos\u201d.<\/p>\n<p><em>Por Rede de Comunicadores e Comunicadoras da C\u00e1ritas Brasileira<\/em><br \/>\n<em>Reportagem: Raquel Dantas<\/em><br \/>\n<em>Fotos: Francielle Oliveira<\/em><\/p>\n<ul class=\"ssb_list_wrapper\"><li class=\"fb2\" style=\"width:135px\"><iframe src=\"\/\/www.facebook.com\/plugins\/like.php?href=https%3A%2F%2Fwww.caritasne2.org.br%2Fsite%2Fcongresso-da-caritas-abre-painel-sobre-solidariedade%2F&amp;layout=button_count&amp;action=like&amp;show_faces=false&amp;share=true&amp;width=135&amp;height=21&amp;appId=307091639398582\" scrolling=\"no\" frameborder=\"0\" style=\"border:none; overflow:hidden;  width:150px; height:21px;\" allowTransparency=\"true\"><\/iframe><\/li><li class=\"twtr\" style=\"width:90px\"><a href=\"https:\/\/twitter.com\/share\" class=\"twitter-share-button\" data-url=\"https:\/\/www.caritasne2.org.br\/site\/congresso-da-caritas-abre-painel-sobre-solidariedade\/\">&nbsp;<\/a><script>!function(d,s,id){var js,fjs=d.getElementsByTagName(s)[0],p=\/^http:\/.test(d.location)?'http':'https';if(!d.getElementById(id)){js=d.createElement(s);js.id=id;js.src=p+':\/\/platform.twitter.com\/widgets.js';fjs.parentNode.insertBefore(js,fjs);}}(document, 'script', 'twitter-wjs');<\/script><\/li><li class=\"gplus\" style=\"width:68px\"><div class=\"g-plusone\" data-size=\"medium\" data-href=\"https:\/\/www.caritasne2.org.br\/site\/congresso-da-caritas-abre-painel-sobre-solidariedade\/\"><\/div><\/li><li class=\"ssb_linkedin\" style=\"width:64px\"><script src=\"\/\/platform.linkedin.com\/in.js\" type=\"text\/javascript\">lang: en_US<\/script><script type=\"IN\/Share\" data-url=\"https:\/\/www.caritasne2.org.br\/site\/congresso-da-caritas-abre-painel-sobre-solidariedade\/\" data-counter=\"right\"><\/script><\/li><\/ul>","protected":false},"excerpt":{"rendered":"<p>O painel \u201cC\u00e1ritas: 60 anos de solidariedade\u201d marcou o in\u00edcio do V Congresso Nacional da C\u00e1ritas Brasileira nesta quarta-feira, dia 9 de novembro, no Santu\u00e1rio de Nossa Senhora da Concei\u00e7\u00e3o Aparecida, em Aparecida (SP). A mesa contou com a participa\u00e7\u00e3o de dom Dem\u00e9trio Valentini, bispo em\u00e9rito de Jales (SP) e ex-presidente da C\u00e1ritas Brasileira \u2013 esteve \u00e0 frente da entidade por 16 anos; Michel Roy, [&hellip;]<\/p>\n<ul class=\"ssb_list_wrapper\"><li class=\"fb2\" style=\"width:135px\"><iframe src=\"\/\/www.facebook.com\/plugins\/like.php?href=https%3A%2F%2Fwww.caritasne2.org.br%2Fsite%2Fcongresso-da-caritas-abre-painel-sobre-solidariedade%2F&amp;layout=button_count&amp;action=like&amp;show_faces=false&amp;share=true&amp;width=135&amp;height=21&amp;appId=307091639398582\" scrolling=\"no\" frameborder=\"0\" style=\"border:none; overflow:hidden;  width:150px; height:21px;\" allowTransparency=\"true\"><\/iframe><\/li><li class=\"twtr\" style=\"width:90px\"><a href=\"https:\/\/twitter.com\/share\" class=\"twitter-share-button\" data-url=\"https:\/\/www.caritasne2.org.br\/site\/congresso-da-caritas-abre-painel-sobre-solidariedade\/\">&nbsp;<\/a><script>!function(d,s,id){var js,fjs=d.getElementsByTagName(s)[0],p=\/^http:\/.test(d.location)?'http':'https';if(!d.getElementById(id)){js=d.createElement(s);js.id=id;js.src=p+':\/\/platform.twitter.com\/widgets.js';fjs.parentNode.insertBefore(js,fjs);}}(document, 'script', 'twitter-wjs');<\/script><\/li><li class=\"gplus\" style=\"width:68px\"><div class=\"g-plusone\" data-size=\"medium\" data-href=\"https:\/\/www.caritasne2.org.br\/site\/congresso-da-caritas-abre-painel-sobre-solidariedade\/\"><\/div><\/li><li class=\"ssb_linkedin\" style=\"width:64px\"><script src=\"\/\/platform.linkedin.com\/in.js\" type=\"text\/javascript\">lang: en_US<\/script><script type=\"IN\/Share\" data-url=\"https:\/\/www.caritasne2.org.br\/site\/congresso-da-caritas-abre-painel-sobre-solidariedade\/\" data-counter=\"right\"><\/script><\/li><\/ul>","protected":false},"author":4,"featured_media":3735,"comment_status":"open","ping_status":"open","sticky":false,"template":"","format":"standard","meta":[],"categories":[774,20],"tags":[785,46,67,797,331],"_links":{"self":[{"href":"https:\/\/www.caritasne2.org.br\/site\/wp-json\/wp\/v2\/posts\/3734"}],"collection":[{"href":"https:\/\/www.caritasne2.org.br\/site\/wp-json\/wp\/v2\/posts"}],"about":[{"href":"https:\/\/www.caritasne2.org.br\/site\/wp-json\/wp\/v2\/types\/post"}],"author":[{"embeddable":true,"href":"https:\/\/www.caritasne2.org.br\/site\/wp-json\/wp\/v2\/users\/4"}],"replies":[{"embeddable":true,"href":"https:\/\/www.caritasne2.org.br\/site\/wp-json\/wp\/v2\/comments?post=3734"}],"version-history":[{"count":0,"href":"https:\/\/www.caritasne2.org.br\/site\/wp-json\/wp\/v2\/posts\/3734\/revisions"}],"wp:featuredmedia":[{"embeddable":true,"href":"https:\/\/www.caritasne2.org.br\/site\/wp-json\/"}],"wp:attachment":[{"href":"https:\/\/www.caritasne2.org.br\/site\/wp-json\/wp\/v2\/media?parent=3734"}],"wp:term":[{"taxonomy":"category","embeddable":true,"href":"https:\/\/www.caritasne2.org.br\/site\/wp-json\/wp\/v2\/categories?post=3734"},{"taxonomy":"post_tag","embeddable":true,"href":"https:\/\/www.caritasne2.org.br\/site\/wp-json\/wp\/v2\/tags?post=3734"}],"curies":[{"name":"wp","href":"https:\/\/api.w.org\/{rel}","templated":true}]}}