{"id":3729,"date":"2016-11-06T17:23:28","date_gmt":"2016-11-06T19:23:28","guid":{"rendered":"http:\/\/ne2.caritas.org.br.s174889.gridserver.com\/?p=3729"},"modified":"2017-07-11T15:17:29","modified_gmt":"2017-07-11T18:17:29","slug":"santuario-de-aparecida-recebe-feira-nacional-de-ecosol","status":"publish","type":"post","link":"https:\/\/www.caritasne2.org.br\/site\/santuario-de-aparecida-recebe-feira-nacional-de-ecosol\/","title":{"rendered":"Santu\u00e1rio de Aparecida recebe Feira Nacional de EcoSol"},"content":{"rendered":"<p>Como parte da programa\u00e7\u00e3o do V Congresso Nacional da C\u00e1ritas Brasileira (V CNCB) e dentro das comemora\u00e7\u00f5es pelos 60 anos da entidade, a C\u00e1ritas estar\u00e1 realizando a Feira Nacional de Saberes e Sabores da Economia Solid\u00e1ria de 10 a 12 de novembro no Santu\u00e1rio Nacional de Nossa Senhora da Concei\u00e7\u00e3o Aparecida, no munic\u00edpio de Aparecida (SP). A abertura oficial da feira ocorrer\u00e1 \u00e0s 9 horas do dia 10, com a visita\u00e7\u00e3o transcorrendo nos tr\u00eas dias no hor\u00e1rio das 8 \u00e0s 17 horas. O acesso \u00e9 gratuito.<\/p>\n<p>A feira estar\u00e1 montada no espa\u00e7o localizado em frente ao Centro de Eventos Padre V\u00edtor Coelho, local de realiza\u00e7\u00e3o do V CNCB, na \u00e1rea do santu\u00e1rio, e poder\u00e1 ser acessada tamb\u00e9m pelos romeiros e romeiras que visitam a Bas\u00edlica de Nossa Senhora Aparecida. Estar\u00e3o expostos empreendimentos de Economia Solid\u00e1ria (EcoSol) apoiados pela C\u00e1ritas Brasileira provenientes de todas as regi\u00f5es do Brasil, os quais oferecer\u00e3o \u00e0 popula\u00e7\u00e3o produtos artesanais, de vestu\u00e1rio, de alimenta\u00e7\u00e3o e da agricultura familiar, entre outros.<\/p>\n<p>Al\u00e9m da exposi\u00e7\u00e3o de produtos, os consumidores que visitar\u00e3o a feira tamb\u00e9m encontrar\u00e3o ali um espa\u00e7o de valoriza\u00e7\u00e3o das manifesta\u00e7\u00f5es culturais locais e regionais, com apresenta\u00e7\u00f5es de artistas nas mais variadas formas de express\u00e3o \u2013 como m\u00fasica, poesia, teatro e cordel. A feira contar\u00e1 ainda com equipes especializadas na coleta e destina\u00e7\u00e3o de todos os res\u00edduos produzidos durante o per\u00edodo do evento, os quais ser\u00e3o repassados a organiza\u00e7\u00f5es de catadores e catadoras de materiais recicl\u00e1veis da regi\u00e3o de Aparecida.<\/p>\n<p>H\u00e1 atualmente no pa\u00eds cerca de 1,7 milh\u00e3o de homens e mulheres associados a empreendimentos de economia solid\u00e1ria dos mais variados ramos, entre os quais se destacam as atividades agropecu\u00e1rias, de extrativismo e de pesca (42% do total), a produ\u00e7\u00e3o de alimentos e bebidas (18%), os produtos artesanais (13%), a produ\u00e7\u00e3o t\u00eaxtil e de confec\u00e7\u00f5es (10%) e a presta\u00e7\u00e3o de servi\u00e7os (7%).<\/p>\n<p>Partilha e resist\u00eancia<\/p>\n<p>A C\u00e1ritas Brasileira tem 35 anos de atua\u00e7\u00e3o no campo da Economia Popular Solid\u00e1ria, apoiando a divulga\u00e7\u00e3o e comercializa\u00e7\u00e3o dos produtos, a valoriza\u00e7\u00e3o da cultura popular e o interc\u00e2mbio de saberes e sabores entre produtores e consumidores. Costuma-se associar a origem da Economia Solid\u00e1ria \u00e0s popula\u00e7\u00f5es ind\u00edgenas, que culturalmente praticam a economia com base na partilha e na solidariedade. J\u00e1 nos territ\u00f3rios urbanos, a EcoSol se desenvolveu a partir das cooperativas, como uma forma de resist\u00eancia contra o avan\u00e7o avassalador do capitalismo industrial.<\/p>\n<p>\u201cA Feira de Economia Solid\u00e1ria \u00e9 o congra\u00e7amento do trabalho realizado nestes 35 anos de atua\u00e7\u00e3o da C\u00e1ritas com o tema. Mais de 10 mil fam\u00edlias foram beneficiadas com o acompanhamento realizado no Brasil todo. \u00c9 ainda uma reafirma\u00e7\u00e3o de que outras pr\u00e1ticas e rela\u00e7\u00f5es entre as pessoas que n\u00e3o seja baseada em vantagens ou no lucro \u00e9 poss\u00edvel\u201d, avalia Fernando Zamban, que integra a coordena\u00e7\u00e3o colegiada nacional da C\u00e1ritas Brasileira.<\/p>\n<p>As feiras de EcoSol colocam \u00e0 disposi\u00e7\u00e3o da popula\u00e7\u00e3o alimentos sem agrot\u00f3xicos, produtos elaborados sem a ocorr\u00eancia de trabalho escravo ou infantil e artigos que n\u00e3o agridem o meio ambiente. Tamb\u00e9m permitem o di\u00e1logo com a sociedade sobre um outro modelo econ\u00f4mico, que j\u00e1 acontece e que se estrutura em formatos mais justos, equilibrados e sustent\u00e1veis de desenvolvimento. A rela\u00e7\u00e3o direta entre produtor e consumidor, sem a presen\u00e7a de intermedi\u00e1rios, ainda favorece a pr\u00e1tica de pre\u00e7os mais justos.<\/p>\n<p>\u201cEconomia Solid\u00e1ria \u00e9 outra forma de vender, comprar, consumir e viver as rela\u00e7\u00f5es sociais. Neste momento t\u00e3o importante para a C\u00e1ritas Brasileira, onde comemoramos 60 anos de experi\u00eancias relevantes, a Economia Solid\u00e1ria n\u00e3o poderia ficar fora das celebra\u00e7\u00f5es. Esperamos com essa feira tornar a EcoSol ainda mais conhecida. Tamb\u00e9m queremos que as pessoas que visitar\u00e3o a feira possam se lembrar que n\u00e3o estamos vendendo produtos ou servi\u00e7os, mas sim outros valores, outra forma de sociedade, mais justa e solid\u00e1ria\u201d, enfatiza Zamban.<\/p>\n<p>Para outras informa\u00e7\u00f5es sobre o V Congresso Nacional da C\u00e1ritas Brasileira, durante o qual ser\u00e3o comemorados os 60 anos da entidade,\u00a0<a href=\"http:\/\/caritas.org.br\/?p=33873\" target=\"_blank\">acesse aqui<\/a>.<\/p>\n<p>Servi\u00e7o:<br \/>\nO que?\u00a0Feira Nacional Saberes e Sabores da Economia Solid\u00e1ria<br \/>\nQuando? De 10 a 12 de novembro<br \/>\nOnde? Santu\u00e1rio Nacional de Nossa Senhora da Concei\u00e7\u00e3o Aparecida (SP)<br \/>\nEm que hor\u00e1rio? Das 8 \u00e0s 17 horas<br \/>\nCusto? Acesso gratuito<br \/>\nQuem exp\u00f5e? Empreendimentos apoiados pela C\u00e1ritas Brasileira<\/p>\n<p><em>Por Luciano Gallas \/ Assessoria Nacional de Comunica\u00e7\u00e3o<\/em><\/p>\n<ul class=\"ssb_list_wrapper\"><li class=\"fb2\" style=\"width:135px\"><iframe src=\"\/\/www.facebook.com\/plugins\/like.php?href=https%3A%2F%2Fwww.caritasne2.org.br%2Fsite%2Fsantuario-de-aparecida-recebe-feira-nacional-de-ecosol%2F&amp;layout=button_count&amp;action=like&amp;show_faces=false&amp;share=true&amp;width=135&amp;height=21&amp;appId=307091639398582\" scrolling=\"no\" frameborder=\"0\" style=\"border:none; overflow:hidden;  width:150px; height:21px;\" allowTransparency=\"true\"><\/iframe><\/li><li class=\"twtr\" style=\"width:90px\"><a href=\"https:\/\/twitter.com\/share\" class=\"twitter-share-button\" data-url=\"https:\/\/www.caritasne2.org.br\/site\/santuario-de-aparecida-recebe-feira-nacional-de-ecosol\/\">&nbsp;<\/a><script>!function(d,s,id){var js,fjs=d.getElementsByTagName(s)[0],p=\/^http:\/.test(d.location)?'http':'https';if(!d.getElementById(id)){js=d.createElement(s);js.id=id;js.src=p+':\/\/platform.twitter.com\/widgets.js';fjs.parentNode.insertBefore(js,fjs);}}(document, 'script', 'twitter-wjs');<\/script><\/li><li class=\"gplus\" style=\"width:68px\"><div class=\"g-plusone\" data-size=\"medium\" data-href=\"https:\/\/www.caritasne2.org.br\/site\/santuario-de-aparecida-recebe-feira-nacional-de-ecosol\/\"><\/div><\/li><li class=\"ssb_linkedin\" style=\"width:64px\"><script src=\"\/\/platform.linkedin.com\/in.js\" type=\"text\/javascript\">lang: en_US<\/script><script type=\"IN\/Share\" data-url=\"https:\/\/www.caritasne2.org.br\/site\/santuario-de-aparecida-recebe-feira-nacional-de-ecosol\/\" data-counter=\"right\"><\/script><\/li><\/ul>","protected":false},"excerpt":{"rendered":"<p>Como parte da programa\u00e7\u00e3o do V Congresso Nacional da C\u00e1ritas Brasileira (V CNCB) e dentro das comemora\u00e7\u00f5es pelos 60 anos da entidade, a C\u00e1ritas estar\u00e1 realizando a Feira Nacional de Saberes e Sabores da Economia Solid\u00e1ria de 10 a 12 de novembro no Santu\u00e1rio Nacional de Nossa Senhora da Concei\u00e7\u00e3o Aparecida, no munic\u00edpio de Aparecida (SP). A abertura oficial da feira ocorrer\u00e1 \u00e0s 9 horas [&hellip;]<\/p>\n<ul class=\"ssb_list_wrapper\"><li class=\"fb2\" style=\"width:135px\"><iframe src=\"\/\/www.facebook.com\/plugins\/like.php?href=https%3A%2F%2Fwww.caritasne2.org.br%2Fsite%2Fsantuario-de-aparecida-recebe-feira-nacional-de-ecosol%2F&amp;layout=button_count&amp;action=like&amp;show_faces=false&amp;share=true&amp;width=135&amp;height=21&amp;appId=307091639398582\" scrolling=\"no\" frameborder=\"0\" style=\"border:none; overflow:hidden;  width:150px; height:21px;\" allowTransparency=\"true\"><\/iframe><\/li><li class=\"twtr\" style=\"width:90px\"><a href=\"https:\/\/twitter.com\/share\" class=\"twitter-share-button\" data-url=\"https:\/\/www.caritasne2.org.br\/site\/santuario-de-aparecida-recebe-feira-nacional-de-ecosol\/\">&nbsp;<\/a><script>!function(d,s,id){var js,fjs=d.getElementsByTagName(s)[0],p=\/^http:\/.test(d.location)?'http':'https';if(!d.getElementById(id)){js=d.createElement(s);js.id=id;js.src=p+':\/\/platform.twitter.com\/widgets.js';fjs.parentNode.insertBefore(js,fjs);}}(document, 'script', 'twitter-wjs');<\/script><\/li><li class=\"gplus\" style=\"width:68px\"><div class=\"g-plusone\" data-size=\"medium\" data-href=\"https:\/\/www.caritasne2.org.br\/site\/santuario-de-aparecida-recebe-feira-nacional-de-ecosol\/\"><\/div><\/li><li class=\"ssb_linkedin\" style=\"width:64px\"><script src=\"\/\/platform.linkedin.com\/in.js\" type=\"text\/javascript\">lang: en_US<\/script><script type=\"IN\/Share\" data-url=\"https:\/\/www.caritasne2.org.br\/site\/santuario-de-aparecida-recebe-feira-nacional-de-ecosol\/\" data-counter=\"right\"><\/script><\/li><\/ul>","protected":false},"author":4,"featured_media":3730,"comment_status":"open","ping_status":"open","sticky":false,"template":"","format":"standard","meta":[],"categories":[774,20],"tags":[785,46,797,331],"_links":{"self":[{"href":"https:\/\/www.caritasne2.org.br\/site\/wp-json\/wp\/v2\/posts\/3729"}],"collection":[{"href":"https:\/\/www.caritasne2.org.br\/site\/wp-json\/wp\/v2\/posts"}],"about":[{"href":"https:\/\/www.caritasne2.org.br\/site\/wp-json\/wp\/v2\/types\/post"}],"author":[{"embeddable":true,"href":"https:\/\/www.caritasne2.org.br\/site\/wp-json\/wp\/v2\/users\/4"}],"replies":[{"embeddable":true,"href":"https:\/\/www.caritasne2.org.br\/site\/wp-json\/wp\/v2\/comments?post=3729"}],"version-history":[{"count":0,"href":"https:\/\/www.caritasne2.org.br\/site\/wp-json\/wp\/v2\/posts\/3729\/revisions"}],"wp:featuredmedia":[{"embeddable":true,"href":"https:\/\/www.caritasne2.org.br\/site\/wp-json\/"}],"wp:attachment":[{"href":"https:\/\/www.caritasne2.org.br\/site\/wp-json\/wp\/v2\/media?parent=3729"}],"wp:term":[{"taxonomy":"category","embeddable":true,"href":"https:\/\/www.caritasne2.org.br\/site\/wp-json\/wp\/v2\/categories?post=3729"},{"taxonomy":"post_tag","embeddable":true,"href":"https:\/\/www.caritasne2.org.br\/site\/wp-json\/wp\/v2\/tags?post=3729"}],"curies":[{"name":"wp","href":"https:\/\/api.w.org\/{rel}","templated":true}]}}