{"id":3724,"date":"2016-11-11T13:22:29","date_gmt":"2016-11-11T15:22:29","guid":{"rendered":"http:\/\/ne2.caritas.org.br.s174889.gridserver.com\/?p=3724"},"modified":"2017-07-11T15:16:52","modified_gmt":"2017-07-11T18:16:52","slug":"painelistas-analisam-conjuntura-eclesial-congresso-da-caritas","status":"publish","type":"post","link":"https:\/\/www.caritasne2.org.br\/site\/painelistas-analisam-conjuntura-eclesial-congresso-da-caritas\/","title":{"rendered":"Painelistas analisam conjuntura eclesial no Congresso da C\u00e1ritas"},"content":{"rendered":"<p>O primeiro painel desta quinta-feira, dia 10 de novembro, no V Congresso Nacional da C\u00e1ritas Brasileira teve como tema a An\u00e1lise da Conjuntura Eclesial, da qual participaram os professores padre Boris Agust\u00edn e Rosana Manzini. O painel foi mediado pelo diretor-tesoureiro da C\u00e1ritas Brasileira, Udelton da Paix\u00e3o,<\/p>\n<p>A primeira convidada a falar foi a professora Rosana Manzini, da Pontif\u00edcia Universidade Cat\u00f3lica de S\u00e3o Paulo (PUC-SP), mestre em Teologia Pr\u00e1tica. O discurso de Manzini levantou reflex\u00e3o sobre os dias atuais, de como o individualismo prega o individualismo, mesmo de forma mascarada, e de como isso contradiz tudo que ensinou Jesus Cristo por meio de seu Evangelho: \u201cA Igreja deve se arriscar, sair do comum e ser, de fato, samaritana. Precisamos despertar o sentido social e coletivo, e isso vem se perdendo na Igreja. Os movimentos e as pastorais s\u00e3o importantes. \u00c9 o momento em que olhamos para o outro, para o nosso irm\u00e3o\u201d, afirmou Manzini.<\/p>\n<p>Para ela, Papa Francisco \u00e9 a grande refer\u00eancia, por toda a sua simplicidade para com os pobres e mais necessitados. E citou uma frase dita por ele: \u201c\u00c9 preciso estar atento aos que nos rodeiam. Com isso seremos irm\u00e3os de f\u00e9 de forma plena\u201d.<\/p>\n<p>O segundo convidado, padre Boris Agust\u00edn, tamb\u00e9m destacou as a\u00e7\u00f5es do Papa Francisco como exemplo na atualidade do que pregou Jesus em sua \u00e9poca: olhar para os pobres com mais fraternidade, com mais amor. Ele afirmou que \u00e9 preciso pegar esse grande exemplo e levar para o \u00e2mbito local, para as dioceses: \u201cA nossa miss\u00e3o \u00e9 assumir as propostas pastorais do Papa Francisco e entender que a Igreja \u00e9 feita pelo clero, mas tamb\u00e9m pelos leigos, que propagam os ensinamentos de Cristo no ambiente secular\u201d.<\/p>\n<p>Padre Agust\u00edn explicou ainda o conceito da cruz enfeitada, uma forma de mascarar toda dor e sofrimento de Jesus Cristo. Segundo ele, uma forma errada de encarar toda a injusti\u00e7a sofrida por Jesus. Ele fez refer\u00eancia \u00e0s cruzes enfeitadas na nossa vida, quando nos dispomos a ser crist\u00e3os, mas n\u00e3o agimos como prega o Evangelho.<\/p>\n<p>Para encerrar, uma rodada de perguntas foi aberta aos participantes do Congresso, durante a qual os e as participantes do congresso provocar os painelistas com quest\u00f5es e tamb\u00e9m contribuir com an\u00e1lises sobre a atual conjuntura da Igreja Cat\u00f3lica.<\/p>\n<p><em>Por Rede de Comunicadores e Comunicadoras da C\u00e1ritas Brasileira<\/em><br \/>\n<em>Reportagem: Helder Quaresma<\/em><br \/>\n<em>Fotos de cima e de baixo: Alexsandro Nascimento<\/em><br \/>\n<em>Foto do meio: Francielle Oliveira<\/em><\/p>\n<ul class=\"ssb_list_wrapper\"><li class=\"fb2\" style=\"width:135px\"><iframe src=\"\/\/www.facebook.com\/plugins\/like.php?href=https%3A%2F%2Fwww.caritasne2.org.br%2Fsite%2Fpainelistas-analisam-conjuntura-eclesial-congresso-da-caritas%2F&amp;layout=button_count&amp;action=like&amp;show_faces=false&amp;share=true&amp;width=135&amp;height=21&amp;appId=307091639398582\" scrolling=\"no\" frameborder=\"0\" style=\"border:none; overflow:hidden;  width:150px; height:21px;\" allowTransparency=\"true\"><\/iframe><\/li><li class=\"twtr\" style=\"width:90px\"><a href=\"https:\/\/twitter.com\/share\" class=\"twitter-share-button\" data-url=\"https:\/\/www.caritasne2.org.br\/site\/painelistas-analisam-conjuntura-eclesial-congresso-da-caritas\/\">&nbsp;<\/a><script>!function(d,s,id){var js,fjs=d.getElementsByTagName(s)[0],p=\/^http:\/.test(d.location)?'http':'https';if(!d.getElementById(id)){js=d.createElement(s);js.id=id;js.src=p+':\/\/platform.twitter.com\/widgets.js';fjs.parentNode.insertBefore(js,fjs);}}(document, 'script', 'twitter-wjs');<\/script><\/li><li class=\"gplus\" style=\"width:68px\"><div class=\"g-plusone\" data-size=\"medium\" data-href=\"https:\/\/www.caritasne2.org.br\/site\/painelistas-analisam-conjuntura-eclesial-congresso-da-caritas\/\"><\/div><\/li><li class=\"ssb_linkedin\" style=\"width:64px\"><script src=\"\/\/platform.linkedin.com\/in.js\" type=\"text\/javascript\">lang: en_US<\/script><script type=\"IN\/Share\" data-url=\"https:\/\/www.caritasne2.org.br\/site\/painelistas-analisam-conjuntura-eclesial-congresso-da-caritas\/\" data-counter=\"right\"><\/script><\/li><\/ul>","protected":false},"excerpt":{"rendered":"<p>O primeiro painel desta quinta-feira, dia 10 de novembro, no V Congresso Nacional da C\u00e1ritas Brasileira teve como tema a An\u00e1lise da Conjuntura Eclesial, da qual participaram os professores padre Boris Agust\u00edn e Rosana Manzini. O painel foi mediado pelo diretor-tesoureiro da C\u00e1ritas Brasileira, Udelton da Paix\u00e3o, A primeira convidada a falar foi a professora Rosana Manzini, da Pontif\u00edcia Universidade Cat\u00f3lica de S\u00e3o Paulo (PUC-SP), [&hellip;]<\/p>\n<ul class=\"ssb_list_wrapper\"><li class=\"fb2\" style=\"width:135px\"><iframe src=\"\/\/www.facebook.com\/plugins\/like.php?href=https%3A%2F%2Fwww.caritasne2.org.br%2Fsite%2Fpainelistas-analisam-conjuntura-eclesial-congresso-da-caritas%2F&amp;layout=button_count&amp;action=like&amp;show_faces=false&amp;share=true&amp;width=135&amp;height=21&amp;appId=307091639398582\" scrolling=\"no\" frameborder=\"0\" style=\"border:none; overflow:hidden;  width:150px; height:21px;\" allowTransparency=\"true\"><\/iframe><\/li><li class=\"twtr\" style=\"width:90px\"><a href=\"https:\/\/twitter.com\/share\" class=\"twitter-share-button\" data-url=\"https:\/\/www.caritasne2.org.br\/site\/painelistas-analisam-conjuntura-eclesial-congresso-da-caritas\/\">&nbsp;<\/a><script>!function(d,s,id){var js,fjs=d.getElementsByTagName(s)[0],p=\/^http:\/.test(d.location)?'http':'https';if(!d.getElementById(id)){js=d.createElement(s);js.id=id;js.src=p+':\/\/platform.twitter.com\/widgets.js';fjs.parentNode.insertBefore(js,fjs);}}(document, 'script', 'twitter-wjs');<\/script><\/li><li class=\"gplus\" style=\"width:68px\"><div class=\"g-plusone\" data-size=\"medium\" data-href=\"https:\/\/www.caritasne2.org.br\/site\/painelistas-analisam-conjuntura-eclesial-congresso-da-caritas\/\"><\/div><\/li><li class=\"ssb_linkedin\" style=\"width:64px\"><script src=\"\/\/platform.linkedin.com\/in.js\" type=\"text\/javascript\">lang: en_US<\/script><script type=\"IN\/Share\" data-url=\"https:\/\/www.caritasne2.org.br\/site\/painelistas-analisam-conjuntura-eclesial-congresso-da-caritas\/\" data-counter=\"right\"><\/script><\/li><\/ul>","protected":false},"author":4,"featured_media":3725,"comment_status":"open","ping_status":"open","sticky":false,"template":"","format":"standard","meta":[],"categories":[774,20],"tags":[785,46,67,797,331],"_links":{"self":[{"href":"https:\/\/www.caritasne2.org.br\/site\/wp-json\/wp\/v2\/posts\/3724"}],"collection":[{"href":"https:\/\/www.caritasne2.org.br\/site\/wp-json\/wp\/v2\/posts"}],"about":[{"href":"https:\/\/www.caritasne2.org.br\/site\/wp-json\/wp\/v2\/types\/post"}],"author":[{"embeddable":true,"href":"https:\/\/www.caritasne2.org.br\/site\/wp-json\/wp\/v2\/users\/4"}],"replies":[{"embeddable":true,"href":"https:\/\/www.caritasne2.org.br\/site\/wp-json\/wp\/v2\/comments?post=3724"}],"version-history":[{"count":0,"href":"https:\/\/www.caritasne2.org.br\/site\/wp-json\/wp\/v2\/posts\/3724\/revisions"}],"wp:featuredmedia":[{"embeddable":true,"href":"https:\/\/www.caritasne2.org.br\/site\/wp-json\/"}],"wp:attachment":[{"href":"https:\/\/www.caritasne2.org.br\/site\/wp-json\/wp\/v2\/media?parent=3724"}],"wp:term":[{"taxonomy":"category","embeddable":true,"href":"https:\/\/www.caritasne2.org.br\/site\/wp-json\/wp\/v2\/categories?post=3724"},{"taxonomy":"post_tag","embeddable":true,"href":"https:\/\/www.caritasne2.org.br\/site\/wp-json\/wp\/v2\/tags?post=3724"}],"curies":[{"name":"wp","href":"https:\/\/api.w.org\/{rel}","templated":true}]}}