{"id":3719,"date":"2016-11-10T17:11:40","date_gmt":"2016-11-10T19:11:40","guid":{"rendered":"http:\/\/ne2.caritas.org.br.s174889.gridserver.com\/?p=3719"},"modified":"2017-07-11T15:17:29","modified_gmt":"2017-07-11T18:17:29","slug":"cultura-popular-marca-inicio-da-feira-nacional-de-ecosol","status":"publish","type":"post","link":"https:\/\/www.caritasne2.org.br\/site\/cultura-popular-marca-inicio-da-feira-nacional-de-ecosol\/","title":{"rendered":"Cultura popular marca in\u00edcio da Feira Nacional de EcoSol"},"content":{"rendered":"<p>A Feira Nacional Saberes e Sabores da Economia Solid\u00e1ria leva j\u00e1 em seu nome o significado do que \u00e9: espa\u00e7o onde empreendimentos de Economia Solid\u00e1ria (EcoSol), apoiados pela C\u00e1ritas Brasileira e provenientes de todas as regi\u00f5es do Brasil, oferecem \u00e0 popula\u00e7\u00e3o uma diversidade de sabores, com a exposi\u00e7\u00e3o de produtos aliment\u00edcios regionais e da agricultura familiar, al\u00e9m de artesanatos e de vestu\u00e1rio, e de saberes, por meio de oficinas sobre EcoSol e apresenta\u00e7\u00f5es culturais locais e regionais.<\/p>\n<p>A feira foi aberta na manh\u00e3 desta quinta-feira, dia 10, no Santu\u00e1rio Nacional de Nossa Senhora da Concei\u00e7\u00e3o Aparecida, no munic\u00edpio de Aparecida (SP), e faz parte da programa\u00e7\u00e3o do V Congresso Nacional da C\u00e1ritas Brasileira (V CNCB). A abertura contou com c\u00e2nticos regionais, declama\u00e7\u00e3o de um bonito cordel sobre a Economia Solid\u00e1ria, de autoria de Rita de Assis Costa (C\u00e1ritas de Palmeira do \u00cdndios \u2014 Alagoas), e uma ciranda animada embalada por m\u00fasicas de forr\u00f3.<\/p>\n<p>Nas boas-vindas ao p\u00fablico, a vice-presidente da C\u00e1ritas, irm\u00e3 Lourdes Dill, parabenizou a todos e todas que contribu\u00edram para a organiza\u00e7\u00e3o da feira e agradeceu aos expositores presentes, tanto dos empreendimentos de EcoSol quanto dos regionais da C\u00e1ritas. Ela ressaltou a necessidade de garantir que a cada evento da C\u00e1ritas haja espa\u00e7o para a realiza\u00e7\u00e3o de Feiras de Ecosol, garantindo a visibilidade desse tipo de evento. Tamb\u00e9m fez uma cr\u00edtica ao governo atual, que n\u00e3o entende a constru\u00e7\u00e3o hist\u00f3rica da Economia Solid\u00e1ria no Brasil e tem buscado enfraquecer as a\u00e7\u00f5es voltadas para o cooperativismo e o trabalho associado.<\/p>\n<p>Diante desse cen\u00e1rio, irm\u00e3 Lourdes fez um convite para que sejamos \u201cfortes, unidos, solid\u00e1rios e protagonistas da continuidade do trabalho\u201d. Aproveitou para convocar os(as) presentes para a celebra\u00e7\u00e3o do 1\u00ba Jubileu da Feira Internacional do Cooperativismo, que ocorrer\u00e1 de 12 a 15 de julho de 2018 em Santa Maria (RS), e encerrou sua fala desejando uma grande Feira Nacional Saberes e Sabores da Economia Solid\u00e1ria para todos e todas. E pediu ao p\u00fablico que repetisse a frase: \u201cEconomia \u00e9 todo dia! A nossa vida n\u00e3o \u00e9 mercadoria!\u201d<\/p>\n<p>Uma representante de um empreendimento de EcoSol acompanhado pela C\u00e1ritas no Esp\u00edrito Santo, dona Maria Ant\u00f4nia, expressou a alegria de participar da feira e deixou uma mensagem sobre a necessidade de manter esse trabalho de resist\u00eancia e de valoriza\u00e7\u00e3o da economia solid\u00e1ria.<\/p>\n<p>Durante a feira, haver\u00e1 momentos formativos, como a oficina de Sistemas de Informa\u00e7\u00e3o de EcoSol. No local, o p\u00fablico tamb\u00e9m poder\u00e1 conferir e adquirir, por exemplo, os artesanatos da Associa\u00e7\u00e3o Verbo Tecer, localizada em Blumenau (SC) e formada, atualmente, por 15 mulheres e 2 homens. Dona Ieda, representante da Verbo Tecer, est\u00e1 na feira expondo produtos feitos de tric\u00f4, croch\u00ea e bordado, dentre outras t\u00e9cnicas. A visita\u00e7\u00e3o ao espa\u00e7o da feira \u00e9 gratuita e pode ser feita de 10 a 12 de novembro, das 8 \u00e0s 17 horas, junto \u00e0 entrada do Centro de Eventos Padre V\u00edtor Coelho, na \u00e1rea do Santu\u00e1rio Nacional de Aparecida.<\/p>\n<p>Para outras informa\u00e7\u00f5es sobre o V Congresso Nacional da C\u00e1ritas Brasileira, durante o qual ser\u00e3o comemorados os 60 anos da entidade,\u00a0<a href=\"http:\/\/caritas.org.br\/?p=33873\" target=\"_blank\">acesse aqui<\/a>.<\/p>\n<p><em>Por Rede de Comunicadores e Comunicadoras da C\u00e1ritas Brasileira<\/em><br \/>\n<em>Reportagem: Iasmin Santana<\/em><br \/>\n<em>Fotos: Joseanair Hermes<\/em><\/p>\n<ul class=\"ssb_list_wrapper\"><li class=\"fb2\" style=\"width:135px\"><iframe src=\"\/\/www.facebook.com\/plugins\/like.php?href=https%3A%2F%2Fwww.caritasne2.org.br%2Fsite%2Fcultura-popular-marca-inicio-da-feira-nacional-de-ecosol%2F&amp;layout=button_count&amp;action=like&amp;show_faces=false&amp;share=true&amp;width=135&amp;height=21&amp;appId=307091639398582\" scrolling=\"no\" frameborder=\"0\" style=\"border:none; overflow:hidden;  width:150px; height:21px;\" allowTransparency=\"true\"><\/iframe><\/li><li class=\"twtr\" style=\"width:90px\"><a href=\"https:\/\/twitter.com\/share\" class=\"twitter-share-button\" data-url=\"https:\/\/www.caritasne2.org.br\/site\/cultura-popular-marca-inicio-da-feira-nacional-de-ecosol\/\">&nbsp;<\/a><script>!function(d,s,id){var js,fjs=d.getElementsByTagName(s)[0],p=\/^http:\/.test(d.location)?'http':'https';if(!d.getElementById(id)){js=d.createElement(s);js.id=id;js.src=p+':\/\/platform.twitter.com\/widgets.js';fjs.parentNode.insertBefore(js,fjs);}}(document, 'script', 'twitter-wjs');<\/script><\/li><li class=\"gplus\" style=\"width:68px\"><div class=\"g-plusone\" data-size=\"medium\" data-href=\"https:\/\/www.caritasne2.org.br\/site\/cultura-popular-marca-inicio-da-feira-nacional-de-ecosol\/\"><\/div><\/li><li class=\"ssb_linkedin\" style=\"width:64px\"><script src=\"\/\/platform.linkedin.com\/in.js\" type=\"text\/javascript\">lang: en_US<\/script><script type=\"IN\/Share\" data-url=\"https:\/\/www.caritasne2.org.br\/site\/cultura-popular-marca-inicio-da-feira-nacional-de-ecosol\/\" data-counter=\"right\"><\/script><\/li><\/ul>","protected":false},"excerpt":{"rendered":"<p>A Feira Nacional Saberes e Sabores da Economia Solid\u00e1ria leva j\u00e1 em seu nome o significado do que \u00e9: espa\u00e7o onde empreendimentos de Economia Solid\u00e1ria (EcoSol), apoiados pela C\u00e1ritas Brasileira e provenientes de todas as regi\u00f5es do Brasil, oferecem \u00e0 popula\u00e7\u00e3o uma diversidade de sabores, com a exposi\u00e7\u00e3o de produtos aliment\u00edcios regionais e da agricultura familiar, al\u00e9m de artesanatos e de vestu\u00e1rio, e de saberes, [&hellip;]<\/p>\n<ul class=\"ssb_list_wrapper\"><li class=\"fb2\" style=\"width:135px\"><iframe src=\"\/\/www.facebook.com\/plugins\/like.php?href=https%3A%2F%2Fwww.caritasne2.org.br%2Fsite%2Fcultura-popular-marca-inicio-da-feira-nacional-de-ecosol%2F&amp;layout=button_count&amp;action=like&amp;show_faces=false&amp;share=true&amp;width=135&amp;height=21&amp;appId=307091639398582\" scrolling=\"no\" frameborder=\"0\" style=\"border:none; overflow:hidden;  width:150px; height:21px;\" allowTransparency=\"true\"><\/iframe><\/li><li class=\"twtr\" style=\"width:90px\"><a href=\"https:\/\/twitter.com\/share\" class=\"twitter-share-button\" data-url=\"https:\/\/www.caritasne2.org.br\/site\/cultura-popular-marca-inicio-da-feira-nacional-de-ecosol\/\">&nbsp;<\/a><script>!function(d,s,id){var js,fjs=d.getElementsByTagName(s)[0],p=\/^http:\/.test(d.location)?'http':'https';if(!d.getElementById(id)){js=d.createElement(s);js.id=id;js.src=p+':\/\/platform.twitter.com\/widgets.js';fjs.parentNode.insertBefore(js,fjs);}}(document, 'script', 'twitter-wjs');<\/script><\/li><li class=\"gplus\" style=\"width:68px\"><div class=\"g-plusone\" data-size=\"medium\" data-href=\"https:\/\/www.caritasne2.org.br\/site\/cultura-popular-marca-inicio-da-feira-nacional-de-ecosol\/\"><\/div><\/li><li class=\"ssb_linkedin\" style=\"width:64px\"><script src=\"\/\/platform.linkedin.com\/in.js\" type=\"text\/javascript\">lang: en_US<\/script><script type=\"IN\/Share\" data-url=\"https:\/\/www.caritasne2.org.br\/site\/cultura-popular-marca-inicio-da-feira-nacional-de-ecosol\/\" data-counter=\"right\"><\/script><\/li><\/ul>","protected":false},"author":4,"featured_media":3720,"comment_status":"open","ping_status":"open","sticky":false,"template":"","format":"standard","meta":[],"categories":[774,20],"tags":[785,46,67,245,847,797,331],"_links":{"self":[{"href":"https:\/\/www.caritasne2.org.br\/site\/wp-json\/wp\/v2\/posts\/3719"}],"collection":[{"href":"https:\/\/www.caritasne2.org.br\/site\/wp-json\/wp\/v2\/posts"}],"about":[{"href":"https:\/\/www.caritasne2.org.br\/site\/wp-json\/wp\/v2\/types\/post"}],"author":[{"embeddable":true,"href":"https:\/\/www.caritasne2.org.br\/site\/wp-json\/wp\/v2\/users\/4"}],"replies":[{"embeddable":true,"href":"https:\/\/www.caritasne2.org.br\/site\/wp-json\/wp\/v2\/comments?post=3719"}],"version-history":[{"count":0,"href":"https:\/\/www.caritasne2.org.br\/site\/wp-json\/wp\/v2\/posts\/3719\/revisions"}],"wp:featuredmedia":[{"embeddable":true,"href":"https:\/\/www.caritasne2.org.br\/site\/wp-json\/"}],"wp:attachment":[{"href":"https:\/\/www.caritasne2.org.br\/site\/wp-json\/wp\/v2\/media?parent=3719"}],"wp:term":[{"taxonomy":"category","embeddable":true,"href":"https:\/\/www.caritasne2.org.br\/site\/wp-json\/wp\/v2\/categories?post=3719"},{"taxonomy":"post_tag","embeddable":true,"href":"https:\/\/www.caritasne2.org.br\/site\/wp-json\/wp\/v2\/tags?post=3719"}],"curies":[{"name":"wp","href":"https:\/\/api.w.org\/{rel}","templated":true}]}}