{"id":3711,"date":"2016-11-11T16:51:28","date_gmt":"2016-11-11T18:51:28","guid":{"rendered":"http:\/\/ne2.caritas.org.br.s174889.gridserver.com\/?p=3711"},"modified":"2017-07-11T15:16:52","modified_gmt":"2017-07-11T18:16:52","slug":"plinio-de-arruda-roberta-traspadini-debatem-conjuntura-politica","status":"publish","type":"post","link":"https:\/\/www.caritasne2.org.br\/site\/plinio-de-arruda-roberta-traspadini-debatem-conjuntura-politica\/","title":{"rendered":"Pl\u00ednio de Arruda e Roberta Traspadini debatem conjuntura pol\u00edtica"},"content":{"rendered":"<p>O segundo dia do V Congresso Nacional da C\u00e1ritas Brasileira teve intensa programa\u00e7\u00e3o de pain\u00e9is tem\u00e1ticos. No per\u00edodo da tarde desta quinta-feira, dia 10 de novembro, Pl\u00ednio de Arruda Sampaio J\u00fanior, professor do Instituto de Economia da Universidade Estadual de Campinas (Unicamp), e Roberta Traspadini, militante social e professora da Universidade Federal da Integra\u00e7\u00e3o Latino-americana do Paran\u00e1 (Unila), colocaram a Rede C\u00e1ritas Brasileira para refletir sobre a conjuntura socioecon\u00f4mica, pol\u00edtica e cultural do pa\u00eds.<\/p>\n<p>Tentar compreender a complexidade e gravidade do momento hist\u00f3rico em que nos encontramos foi o ponto de partida para as an\u00e1lises. Sem esse conhecimento, ambos acreditam que n\u00e3o ser\u00e1 poss\u00edvel concretizar sa\u00eddas. Pl\u00ednio de Arruda Jr. discorreu sobre as caracter\u00edsticas espec\u00edficas dessa fase de crise do capitalismo, apontando o seu aspecto estrutural, sobre o qual se instala mais uma crise econ\u00f4mica de grandes propor\u00e7\u00f5es, e os seus efeitos sobre o povo. Roberta Traspadini atentou para que possamos compreender esta realidade de crise em sua processualidade, n\u00e3o somente sobre o seu aspecto temporal.<\/p>\n<p>Ambos frisaram a import\u00e2ncia de se pensar esse contexto enquanto Am\u00e9rica Latina, localizando o papel do continente dentro do projeto do capital. \u201cEst\u00e3o transformando a Am\u00e9rica Latina e o Brasil numa\u00a0<em>mega feitoria<\/em>\u00a0moderna. E o trabalho que corresponde a uma neocol\u00f4nia \u00e9 o trabalho neoescravo, precarizado e sem direitos\u201d, afirmou Pl\u00ednio. Diante disso, ele e ela defendem que nossas lutas precisam estar integradas no plano latino-americano e internacional, pois sem essa conex\u00e3o a luta social ser\u00e1 impratic\u00e1vel. Nesta linha, Traspadini evidenciou grandes figuras pol\u00edticas \u2013 tais como Mart\u00ed, Mari\u00e1tegui e Che Guevara \u2013 que nos ensinaram, por suas hist\u00f3rias de vida, que a luta se d\u00e1 onde quer que se esteja, e nos convoca a recuper\u00e1-los.<\/p>\n<p>Dialogando com as contribui\u00e7\u00f5es e inquieta\u00e7\u00f5es das\/os participantes, o e a painelista identificaram for\u00e7as sociais desestruturadas pelo modelo desenvolvimentista, como a no\u00e7\u00e3o de territ\u00f3rio, a defesa dos ideais socialistas e a identifica\u00e7\u00e3o com o outro. Traspadini disse que \u201co N\u00d3S precisa exageradamente ser recuperado\u201d, se quisermos construir bases reais para a transforma\u00e7\u00e3o social. \u201cPrecisamos resgatar as nossas bandeiras, que s\u00e3o as bandeiras do socialismo, da igualdade substantiva, da coopera\u00e7\u00e3o, da solidariedade\u201d, completou.<\/p>\n<p>Para Pl\u00ednio, tamb\u00e9m \u00e9 preciso refletir com o povo que programa ser\u00e1 capaz de reorganiz\u00e1-lo. \u201cEssa \u00e9 a conversa s\u00e9ria que a gente precisa fazer fora deste sal\u00e3o. Para que sejamos fermento da revolu\u00e7\u00e3o que o povo far\u00e1 eclodir\u201d, concluiu. Diante das indaga\u00e7\u00f5es do papel da C\u00e1ritas nesse contexto, Pl\u00ednio sugeriu que possamos contribuir com essa miss\u00e3o, levando o debate para as comunidades e fomentando-o permanentemente. O desafio est\u00e1 dado.<\/p>\n<p><em>Por Rede de Comunicadores e Comunicadoras da C\u00e1ritas Brasileira<\/em><br \/>\n<em>Reportagem: Raquel Dantas<\/em><br \/>\n<em>Foto: Francielle Oliveira<\/em><\/p>\n<ul class=\"ssb_list_wrapper\"><li class=\"fb2\" style=\"width:135px\"><iframe src=\"\/\/www.facebook.com\/plugins\/like.php?href=https%3A%2F%2Fwww.caritasne2.org.br%2Fsite%2Fplinio-de-arruda-roberta-traspadini-debatem-conjuntura-politica%2F&amp;layout=button_count&amp;action=like&amp;show_faces=false&amp;share=true&amp;width=135&amp;height=21&amp;appId=307091639398582\" scrolling=\"no\" frameborder=\"0\" style=\"border:none; overflow:hidden;  width:150px; height:21px;\" allowTransparency=\"true\"><\/iframe><\/li><li class=\"twtr\" style=\"width:90px\"><a href=\"https:\/\/twitter.com\/share\" class=\"twitter-share-button\" data-url=\"https:\/\/www.caritasne2.org.br\/site\/plinio-de-arruda-roberta-traspadini-debatem-conjuntura-politica\/\">&nbsp;<\/a><script>!function(d,s,id){var js,fjs=d.getElementsByTagName(s)[0],p=\/^http:\/.test(d.location)?'http':'https';if(!d.getElementById(id)){js=d.createElement(s);js.id=id;js.src=p+':\/\/platform.twitter.com\/widgets.js';fjs.parentNode.insertBefore(js,fjs);}}(document, 'script', 'twitter-wjs');<\/script><\/li><li class=\"gplus\" style=\"width:68px\"><div class=\"g-plusone\" data-size=\"medium\" data-href=\"https:\/\/www.caritasne2.org.br\/site\/plinio-de-arruda-roberta-traspadini-debatem-conjuntura-politica\/\"><\/div><\/li><li class=\"ssb_linkedin\" style=\"width:64px\"><script src=\"\/\/platform.linkedin.com\/in.js\" type=\"text\/javascript\">lang: en_US<\/script><script type=\"IN\/Share\" data-url=\"https:\/\/www.caritasne2.org.br\/site\/plinio-de-arruda-roberta-traspadini-debatem-conjuntura-politica\/\" data-counter=\"right\"><\/script><\/li><\/ul>","protected":false},"excerpt":{"rendered":"<p>O segundo dia do V Congresso Nacional da C\u00e1ritas Brasileira teve intensa programa\u00e7\u00e3o de pain\u00e9is tem\u00e1ticos. No per\u00edodo da tarde desta quinta-feira, dia 10 de novembro, Pl\u00ednio de Arruda Sampaio J\u00fanior, professor do Instituto de Economia da Universidade Estadual de Campinas (Unicamp), e Roberta Traspadini, militante social e professora da Universidade Federal da Integra\u00e7\u00e3o Latino-americana do Paran\u00e1 (Unila), colocaram a Rede C\u00e1ritas Brasileira para refletir [&hellip;]<\/p>\n<ul class=\"ssb_list_wrapper\"><li class=\"fb2\" style=\"width:135px\"><iframe src=\"\/\/www.facebook.com\/plugins\/like.php?href=https%3A%2F%2Fwww.caritasne2.org.br%2Fsite%2Fplinio-de-arruda-roberta-traspadini-debatem-conjuntura-politica%2F&amp;layout=button_count&amp;action=like&amp;show_faces=false&amp;share=true&amp;width=135&amp;height=21&amp;appId=307091639398582\" scrolling=\"no\" frameborder=\"0\" style=\"border:none; overflow:hidden;  width:150px; height:21px;\" allowTransparency=\"true\"><\/iframe><\/li><li class=\"twtr\" style=\"width:90px\"><a href=\"https:\/\/twitter.com\/share\" class=\"twitter-share-button\" data-url=\"https:\/\/www.caritasne2.org.br\/site\/plinio-de-arruda-roberta-traspadini-debatem-conjuntura-politica\/\">&nbsp;<\/a><script>!function(d,s,id){var js,fjs=d.getElementsByTagName(s)[0],p=\/^http:\/.test(d.location)?'http':'https';if(!d.getElementById(id)){js=d.createElement(s);js.id=id;js.src=p+':\/\/platform.twitter.com\/widgets.js';fjs.parentNode.insertBefore(js,fjs);}}(document, 'script', 'twitter-wjs');<\/script><\/li><li class=\"gplus\" style=\"width:68px\"><div class=\"g-plusone\" data-size=\"medium\" data-href=\"https:\/\/www.caritasne2.org.br\/site\/plinio-de-arruda-roberta-traspadini-debatem-conjuntura-politica\/\"><\/div><\/li><li class=\"ssb_linkedin\" style=\"width:64px\"><script src=\"\/\/platform.linkedin.com\/in.js\" type=\"text\/javascript\">lang: en_US<\/script><script type=\"IN\/Share\" data-url=\"https:\/\/www.caritasne2.org.br\/site\/plinio-de-arruda-roberta-traspadini-debatem-conjuntura-politica\/\" data-counter=\"right\"><\/script><\/li><\/ul>","protected":false},"author":4,"featured_media":3712,"comment_status":"open","ping_status":"open","sticky":false,"template":"","format":"standard","meta":[],"categories":[774,20],"tags":[785,46,67,797,331],"_links":{"self":[{"href":"https:\/\/www.caritasne2.org.br\/site\/wp-json\/wp\/v2\/posts\/3711"}],"collection":[{"href":"https:\/\/www.caritasne2.org.br\/site\/wp-json\/wp\/v2\/posts"}],"about":[{"href":"https:\/\/www.caritasne2.org.br\/site\/wp-json\/wp\/v2\/types\/post"}],"author":[{"embeddable":true,"href":"https:\/\/www.caritasne2.org.br\/site\/wp-json\/wp\/v2\/users\/4"}],"replies":[{"embeddable":true,"href":"https:\/\/www.caritasne2.org.br\/site\/wp-json\/wp\/v2\/comments?post=3711"}],"version-history":[{"count":0,"href":"https:\/\/www.caritasne2.org.br\/site\/wp-json\/wp\/v2\/posts\/3711\/revisions"}],"wp:featuredmedia":[{"embeddable":true,"href":"https:\/\/www.caritasne2.org.br\/site\/wp-json\/"}],"wp:attachment":[{"href":"https:\/\/www.caritasne2.org.br\/site\/wp-json\/wp\/v2\/media?parent=3711"}],"wp:term":[{"taxonomy":"category","embeddable":true,"href":"https:\/\/www.caritasne2.org.br\/site\/wp-json\/wp\/v2\/categories?post=3711"},{"taxonomy":"post_tag","embeddable":true,"href":"https:\/\/www.caritasne2.org.br\/site\/wp-json\/wp\/v2\/tags?post=3711"}],"curies":[{"name":"wp","href":"https:\/\/api.w.org\/{rel}","templated":true}]}}