{"id":3706,"date":"2016-11-09T20:35:17","date_gmt":"2016-11-09T22:35:17","guid":{"rendered":"http:\/\/ne2.caritas.org.br.s174889.gridserver.com\/?p=3706"},"modified":"2017-07-11T15:17:29","modified_gmt":"2017-07-11T18:17:29","slug":"comeca-congresso-nacional-da-caritas-brasileira","status":"publish","type":"post","link":"https:\/\/www.caritasne2.org.br\/site\/comeca-congresso-nacional-da-caritas-brasileira\/","title":{"rendered":"Come\u00e7a o V Congresso Nacional da C\u00e1ritas Brasileira"},"content":{"rendered":"<p>Depois de importantes momentos de prepara\u00e7\u00e3o para o V Congresso Nacional, com caravanas territoriais, caravanas regionais, pr\u00e9-congressos inter-regionais e um semin\u00e1rio nacional, a C\u00e1ritas Brasileira come\u00e7ou na tarde desta quarta-feira, dia 9 de novembro, a culmin\u00e2ncia dessa caminhada e das comemora\u00e7\u00f5es pelos 60 anos da entidade. Agentes C\u00e1ritas de diferentes partes do Brasil e do mundo, parceiros(as) e convidados(as) est\u00e3o compartilhando espa\u00e7os de reflex\u00e3o e celebra\u00e7\u00e3o. Tamb\u00e9m dar\u00e3o sua parcela de contribui\u00e7\u00e3o para a an\u00e1lise sobre a realidade sociopol\u00edtica e econ\u00f4mica do pa\u00eds, sobre a conjuntura da Igreja e da pr\u00f3pria Rede C\u00e1ritas, e ainda sobre a defini\u00e7\u00e3o das novas prioridades estrat\u00e9gicas da institui\u00e7\u00e3o para os pr\u00f3ximos 5 anos. O congresso est\u00e1 ocorrendo no Santu\u00e1rio Nacional de Nossa Senhora da Concei\u00e7\u00e3o Aparecida, em Aparecida (SP).<\/p>\n<p>A recep\u00e7\u00e3o \u00e0s delega\u00e7\u00f5es ocorreu durante uma m\u00edstica que representou a apari\u00e7\u00e3o da imagem de Nossa Senhora da Concei\u00e7\u00e3o Aparecida nas \u00e1guas do rio Para\u00edba, em 1717. Embalados(as) pelas m\u00fasicas A de \u00d3 (Estamos Chegando), de Milton Nascimento, e Negra Mariama, os e as participantes foram acolhidos e acolhidas no V Congresso Nacional da C\u00e1ritas Brasileira (V CNCB). A imagem peregrina de Nossa Senhora entrou na plen\u00e1ria sem a capa e a coroa, nas mesmas condi\u00e7\u00f5es em que foi encontrada pelos pescadores no Para\u00edba. J\u00e1 no palco do congresso, a imagem recebeu a capa e foi coroada. Em seguida, dom Jo\u00e3o Jos\u00e9 Costa, presidente da C\u00e1ritas Brasileira, aben\u00e7oou as pessoas presentes e o encontro.<\/p>\n<p>A mesa de abertura do V CNCB foi composta por dom Jo\u00e3o Costa; irm\u00e3 Lourdes Staudt Dill, vice-presidente da C\u00e1ritas; Michel Roy, secret\u00e1rio-geral da Caritas Internationalis;\u00a0padre Francisco Hern\u00e1ndez Rojas, coordenador regional do Secretariado Latino-Americano e Caribenho da C\u00e1ritas (Selacc); dom Jos\u00e9 Moreira de Melo, bispo da Diocese de Itapeva (SP); \u00a0e Ant\u00f4nio Marcio de Siqueira, prefeito de Aparecida.\u00a0Dom Jo\u00e3o Costa falou sobre a grande miss\u00e3o da C\u00e1ritas de erradicar a pobreza e trabalhar na defesa dos direitos dos que mais necessitam e sofrem. Ele destacou que a C\u00e1ritas Brasileira assume o grande apelo do Papa Francisco de defender os \u201csem voz, porque o seu grito foi escurecido e se apagou por causa da indiferen\u00e7a dos povos ricos\u201d.<\/p>\n<p>O presidente da C\u00e1ritas Brasileira ainda ressaltou o empenho e dedica\u00e7\u00e3o dos agentes leigos e leigas e dos volunt\u00e1rios e volunt\u00e1rias da Rede C\u00e1ritas, que desenvolvem atividades diferenciadas em todo o territ\u00f3rio nacional, auxiliando as pessoas na transforma\u00e7\u00e3o das suas vidas e trazendo esperan\u00e7a e perspectivas novas de futuro. Deu as boas-vindas a todos e todas e finalizou desejando que, a partir das \u201creflex\u00f5es e partilhas [do V CNCB], possamos encontrar novos caminhos para concretizar a nossa miss\u00e3o enquanto C\u00e1ritas Brasileira\u201d.<\/p>\n<p>Irm\u00e3 Lourdes Dill falou em nome das mulheres da C\u00e1ritas e trouxe uma mensagem de esperan\u00e7a, ressaltando que \u201cesse \u00e9 um tempo f\u00e9rtil, de gra\u00e7a e prof\u00e9tico. Que as gra\u00e7as geradas no congresso possam se emanar para todo o Brasil\u201d. Ela reconheceu o trabalho feito por todos(as) na organiza\u00e7\u00e3o do evento e relembrou das pessoas que j\u00e1 fizeram parte da C\u00e1ritas e que contribu\u00edram com o servi\u00e7o da solidariedade libertadora. Encerrou sua fala pedindo que todos(as) repetissem com ela o prov\u00e9rbio africano: \u201cMuita gente pequena, em muitos lugares pequenos, fazendo coisas pequenas, mudar\u00e3o a face da Terra\u201d.<\/p>\n<p>Pastoralidade transformadora<\/p>\n<p>Michel Roy, secret\u00e1rio da Caritas Internacionais, expressou o seu contentamento em estar presente nesse momento de celebra\u00e7\u00e3o e agradeceu \u00e0 C\u00e1ritas Brasileira pela colabora\u00e7\u00e3o com a confedera\u00e7\u00e3o internacional e o envolvimento com o apoio \u00e0s fam\u00edlias do Haiti e os refugiados(as). Ele deixou uma mensagem de otimismo: \u201cQueremos encorajar voc\u00eas a ir adiante, na linha da integra\u00e7\u00e3o da pastoralidade transformadora\u201d.<\/p>\n<p>A rela\u00e7\u00e3o de comunh\u00e3o entre as C\u00e1ritas que integram a Am\u00e9rica Latina e o Caribe foi um aspecto apontado pelo padre Francisco Hern\u00e1ndez Rojas, coordenador regional do Selacc, durante o seu pronunciamento. Ele destacou a capacidade da C\u00e1ritas Brasileira \u201cde sentir a dor do outro e de se apoiar reciprocamente para acompanhar os empobrecidos do seu pa\u00eds e de outros\u201d. Concluiu convocando a todos e todas para continuar seguindo junto com os empobrecidos na constru\u00e7\u00e3o de um mundo mais fraterno e solid\u00e1rio.<\/p>\n<p>Dom Jos\u00e9 Moreira de Melo, que representou o regional S\u00e3o Paulo da Confedera\u00e7\u00e3o Nacional dos Bipos do Brasil (CNBB) na solenidade, agradeceu a oportunidade de se fazer presente no evento. Ele descreveu a miseric\u00f3rdia como o ato de ajudar a quem precisa e convidou o p\u00fablico a ter uma postura misericordiosa e a estar junto com os empobrecidos. Fez uma ben\u00e7\u00e3o, pedindo que \u201csejamos mission\u00e1rios em tudo o que realizarmos\u201d.<\/p>\n<p>J\u00e1 o prefeito de Aparecida, Antonio Marcio de Siqueira, expressou a satisfa\u00e7\u00e3o de receber a todos e todas na cidade, caracterizada justamente pelo calor humano e pela acolhida. Elogiou tamb\u00e9m o trabalho da C\u00e1ritas e da Igreja Cat\u00f3lica no Brasil, ao oferecer perspectivas de futuro e estender a m\u00e3o aos brasileiros mais oprimidos e desfavorecidos.<\/p>\n<p>O\u00a0momento foi encerrado com o p\u00fablico de p\u00e9 cantando o refr\u00e3o do hino oficial dos 60 anos da C\u00e1ritas:<\/p>\n<p><em>\u201cC\u00e1ritas, tua for\u00e7a \u00e9 o Senhor<\/em><br \/>\n<em>Tua miss\u00e3o \u00e9 o pr\u00f3prio amor<\/em><br \/>\n<em>\u00c1gua pra beber, terra para plantar, p\u00e3o para colher<\/em><br \/>\n<em>Vidas a cuidar\u201d<\/em><\/p>\n<p>Para saber mais sobre o V Congresso Nacional da C\u00e1ritas Brasileira,\u00a0<a href=\"http:\/\/caritas.org.br\/vcncb\" target=\"_blank\">clique aqui<\/a>. J\u00e1 para ouvir o hino oficial dos 60 anos,\u00a0<a href=\"https:\/\/www.dropbox.com\/sh\/s61klw6lqmgk6sy\/AAAuDke_lB7BaY9uk3tguW-Va?dl=0&amp;preview=Hino+C%C3%A1ritas+Master+Final+2.mp3\" target=\"_blank\">acesse aqui<\/a>.<\/p>\n<p><em>Por Rede de Comunicadores e Comunicadoras da C\u00e1ritas Brasileira<\/em><br \/>\n<em>Reportagem: Iasmin Santana<\/em><br \/>\n<em>Edi\u00e7\u00e3o: Luciano Gallas<\/em><br \/>\n<em>Fotos: Francielle Oliveira<\/em><\/p>\n<ul class=\"ssb_list_wrapper\"><li class=\"fb2\" style=\"width:135px\"><iframe src=\"\/\/www.facebook.com\/plugins\/like.php?href=https%3A%2F%2Fwww.caritasne2.org.br%2Fsite%2Fcomeca-congresso-nacional-da-caritas-brasileira%2F&amp;layout=button_count&amp;action=like&amp;show_faces=false&amp;share=true&amp;width=135&amp;height=21&amp;appId=307091639398582\" scrolling=\"no\" frameborder=\"0\" style=\"border:none; overflow:hidden;  width:150px; height:21px;\" allowTransparency=\"true\"><\/iframe><\/li><li class=\"twtr\" style=\"width:90px\"><a href=\"https:\/\/twitter.com\/share\" class=\"twitter-share-button\" data-url=\"https:\/\/www.caritasne2.org.br\/site\/comeca-congresso-nacional-da-caritas-brasileira\/\">&nbsp;<\/a><script>!function(d,s,id){var js,fjs=d.getElementsByTagName(s)[0],p=\/^http:\/.test(d.location)?'http':'https';if(!d.getElementById(id)){js=d.createElement(s);js.id=id;js.src=p+':\/\/platform.twitter.com\/widgets.js';fjs.parentNode.insertBefore(js,fjs);}}(document, 'script', 'twitter-wjs');<\/script><\/li><li class=\"gplus\" style=\"width:68px\"><div class=\"g-plusone\" data-size=\"medium\" data-href=\"https:\/\/www.caritasne2.org.br\/site\/comeca-congresso-nacional-da-caritas-brasileira\/\"><\/div><\/li><li class=\"ssb_linkedin\" style=\"width:64px\"><script src=\"\/\/platform.linkedin.com\/in.js\" type=\"text\/javascript\">lang: en_US<\/script><script type=\"IN\/Share\" data-url=\"https:\/\/www.caritasne2.org.br\/site\/comeca-congresso-nacional-da-caritas-brasileira\/\" data-counter=\"right\"><\/script><\/li><\/ul>","protected":false},"excerpt":{"rendered":"<p>Depois de importantes momentos de prepara\u00e7\u00e3o para o V Congresso Nacional, com caravanas territoriais, caravanas regionais, pr\u00e9-congressos inter-regionais e um semin\u00e1rio nacional, a C\u00e1ritas Brasileira come\u00e7ou na tarde desta quarta-feira, dia 9 de novembro, a culmin\u00e2ncia dessa caminhada e das comemora\u00e7\u00f5es pelos 60 anos da entidade. Agentes C\u00e1ritas de diferentes partes do Brasil e do mundo, parceiros(as) e convidados(as) est\u00e3o compartilhando espa\u00e7os de reflex\u00e3o e [&hellip;]<\/p>\n<ul class=\"ssb_list_wrapper\"><li class=\"fb2\" style=\"width:135px\"><iframe src=\"\/\/www.facebook.com\/plugins\/like.php?href=https%3A%2F%2Fwww.caritasne2.org.br%2Fsite%2Fcomeca-congresso-nacional-da-caritas-brasileira%2F&amp;layout=button_count&amp;action=like&amp;show_faces=false&amp;share=true&amp;width=135&amp;height=21&amp;appId=307091639398582\" scrolling=\"no\" frameborder=\"0\" style=\"border:none; overflow:hidden;  width:150px; height:21px;\" allowTransparency=\"true\"><\/iframe><\/li><li class=\"twtr\" style=\"width:90px\"><a href=\"https:\/\/twitter.com\/share\" class=\"twitter-share-button\" data-url=\"https:\/\/www.caritasne2.org.br\/site\/comeca-congresso-nacional-da-caritas-brasileira\/\">&nbsp;<\/a><script>!function(d,s,id){var js,fjs=d.getElementsByTagName(s)[0],p=\/^http:\/.test(d.location)?'http':'https';if(!d.getElementById(id)){js=d.createElement(s);js.id=id;js.src=p+':\/\/platform.twitter.com\/widgets.js';fjs.parentNode.insertBefore(js,fjs);}}(document, 'script', 'twitter-wjs');<\/script><\/li><li class=\"gplus\" style=\"width:68px\"><div class=\"g-plusone\" data-size=\"medium\" data-href=\"https:\/\/www.caritasne2.org.br\/site\/comeca-congresso-nacional-da-caritas-brasileira\/\"><\/div><\/li><li class=\"ssb_linkedin\" style=\"width:64px\"><script src=\"\/\/platform.linkedin.com\/in.js\" type=\"text\/javascript\">lang: en_US<\/script><script type=\"IN\/Share\" data-url=\"https:\/\/www.caritasne2.org.br\/site\/comeca-congresso-nacional-da-caritas-brasileira\/\" data-counter=\"right\"><\/script><\/li><\/ul>","protected":false},"author":4,"featured_media":3708,"comment_status":"open","ping_status":"open","sticky":false,"template":"","format":"standard","meta":[],"categories":[774,20],"tags":[785,46,67,797,331],"_links":{"self":[{"href":"https:\/\/www.caritasne2.org.br\/site\/wp-json\/wp\/v2\/posts\/3706"}],"collection":[{"href":"https:\/\/www.caritasne2.org.br\/site\/wp-json\/wp\/v2\/posts"}],"about":[{"href":"https:\/\/www.caritasne2.org.br\/site\/wp-json\/wp\/v2\/types\/post"}],"author":[{"embeddable":true,"href":"https:\/\/www.caritasne2.org.br\/site\/wp-json\/wp\/v2\/users\/4"}],"replies":[{"embeddable":true,"href":"https:\/\/www.caritasne2.org.br\/site\/wp-json\/wp\/v2\/comments?post=3706"}],"version-history":[{"count":0,"href":"https:\/\/www.caritasne2.org.br\/site\/wp-json\/wp\/v2\/posts\/3706\/revisions"}],"wp:featuredmedia":[{"embeddable":true,"href":"https:\/\/www.caritasne2.org.br\/site\/wp-json\/"}],"wp:attachment":[{"href":"https:\/\/www.caritasne2.org.br\/site\/wp-json\/wp\/v2\/media?parent=3706"}],"wp:term":[{"taxonomy":"category","embeddable":true,"href":"https:\/\/www.caritasne2.org.br\/site\/wp-json\/wp\/v2\/categories?post=3706"},{"taxonomy":"post_tag","embeddable":true,"href":"https:\/\/www.caritasne2.org.br\/site\/wp-json\/wp\/v2\/tags?post=3706"}],"curies":[{"name":"wp","href":"https:\/\/api.w.org\/{rel}","templated":true}]}}