{"id":3703,"date":"2016-11-12T16:28:03","date_gmt":"2016-11-12T18:28:03","guid":{"rendered":"http:\/\/ne2.caritas.org.br.s174889.gridserver.com\/?p=3703"},"modified":"2017-07-11T15:16:52","modified_gmt":"2017-07-11T18:16:52","slug":"nos-falta-e-radicalidade-evangelho-de-jesus","status":"publish","type":"post","link":"https:\/\/www.caritasne2.org.br\/site\/nos-falta-e-radicalidade-evangelho-de-jesus\/","title":{"rendered":"O que nos falta \u00e9 a radicalidade do Evangelho de Jesus"},"content":{"rendered":"<p>O V Congresso Nacional da C\u00e1ritas Brasileira, que est\u00e1 ocorrendo no Centro de Eventos Padre V\u00edtor Coelho, no Santu\u00e1rio de Nossa Senhora Aparecida, reservou espa\u00e7o para os debates sobre o tema do encontro, Pastoralidade e Transforma\u00e7\u00e3o Social, em um painel com representantes dos inter-regionais da C\u00e1ritas, com a pastora metodista, te\u00f3loga e fil\u00f3sofa Nancy Cardoso e com o te\u00f3logo, fil\u00f3sofo e cientista social Ivo Poletto. Nancy e Ivo s\u00e3o os autores do texto de refer\u00eancia que guiou a prepara\u00e7\u00e3o ao congresso e as reflex\u00f5es feitas durante a caminhada.<\/p>\n<p>\u201cA quest\u00e3o da pastoralidade j\u00e1 est\u00e1 colocada. Mas dizer que somos centrados na figura de Jesus Cristo n\u00e3o basta. Uma coisa nos falta: a radicalidade do Evangelho de Jesus. Preocupar-se com a sua condi\u00e7\u00e3o de indiv\u00edduo, com a sua fam\u00edlia e com a sua comunidade mais imediata n\u00e3o \u00e9 o suficiente. Podemos ser bons vizinhos, mas algo ainda nos faltar\u00e1\u201d, declarou Nancy durante sua fala no painel. \u201cOs mecanismos de concentra\u00e7\u00e3o de propriedade passam por n\u00f3s, por nossas comunidades. Foi o modelo colonial que criou a desigualdade\u201d, continuou ela.<\/p>\n<p>Para Nancy, o Cristianismo est\u00e1 em disputa. \u201cA Teologia da Prosperidade vigora hoje, com seus modelos pessoais, familiares, comunit\u00e1rios imediatos. Mas n\u00f3s entendemos a radicalidade do Evangelho de Jesus: Ele deslocava a centralidade da a\u00e7\u00e3o para o servi\u00e7o, n\u00e3o para si pr\u00f3prio\u201d, enfatizou. \u201cEles dizem que a gente n\u00e3o \u00e9 pastoral, que a C\u00e1ritas \u00e9 outra coisa. Desculpem, voc\u00eas s\u00e3o outra coisa. Voc\u00eas est\u00e3o recortando o Evangelho de Jesus, retirando sua radicalidade, e adotando modelos comprometidos com a propriedade privada e a concentra\u00e7\u00e3o de riqueza\u201d, ponderou.<\/p>\n<p>Ivo seguiu a mesma linha cr\u00edtica de an\u00e1lise. Para ele, o bom pastor \u00e9 aquele que \u201cenfrenta os lobos e d\u00e1 a vida pelas ovelhas\u201d. \u201cO Reino de Deus \u00e9 o reino que Deus almeja construir com toda a humanidade. Quem ficou para tr\u00e1s? Quem est\u00e1 \u00e0 margem? Quem n\u00e3o teve oportunidade? O bom pastor vai atr\u00e1s destas pessoas. Sai, vai ao encontro e volta com elas\u201d, ponderou.<\/p>\n<p>O painelista reconhece que o retorno de quem ficou para tr\u00e1s provoca tens\u00f5es. Por isso, \u00e9 preciso tamb\u00e9m transformar quem ficou, para que estes possam receber bem quem volta para junto do grupo original. \u201cPrecisamos resistir \u00e0s tenta\u00e7\u00f5es de dom\u00ednio, controle e segredos para construirmos esta profunda experi\u00eancia de humaniza\u00e7\u00e3o e socializa\u00e7\u00e3o que \u00e9 o Reino de Deus. Querem seguir Jesus de fato? Juntem-se aos pobres. Precisamos superar isso tudo para de fato sermos uma humanidade libertada\u201d, afirmou Ivo.<\/p>\n<p><em>\u00a0Por Rede de Comunicadores e Comunicadoras da C\u00e1ritas Brasileira<\/em><\/p>\n<p><em>Reportagem: Luciano Gallas<\/em><\/p>\n<p><em>Foto: Francielle Oliveira<\/em><\/p>\n<ul class=\"ssb_list_wrapper\"><li class=\"fb2\" style=\"width:135px\"><iframe src=\"\/\/www.facebook.com\/plugins\/like.php?href=https%3A%2F%2Fwww.caritasne2.org.br%2Fsite%2Fnos-falta-e-radicalidade-evangelho-de-jesus%2F&amp;layout=button_count&amp;action=like&amp;show_faces=false&amp;share=true&amp;width=135&amp;height=21&amp;appId=307091639398582\" scrolling=\"no\" frameborder=\"0\" style=\"border:none; overflow:hidden;  width:150px; height:21px;\" allowTransparency=\"true\"><\/iframe><\/li><li class=\"twtr\" style=\"width:90px\"><a href=\"https:\/\/twitter.com\/share\" class=\"twitter-share-button\" data-url=\"https:\/\/www.caritasne2.org.br\/site\/nos-falta-e-radicalidade-evangelho-de-jesus\/\">&nbsp;<\/a><script>!function(d,s,id){var js,fjs=d.getElementsByTagName(s)[0],p=\/^http:\/.test(d.location)?'http':'https';if(!d.getElementById(id)){js=d.createElement(s);js.id=id;js.src=p+':\/\/platform.twitter.com\/widgets.js';fjs.parentNode.insertBefore(js,fjs);}}(document, 'script', 'twitter-wjs');<\/script><\/li><li class=\"gplus\" style=\"width:68px\"><div class=\"g-plusone\" data-size=\"medium\" data-href=\"https:\/\/www.caritasne2.org.br\/site\/nos-falta-e-radicalidade-evangelho-de-jesus\/\"><\/div><\/li><li class=\"ssb_linkedin\" style=\"width:64px\"><script src=\"\/\/platform.linkedin.com\/in.js\" type=\"text\/javascript\">lang: en_US<\/script><script type=\"IN\/Share\" data-url=\"https:\/\/www.caritasne2.org.br\/site\/nos-falta-e-radicalidade-evangelho-de-jesus\/\" data-counter=\"right\"><\/script><\/li><\/ul>","protected":false},"excerpt":{"rendered":"<p>O V Congresso Nacional da C\u00e1ritas Brasileira, que est\u00e1 ocorrendo no Centro de Eventos Padre V\u00edtor Coelho, no Santu\u00e1rio de Nossa Senhora Aparecida, reservou espa\u00e7o para os debates sobre o tema do encontro, Pastoralidade e Transforma\u00e7\u00e3o Social, em um painel com representantes dos inter-regionais da C\u00e1ritas, com a pastora metodista, te\u00f3loga e fil\u00f3sofa Nancy Cardoso e com o te\u00f3logo, fil\u00f3sofo e cientista social Ivo Poletto. [&hellip;]<\/p>\n<ul class=\"ssb_list_wrapper\"><li class=\"fb2\" style=\"width:135px\"><iframe src=\"\/\/www.facebook.com\/plugins\/like.php?href=https%3A%2F%2Fwww.caritasne2.org.br%2Fsite%2Fnos-falta-e-radicalidade-evangelho-de-jesus%2F&amp;layout=button_count&amp;action=like&amp;show_faces=false&amp;share=true&amp;width=135&amp;height=21&amp;appId=307091639398582\" scrolling=\"no\" frameborder=\"0\" style=\"border:none; overflow:hidden;  width:150px; height:21px;\" allowTransparency=\"true\"><\/iframe><\/li><li class=\"twtr\" style=\"width:90px\"><a href=\"https:\/\/twitter.com\/share\" class=\"twitter-share-button\" data-url=\"https:\/\/www.caritasne2.org.br\/site\/nos-falta-e-radicalidade-evangelho-de-jesus\/\">&nbsp;<\/a><script>!function(d,s,id){var js,fjs=d.getElementsByTagName(s)[0],p=\/^http:\/.test(d.location)?'http':'https';if(!d.getElementById(id)){js=d.createElement(s);js.id=id;js.src=p+':\/\/platform.twitter.com\/widgets.js';fjs.parentNode.insertBefore(js,fjs);}}(document, 'script', 'twitter-wjs');<\/script><\/li><li class=\"gplus\" style=\"width:68px\"><div class=\"g-plusone\" data-size=\"medium\" data-href=\"https:\/\/www.caritasne2.org.br\/site\/nos-falta-e-radicalidade-evangelho-de-jesus\/\"><\/div><\/li><li class=\"ssb_linkedin\" style=\"width:64px\"><script src=\"\/\/platform.linkedin.com\/in.js\" type=\"text\/javascript\">lang: en_US<\/script><script type=\"IN\/Share\" data-url=\"https:\/\/www.caritasne2.org.br\/site\/nos-falta-e-radicalidade-evangelho-de-jesus\/\" data-counter=\"right\"><\/script><\/li><\/ul>","protected":false},"author":4,"featured_media":3704,"comment_status":"open","ping_status":"open","sticky":false,"template":"","format":"standard","meta":[],"categories":[774,20],"tags":[785,46,67,797],"_links":{"self":[{"href":"https:\/\/www.caritasne2.org.br\/site\/wp-json\/wp\/v2\/posts\/3703"}],"collection":[{"href":"https:\/\/www.caritasne2.org.br\/site\/wp-json\/wp\/v2\/posts"}],"about":[{"href":"https:\/\/www.caritasne2.org.br\/site\/wp-json\/wp\/v2\/types\/post"}],"author":[{"embeddable":true,"href":"https:\/\/www.caritasne2.org.br\/site\/wp-json\/wp\/v2\/users\/4"}],"replies":[{"embeddable":true,"href":"https:\/\/www.caritasne2.org.br\/site\/wp-json\/wp\/v2\/comments?post=3703"}],"version-history":[{"count":0,"href":"https:\/\/www.caritasne2.org.br\/site\/wp-json\/wp\/v2\/posts\/3703\/revisions"}],"wp:featuredmedia":[{"embeddable":true,"href":"https:\/\/www.caritasne2.org.br\/site\/wp-json\/"}],"wp:attachment":[{"href":"https:\/\/www.caritasne2.org.br\/site\/wp-json\/wp\/v2\/media?parent=3703"}],"wp:term":[{"taxonomy":"category","embeddable":true,"href":"https:\/\/www.caritasne2.org.br\/site\/wp-json\/wp\/v2\/categories?post=3703"},{"taxonomy":"post_tag","embeddable":true,"href":"https:\/\/www.caritasne2.org.br\/site\/wp-json\/wp\/v2\/tags?post=3703"}],"curies":[{"name":"wp","href":"https:\/\/api.w.org\/{rel}","templated":true}]}}