{"id":3697,"date":"2016-11-11T16:19:26","date_gmt":"2016-11-11T18:19:26","guid":{"rendered":"http:\/\/ne2.caritas.org.br.s174889.gridserver.com\/?p=3697"},"modified":"2017-07-11T15:16:52","modified_gmt":"2017-07-11T18:16:52","slug":"caritas-entrega-premio-odair-firmino-de-solidariedade","status":"publish","type":"post","link":"https:\/\/www.caritasne2.org.br\/site\/caritas-entrega-premio-odair-firmino-de-solidariedade\/","title":{"rendered":"C\u00e1ritas entrega Pr\u00eamio Odair Firmino de Solidariedade"},"content":{"rendered":"<p>O primeiro dia do V Congresso Nacional da C\u00e1ritas Brasileira, na quarta-feira, dia 9 de novembro, se encerrou com a entrega do\u00a0<a href=\"http:\/\/caritas.org.br\/semanadasolidariedade\" target=\"_blank\">Pr\u00eamio Odair Firmino de Solidariedade<\/a>. Na edi\u00e7\u00e3o deste ano, foram agraciadas com o pr\u00eamio 60 entidades de todo o pa\u00eds, premiadas por sua atua\u00e7\u00e3o no desenvolvimento sustent\u00e1vel, solid\u00e1rio e territorial e na garantia de direitos humanos, sociais e de pol\u00edticas p\u00fablicas.<\/p>\n<p>A cerim\u00f4nia ocorreu no subsolo do Santu\u00e1rio Nacional de Nossa Senhora da Concei\u00e7\u00e3o Aparecida, no munic\u00edpio de Aparecida (SP). O objetivo do pr\u00eamio \u00e9 estimular a\u00e7\u00f5es de dissemina\u00e7\u00e3o e valoriza\u00e7\u00e3o de experi\u00eancias de car\u00e1ter coletivo que defendam e promovam os direitos humanos. O tema desta edi\u00e7\u00e3o foi \u201cPastoralidade e Transforma\u00e7\u00e3o Social\u201d, que \u00e9 o tema do V Congresso Nacional da C\u00e1ritas.<\/p>\n<p>Durante sua fala na cerim\u00f4nia, dom Jo\u00e3o Costa, presidente da C\u00e1ritas Brasileira, refor\u00e7ou a import\u00e2ncia das iniciativas tomadas pelas entidades membros da Rede C\u00e1ritas e pelas entidades que tiveram o seu trabalho reconhecido na premia\u00e7\u00e3o deste ano: \u201cTemos que dar bons exemplos, assim como Jesus nos deu. Por isso esse reconhecimento \u00e9 justo, para que possamos difundir coisas boas que essas entidades est\u00e3o realizando\u201d.<\/p>\n<p>Al\u00e9m da entrega do Pr\u00eamio Odair Firmino de Solidariedade, a noite contou com homenagens aos vencedores do concurso comemorativo\u00a0<em>Imagem, ritmo e hist\u00f3ria da C\u00e1ritas Brasileira<\/em>. Um dos mais<em>\u00a0<\/em>animados na noite de premia\u00e7\u00e3o era Francisco Silva, da C\u00e1ritas de Caic\u00f3, no Rio Grande do Norte. Mais conhecido como Maguila, o educador social venceu o<em>\u00a0concurso\u00a0<\/em>na modalidade literatura. O cordel em sextilha escrito por ele tamb\u00e9m serviu de inspira\u00e7\u00e3o, junto com a can\u00e7\u00e3o apresentada por Dirceu Pereira da Silva, Marcos da Matta e Cristiane da Matta, para a cria\u00e7\u00e3o do hino oficial dos 60 anos.<\/p>\n<p>Para Maguila, a homenagem foi um momento \u00fanico: \u201cMais do que o reconhecimento, [esse pr\u00eamio] \u00e9 a representa\u00e7\u00e3o do trabalho que estamos fazendo com os jovens em situa\u00e7\u00e3o de risco. \u00c9 isso que esse pr\u00eamio representa. Al\u00e9m disso, um pequeno trecho do nosso trabalho vai ser gravado para sempre no hino [dos 60 anos]\u201d.\u00a0Andr\u00e9ia Mar\u00e7al Queiroz, do munic\u00edpio de Governador Valadares, em Minas Gerais, que venceu na modalidade\u00a0<em>design gr\u00e1fico<\/em>, tamb\u00e9m foi homenageada.\u00a0A cerim\u00f4nia foi finalizada com uma apresenta\u00e7\u00e3o do Coral Municipal de Jovens, de Aparecida.<\/p>\n<p>Semana da Solidariedade<\/p>\n<p>A entrega do Pr\u00eamio Odair Firmino ocorre durante a Semana da Solidariedade, que \u00e9 promovida todos os anos pela C\u00e1ritas Brasileira pr\u00f3ximo \u00e0 data de funda\u00e7\u00e3o da entidade \u2014 12 de novembro. Este ano, a Semana foi realizada entre os dias 1\u00ba e 7 de novembro. O pr\u00eamio \u00e9 uma homenagem a Odair Firmino, vice-presidente da C\u00e1ritas entre os anos de 1999 e 2007 e trabalhador incans\u00e1vel em prol dos mais necessitados.<\/p>\n<p>Para mais informa\u00e7\u00f5es sobre a Semana da Solidariedade e para acesso ao Mapa da Solidariedade,\u00a0<a href=\"http:\/\/caritas.org.br\/?p=35110\" target=\"_blank\">clique aqui<\/a>. Para outras informa\u00e7\u00f5es sobre o concurso\u00a0comemorativo\u00a0<em>Imagem, ritmo e hist\u00f3ria da C\u00e1ritas Brasileira<\/em>,\u00a0<a href=\"http:\/\/caritas.org.br\/?p=31660\" target=\"_blank\">acesse aqui<\/a>.<em>\u00a0<\/em>Para demais informa\u00e7\u00f5es sobre o V Congresso Nacional da C\u00e1ritas Brasileira, durante o qual ser\u00e3o comemorados os 60 anos da entidade,\u00a0<a href=\"http:\/\/caritas.org.br\/?p=33873\" target=\"_blank\">veja aqui<\/a>.<\/p>\n<p>Confira a lista de entidades que receberam o Pr\u00eamio Odair Firmino 2016:<\/p>\n<ul>\n<li>Conselho Indigenista Mission\u00e1rio (CIMI)<\/li>\n<li>Movimento dos Trabalhadores Rurais Sem Terra (MST)<\/li>\n<li>Centro Cultural de Bras\u00edlia (CCB)<\/li>\n<li>Comiss\u00e3o Pastoral da Terra (CPT)<\/li>\n<li>F\u00f3rum Brasileiro de Economia Solid\u00e1ria<\/li>\n<li>Conselho Nacional de Seguran\u00e7a Alimentar e Nutricional (Consea)<\/li>\n<li>Pastoral do Menor<\/li>\n<li>Conselho Nacional das Igrejas Crist\u00e3s do Brasil<\/li>\n<li>Pastoral da Juventude do Meio Popular (PJMP)<\/li>\n<li>Comunidades Eclesiais de Base (CEBs)<\/li>\n<li>Coordenadoria Ecum\u00eanica de Servi\u00e7o (CESE)<\/li>\n<li>Rede Um Grito Pela Vida<\/li>\n<li>Articula\u00e7\u00e3o Semi\u00c1rido Brasileiro (ASA)<\/li>\n<li>Misturando Arte<\/li>\n<li>Associa\u00e7\u00e3o Costumes Artes<\/li>\n<li>C\u00e1ritas Paroquial de Ivinh\u00e9m<\/li>\n<\/ul>\n<p>Trof\u00e9us de Reconhecimento e Agradecimento:<\/p>\n<ul>\n<li>Dom Luiz Dem\u00e9trio Valentini<\/li>\n<li>Cardeal Raimundo Damasceno de Assis<\/li>\n<li>Grito dos\/as Exclu\u00eddos\/as<\/li>\n<li>Misereor<\/li>\n<li>C\u00e1ritas Internationalis<\/li>\n<li>C\u00e1ritas Colombiana<\/li>\n<li>C\u00e1ritas do Peru<\/li>\n<li>Pastoral Social C\u00e1ritas do Chile<\/li>\n<\/ul>\n<p>Ganhadores do concurso comemorativo\u00a0<em>Imagem, ritmo e hist\u00f3ria da C\u00e1ritas Brasileira<\/em>:<\/p>\n<ul>\n<li>Andr\u00e9ia Mar\u00e7al Queiroz (<em>design gr\u00e1fico<\/em>)<\/li>\n<li>Dirceu Pereira da Silva, Marcos da Matta e Cristiane da Matta (<em>m\u00fasica<\/em>)<\/li>\n<li>Francisco das Chagas e Silva \u2013 Maguila (<em>literatura<\/em>)<\/li>\n<\/ul>\n<p><em>Por Rede de Comunicadores e Comunicadoras da C\u00e1ritas Brasileira<\/em><br \/>\n<em>Reportagem: Luciano Gallas e Helder Quaresma<\/em><br \/>\n<em>Foto: Francielle Oliveira<\/em><\/p>\n<p>&nbsp;<\/p>\n<div><a title=\"Mais...\" href=\"http:\/\/caritas.org.br\/entrega-do-premio-odair-firmino-de-solidariedade-acontece-em-aparecida\/35520#\" target=\"_blank\">5<\/a><\/div>\n<ul class=\"ssb_list_wrapper\"><li class=\"fb2\" style=\"width:135px\"><iframe src=\"\/\/www.facebook.com\/plugins\/like.php?href=https%3A%2F%2Fwww.caritasne2.org.br%2Fsite%2Fcaritas-entrega-premio-odair-firmino-de-solidariedade%2F&amp;layout=button_count&amp;action=like&amp;show_faces=false&amp;share=true&amp;width=135&amp;height=21&amp;appId=307091639398582\" scrolling=\"no\" frameborder=\"0\" style=\"border:none; overflow:hidden;  width:150px; height:21px;\" allowTransparency=\"true\"><\/iframe><\/li><li class=\"twtr\" style=\"width:90px\"><a href=\"https:\/\/twitter.com\/share\" class=\"twitter-share-button\" data-url=\"https:\/\/www.caritasne2.org.br\/site\/caritas-entrega-premio-odair-firmino-de-solidariedade\/\">&nbsp;<\/a><script>!function(d,s,id){var js,fjs=d.getElementsByTagName(s)[0],p=\/^http:\/.test(d.location)?'http':'https';if(!d.getElementById(id)){js=d.createElement(s);js.id=id;js.src=p+':\/\/platform.twitter.com\/widgets.js';fjs.parentNode.insertBefore(js,fjs);}}(document, 'script', 'twitter-wjs');<\/script><\/li><li class=\"gplus\" style=\"width:68px\"><div class=\"g-plusone\" data-size=\"medium\" data-href=\"https:\/\/www.caritasne2.org.br\/site\/caritas-entrega-premio-odair-firmino-de-solidariedade\/\"><\/div><\/li><li class=\"ssb_linkedin\" style=\"width:64px\"><script src=\"\/\/platform.linkedin.com\/in.js\" type=\"text\/javascript\">lang: en_US<\/script><script type=\"IN\/Share\" data-url=\"https:\/\/www.caritasne2.org.br\/site\/caritas-entrega-premio-odair-firmino-de-solidariedade\/\" data-counter=\"right\"><\/script><\/li><\/ul>","protected":false},"excerpt":{"rendered":"<p>O primeiro dia do V Congresso Nacional da C\u00e1ritas Brasileira, na quarta-feira, dia 9 de novembro, se encerrou com a entrega do\u00a0Pr\u00eamio Odair Firmino de Solidariedade. Na edi\u00e7\u00e3o deste ano, foram agraciadas com o pr\u00eamio 60 entidades de todo o pa\u00eds, premiadas por sua atua\u00e7\u00e3o no desenvolvimento sustent\u00e1vel, solid\u00e1rio e territorial e na garantia de direitos humanos, sociais e de pol\u00edticas p\u00fablicas. A cerim\u00f4nia ocorreu [&hellip;]<\/p>\n<ul class=\"ssb_list_wrapper\"><li class=\"fb2\" style=\"width:135px\"><iframe src=\"\/\/www.facebook.com\/plugins\/like.php?href=https%3A%2F%2Fwww.caritasne2.org.br%2Fsite%2Fcaritas-entrega-premio-odair-firmino-de-solidariedade%2F&amp;layout=button_count&amp;action=like&amp;show_faces=false&amp;share=true&amp;width=135&amp;height=21&amp;appId=307091639398582\" scrolling=\"no\" frameborder=\"0\" style=\"border:none; overflow:hidden;  width:150px; height:21px;\" allowTransparency=\"true\"><\/iframe><\/li><li class=\"twtr\" style=\"width:90px\"><a href=\"https:\/\/twitter.com\/share\" class=\"twitter-share-button\" data-url=\"https:\/\/www.caritasne2.org.br\/site\/caritas-entrega-premio-odair-firmino-de-solidariedade\/\">&nbsp;<\/a><script>!function(d,s,id){var js,fjs=d.getElementsByTagName(s)[0],p=\/^http:\/.test(d.location)?'http':'https';if(!d.getElementById(id)){js=d.createElement(s);js.id=id;js.src=p+':\/\/platform.twitter.com\/widgets.js';fjs.parentNode.insertBefore(js,fjs);}}(document, 'script', 'twitter-wjs');<\/script><\/li><li class=\"gplus\" style=\"width:68px\"><div class=\"g-plusone\" data-size=\"medium\" data-href=\"https:\/\/www.caritasne2.org.br\/site\/caritas-entrega-premio-odair-firmino-de-solidariedade\/\"><\/div><\/li><li class=\"ssb_linkedin\" style=\"width:64px\"><script src=\"\/\/platform.linkedin.com\/in.js\" type=\"text\/javascript\">lang: en_US<\/script><script type=\"IN\/Share\" data-url=\"https:\/\/www.caritasne2.org.br\/site\/caritas-entrega-premio-odair-firmino-de-solidariedade\/\" data-counter=\"right\"><\/script><\/li><\/ul>","protected":false},"author":4,"featured_media":3698,"comment_status":"open","ping_status":"open","sticky":false,"template":"","format":"standard","meta":[],"categories":[774,20],"tags":[785,46,67,845,846,331],"_links":{"self":[{"href":"https:\/\/www.caritasne2.org.br\/site\/wp-json\/wp\/v2\/posts\/3697"}],"collection":[{"href":"https:\/\/www.caritasne2.org.br\/site\/wp-json\/wp\/v2\/posts"}],"about":[{"href":"https:\/\/www.caritasne2.org.br\/site\/wp-json\/wp\/v2\/types\/post"}],"author":[{"embeddable":true,"href":"https:\/\/www.caritasne2.org.br\/site\/wp-json\/wp\/v2\/users\/4"}],"replies":[{"embeddable":true,"href":"https:\/\/www.caritasne2.org.br\/site\/wp-json\/wp\/v2\/comments?post=3697"}],"version-history":[{"count":0,"href":"https:\/\/www.caritasne2.org.br\/site\/wp-json\/wp\/v2\/posts\/3697\/revisions"}],"wp:featuredmedia":[{"embeddable":true,"href":"https:\/\/www.caritasne2.org.br\/site\/wp-json\/"}],"wp:attachment":[{"href":"https:\/\/www.caritasne2.org.br\/site\/wp-json\/wp\/v2\/media?parent=3697"}],"wp:term":[{"taxonomy":"category","embeddable":true,"href":"https:\/\/www.caritasne2.org.br\/site\/wp-json\/wp\/v2\/categories?post=3697"},{"taxonomy":"post_tag","embeddable":true,"href":"https:\/\/www.caritasne2.org.br\/site\/wp-json\/wp\/v2\/tags?post=3697"}],"curies":[{"name":"wp","href":"https:\/\/api.w.org\/{rel}","templated":true}]}}