{"id":3694,"date":"2016-11-08T16:07:08","date_gmt":"2016-11-08T18:07:08","guid":{"rendered":"http:\/\/ne2.caritas.org.br.s174889.gridserver.com\/?p=3694"},"modified":"2017-07-11T15:17:29","modified_gmt":"2017-07-11T18:17:29","slug":"brasil-sedia-reuniao-da-caritas-america-latina-caribe","status":"publish","type":"post","link":"https:\/\/www.caritasne2.org.br\/site\/brasil-sedia-reuniao-da-caritas-america-latina-caribe\/","title":{"rendered":"Brasil sedia reuni\u00e3o da C\u00e1ritas Am\u00e9rica Latina e Caribe"},"content":{"rendered":"<p>A C\u00e1ritas Brasileira \u00e9 anfitri\u00e3 at\u00e9 esta ter\u00e7a-feira, dia 8 de novembro, da reuni\u00e3o anual da Coordena\u00e7\u00e3o Regional (Core) Ampliada da C\u00e1ritas Am\u00e9rica Latina e Caribe. Participam do encontro o presidente do Secretariado Latino-Americano e Caribenho da C\u00e1ritas (Selacc), como \u00e9 conhecida a C\u00e1ritas regional, monsenhor Jos\u00e9 Luis Azuaje; o coordenador regional da C\u00e1ritas, padre Francisco Hern\u00e1ndez Rojas; os\/as coordenadores\/as das quatro zonais em que est\u00e1 organizada a C\u00e1ritas regional (Bolivariana, Camex, Caribe e Conse Sul), os coordenadores das equipes de trabalho que integram o secretariado regional, entre outros agentes C\u00e1ritas.<\/p>\n<p>Nove pa\u00edses est\u00e3o representados no encontro, a saber: Chile, Col\u00f4mbia, Costa Rica, Haiti, Honduras, M\u00e9xico, Peru e Venezuela, al\u00e9m do Brasil. Ainda participam representantes da Caritas Internationalis, entre os quais o monsenhor Pierre Cibambo Ntakobajira, assessor eclesial da confedera\u00e7\u00e3o; da C\u00e1ritas Espanhola, Ana Cristina Garc\u00eda; o monsenhor Gustavo Rodr\u00edguez, presidente do Departamento de Justi\u00e7a e Solidaridade (Dejusol) do Conselho Episcopal Latino-americano (Celam), e dom Jo\u00e3o Costa, presidente da C\u00e1ritas Brasileira. O encontro, que se iniciou no dia 2 e encerraria no dia 8, foi realizado na cidade de Campos do Jord\u00e3o (SP).<\/p>\n<p>\u201cEsta reuni\u00e3o da Core Ampliada nos permite falar sobre o trabalho, identificar nossos acertos e onde temos errado no caminho \u2013 e onde, portanto, necessitamos de um plano de melhorias. Permite tamb\u00e9m que possamos mirar as perspectivas, para onde podemos ir, sempre buscando a transforma\u00e7\u00e3o da realidade e o impacto sobre os grandes conflitos existentes em n\u00edvel regional, para alcan\u00e7ar um outro mundo poss\u00edvel, para garantir a experi\u00eancia do Reino [de Deus] nesta terra, e que os mais pobres, os marginalizados, os descartados, possam conquistar capacidades e oportunidades de ter uma vida digna\u201d, aponta Francisco Hern\u00e1ndez.<\/p>\n<p>O trabalho em conjunto com as popula\u00e7\u00f5es marginalizadas referido por padre Francisco comp\u00f5e a pr\u00f3pria identidade da C\u00e1ritas na regi\u00e3o, e pode ser ampliada tamb\u00e9m para a popula\u00e7\u00e3o em geral do continente latino-americano. \u201cA identidade da C\u00e1ritas Am\u00e9rica Latina e Caribe vem de uma mesma experi\u00eancia, de uma mesma comunidade. Vem de um Cristo que tem nos acompanhado e que continua a nos acompanhar em todos os processos, especialmente na op\u00e7\u00e3o pelos pobres e na humildade, e que tamb\u00e9m se expressa na necessidade de constru\u00e7\u00e3o de um Reino de Paz, Amor, Justi\u00e7a e Liberdade\u201d, revela monsenhor Azuaje.<\/p>\n<p>Para o presidente da C\u00e1ritas Am\u00e9rica Latina e Caribe, \u00e9 deste trabalho que \u201cbrota o que vem a ser esta identidade que nos faz a todos irm\u00e3os no servi\u00e7o aos mais pobres. A for\u00e7a desta \u00a0identidade \u00e9 justamente o servi\u00e7o aos mais pobres, pois sabemos que em nossa Am\u00e9rica Latina h\u00e1 um ac\u00famulo de sofrimentos, de injusti\u00e7as. Mas sabemos tamb\u00e9m que h\u00e1 uma \u00a0imensidade de riquezas espirituais e de solidariedade\u201d.<\/p>\n<p><em>Por Luciano Gallas \/ Assessoria Nacional de Comunica\u00e7\u00e3o da C\u00e1ritas Brasileira<\/em><\/p>\n<ul class=\"ssb_list_wrapper\"><li class=\"fb2\" style=\"width:135px\"><iframe src=\"\/\/www.facebook.com\/plugins\/like.php?href=https%3A%2F%2Fwww.caritasne2.org.br%2Fsite%2Fbrasil-sedia-reuniao-da-caritas-america-latina-caribe%2F&amp;layout=button_count&amp;action=like&amp;show_faces=false&amp;share=true&amp;width=135&amp;height=21&amp;appId=307091639398582\" scrolling=\"no\" frameborder=\"0\" style=\"border:none; overflow:hidden;  width:150px; height:21px;\" allowTransparency=\"true\"><\/iframe><\/li><li class=\"twtr\" style=\"width:90px\"><a href=\"https:\/\/twitter.com\/share\" class=\"twitter-share-button\" data-url=\"https:\/\/www.caritasne2.org.br\/site\/brasil-sedia-reuniao-da-caritas-america-latina-caribe\/\">&nbsp;<\/a><script>!function(d,s,id){var js,fjs=d.getElementsByTagName(s)[0],p=\/^http:\/.test(d.location)?'http':'https';if(!d.getElementById(id)){js=d.createElement(s);js.id=id;js.src=p+':\/\/platform.twitter.com\/widgets.js';fjs.parentNode.insertBefore(js,fjs);}}(document, 'script', 'twitter-wjs');<\/script><\/li><li class=\"gplus\" style=\"width:68px\"><div class=\"g-plusone\" data-size=\"medium\" data-href=\"https:\/\/www.caritasne2.org.br\/site\/brasil-sedia-reuniao-da-caritas-america-latina-caribe\/\"><\/div><\/li><li class=\"ssb_linkedin\" style=\"width:64px\"><script src=\"\/\/platform.linkedin.com\/in.js\" type=\"text\/javascript\">lang: en_US<\/script><script type=\"IN\/Share\" data-url=\"https:\/\/www.caritasne2.org.br\/site\/brasil-sedia-reuniao-da-caritas-america-latina-caribe\/\" data-counter=\"right\"><\/script><\/li><\/ul>","protected":false},"excerpt":{"rendered":"<p>A C\u00e1ritas Brasileira \u00e9 anfitri\u00e3 at\u00e9 esta ter\u00e7a-feira, dia 8 de novembro, da reuni\u00e3o anual da Coordena\u00e7\u00e3o Regional (Core) Ampliada da C\u00e1ritas Am\u00e9rica Latina e Caribe. Participam do encontro o presidente do Secretariado Latino-Americano e Caribenho da C\u00e1ritas (Selacc), como \u00e9 conhecida a C\u00e1ritas regional, monsenhor Jos\u00e9 Luis Azuaje; o coordenador regional da C\u00e1ritas, padre Francisco Hern\u00e1ndez Rojas; os\/as coordenadores\/as das quatro zonais em que [&hellip;]<\/p>\n<ul class=\"ssb_list_wrapper\"><li class=\"fb2\" style=\"width:135px\"><iframe src=\"\/\/www.facebook.com\/plugins\/like.php?href=https%3A%2F%2Fwww.caritasne2.org.br%2Fsite%2Fbrasil-sedia-reuniao-da-caritas-america-latina-caribe%2F&amp;layout=button_count&amp;action=like&amp;show_faces=false&amp;share=true&amp;width=135&amp;height=21&amp;appId=307091639398582\" scrolling=\"no\" frameborder=\"0\" style=\"border:none; overflow:hidden;  width:150px; height:21px;\" allowTransparency=\"true\"><\/iframe><\/li><li class=\"twtr\" style=\"width:90px\"><a href=\"https:\/\/twitter.com\/share\" class=\"twitter-share-button\" data-url=\"https:\/\/www.caritasne2.org.br\/site\/brasil-sedia-reuniao-da-caritas-america-latina-caribe\/\">&nbsp;<\/a><script>!function(d,s,id){var js,fjs=d.getElementsByTagName(s)[0],p=\/^http:\/.test(d.location)?'http':'https';if(!d.getElementById(id)){js=d.createElement(s);js.id=id;js.src=p+':\/\/platform.twitter.com\/widgets.js';fjs.parentNode.insertBefore(js,fjs);}}(document, 'script', 'twitter-wjs');<\/script><\/li><li class=\"gplus\" style=\"width:68px\"><div class=\"g-plusone\" data-size=\"medium\" data-href=\"https:\/\/www.caritasne2.org.br\/site\/brasil-sedia-reuniao-da-caritas-america-latina-caribe\/\"><\/div><\/li><li class=\"ssb_linkedin\" style=\"width:64px\"><script src=\"\/\/platform.linkedin.com\/in.js\" type=\"text\/javascript\">lang: en_US<\/script><script type=\"IN\/Share\" data-url=\"https:\/\/www.caritasne2.org.br\/site\/brasil-sedia-reuniao-da-caritas-america-latina-caribe\/\" data-counter=\"right\"><\/script><\/li><\/ul>","protected":false},"author":4,"featured_media":3695,"comment_status":"open","ping_status":"open","sticky":false,"template":"","format":"standard","meta":[],"categories":[842,20],"tags":[46,844,67],"_links":{"self":[{"href":"https:\/\/www.caritasne2.org.br\/site\/wp-json\/wp\/v2\/posts\/3694"}],"collection":[{"href":"https:\/\/www.caritasne2.org.br\/site\/wp-json\/wp\/v2\/posts"}],"about":[{"href":"https:\/\/www.caritasne2.org.br\/site\/wp-json\/wp\/v2\/types\/post"}],"author":[{"embeddable":true,"href":"https:\/\/www.caritasne2.org.br\/site\/wp-json\/wp\/v2\/users\/4"}],"replies":[{"embeddable":true,"href":"https:\/\/www.caritasne2.org.br\/site\/wp-json\/wp\/v2\/comments?post=3694"}],"version-history":[{"count":0,"href":"https:\/\/www.caritasne2.org.br\/site\/wp-json\/wp\/v2\/posts\/3694\/revisions"}],"wp:featuredmedia":[{"embeddable":true,"href":"https:\/\/www.caritasne2.org.br\/site\/wp-json\/"}],"wp:attachment":[{"href":"https:\/\/www.caritasne2.org.br\/site\/wp-json\/wp\/v2\/media?parent=3694"}],"wp:term":[{"taxonomy":"category","embeddable":true,"href":"https:\/\/www.caritasne2.org.br\/site\/wp-json\/wp\/v2\/categories?post=3694"},{"taxonomy":"post_tag","embeddable":true,"href":"https:\/\/www.caritasne2.org.br\/site\/wp-json\/wp\/v2\/tags?post=3694"}],"curies":[{"name":"wp","href":"https:\/\/api.w.org\/{rel}","templated":true}]}}