{"id":3688,"date":"2016-11-05T16:00:59","date_gmt":"2016-11-05T18:00:59","guid":{"rendered":"http:\/\/ne2.caritas.org.br.s174889.gridserver.com\/?p=3688"},"modified":"2017-07-11T15:17:29","modified_gmt":"2017-07-11T18:17:29","slug":"conheca-hino-oficial-dos-60-anos-da-caritas-brasileira","status":"publish","type":"post","link":"https:\/\/www.caritasne2.org.br\/site\/conheca-hino-oficial-dos-60-anos-da-caritas-brasileira\/","title":{"rendered":"Conhe\u00e7a o hino oficial dos 60 anos da C\u00e1ritas Brasileira"},"content":{"rendered":"<p>O hino dos 60 anos da C\u00e1ritas Brasileira j\u00e1 est\u00e1 dispon\u00edvel para quem quiser ouvir e compartilhar. A letra foi inspirada na obra de Dirceu Pereira da Silva, Marcos da Matta e Cristiane da Matta, que venceram o concurso comemorativo Imagem, ritmo e hist\u00f3ria da C\u00e1ritas Brasileira na modalidade m\u00fasica. Tamb\u00e9m contribuiu para a letra final do hino o cordel Para vida celebrar, de Francisco das Chagas e Silva (Maguila), residente no munic\u00edpio de Caic\u00f3 \u2013 Rio Grande do Norte \u2013 e vencedor do concurso na modalidade literatura.<\/p>\n<p>O hino dos 60 anos \u00e9 fruto de um trabalho constru\u00eddo de forma coletiva, por muitas m\u00e3os, que contribu\u00edram para a elabora\u00e7\u00e3o final da letra e para a finaliza\u00e7\u00e3o de todo o processo. Concebido desta forma, o hino dos 60 anos pode ser cantado livremente, em todos os eventos da Rede C\u00e1ritas, podendo ser veiculado tamb\u00e9m nas r\u00e1dios comunit\u00e1rias e em outros espa\u00e7os de comunica\u00e7\u00e3o popular.<\/p>\n<p><a href=\"https:\/\/www.dropbox.com\/sh\/s61klw6lqmgk6sy\/AAAuDke_lB7BaY9uk3tguW-Va?dl=0&amp;preview=Hino+C%C3%A1ritas+Master+Final+2.mp3\">Ou\u00e7a aqui<\/a> a vers\u00e3o final do \u00e1udio. J\u00e1 a letra est\u00e1 publicada logo abaixo, assim como o cordel Para vida celebrar. A C\u00e1ritas agradece a todos que participaram e que animaram a realiza\u00e7\u00e3o do concurso Imagem, ritmo e hist\u00f3ria da C\u00e1ritas Brasileira. Parab\u00e9ns aos vencedores e \u00e0s vencedoras!<\/p>\n<p>HINO DOS 60 ANOS DA C\u00c1RITAS BRASILEIRA<\/p>\n<p>Ficha T\u00e9cnica<\/p>\n<p>Inspira\u00e7\u00e3o da letra: Dirceu Pereira da Silva, Marcos da Matta, Cristiane da Matta, Francisco das Chagas e Silva (Maguila)<\/p>\n<p>M\u00fasica: Caji (Carl\u00e3o) e H\u00e9lia Marina<\/p>\n<p>Vozes: Neila Kadhi e Caji<\/p>\n<p>Viol\u00e3o, programa\u00e7\u00e3o r\u00edtmica e percuss\u00e3o: Caji<\/p>\n<p>Acordeon, piano e teclados: Jelber Oliveira<\/p>\n<p>Bandolim e viola caipira: Fabr\u00edcio Rios<\/p>\n<p>Arranjos, grava\u00e7\u00e3o, mixagem e masteriza\u00e7\u00e3o: Caji<\/p>\n<p>Letra<\/p>\n<p>1. Sessenta anos de hist\u00f3ria<br \/>\nVamos todos celebrar<br \/>\nMe d\u00ea a tua m\u00e3o<br \/>\nPra ciranda come\u00e7ar.<\/p>\n<p>REFR\u00c3O \u2013 C\u00e1ritas, tua for\u00e7a \u00e9 o Senhor<br \/>\nTua miss\u00e3o \u00e9 o pr\u00f3prio amor<br \/>\n\u00c1gua pra beber, terra pra plantar<br \/>\nP\u00e3o para comer, vidas a cuidar.<\/p>\n<p>2. Superando desafios<br \/>\nDesde os campos \u00e0 cidade<br \/>\nTua a\u00e7\u00e3o libertadora<br \/>\nNa justi\u00e7a e caridade.<\/p>\n<p>3. Na partilha solid\u00e1ria<br \/>\nCaminhar e construir<br \/>\nAcolhendo o chamado<br \/>\nSomos livres pra servir.<\/p>\n<p>4. A semente foi plantada<br \/>\nNo solo do cora\u00e7\u00e3o<br \/>\nAqui a terra \u00e9 f\u00e9rtil<br \/>\n\u00d3 cirandeiro, \u00f3 cirandeira, cantemos essa can\u00e7\u00e3o.<\/p>\n<p>PARA A VIDA CELEBRAR<\/p>\n<p><em>Francisco das Chagas e Silva (Maguila)<\/em><\/p>\n<p>60 anos de C\u00e1ritas<br \/>\nPara vida celebrar<br \/>\nSua m\u00e3o na minha m\u00e3o<br \/>\nPara ciranda come\u00e7ar<br \/>\nCantaremos a can\u00e7\u00e3o<br \/>\nDa organiza\u00e7\u00e3o popular.<\/p>\n<p>60 anos j\u00e1 passaram<br \/>\nSemeamos as sementes<br \/>\nV\u00e1rias delas j\u00e1 brotaram<br \/>\nNos cora\u00e7\u00f5es e mentes<br \/>\nColheremos com muito amor<br \/>\nOs frutos que s\u00e3o da gente.<\/p>\n<p>A semente foi plantada<br \/>\nNo solo do cora\u00e7\u00e3o<br \/>\nAli a terra foi f\u00e9rtil<br \/>\nE nasceu na ora\u00e7\u00e3o<br \/>\nA \u00e1rvore frutificou<br \/>\nPra todo cidad\u00e3o.<\/p>\n<p>A C\u00e1ritas Brasileira<br \/>\nTem a cara de muita gente<br \/>\nDo catador e da mulher<br \/>\nDe todo jovem valente<br \/>\nQue luta por seus direitos<br \/>\nOrganizados conscientemente.<\/p>\n<p>Os direitos dos seres humanos<br \/>\n\u00c9 uma de nossas bandeiras<br \/>\nPois chega de exclu\u00eddos<br \/>\nViva a sociedade, justa e verdadeira<br \/>\nCom desenvolvimento sustent\u00e1vel<br \/>\nSolid\u00e1rios a vida inteira.<\/p>\n<p>A C\u00e1ritas Brasileira<br \/>\nMiss\u00e3o de solidariedade<br \/>\na servi\u00e7o pela vida<br \/>\nCom cidadania e dignidade<br \/>\nPra quem foi tirada a vida<br \/>\nInclus\u00e3o na sociedade.<\/p>\n<p>Ningu\u00e9m vive sozinho<br \/>\nVamos plantar solidariedade<br \/>\nA C\u00e1ritas no Brasil<br \/>\nTem uma a\u00e7\u00e3o de verdade<br \/>\nA economia solid\u00e1ria<br \/>\nPromove a Humanidade.<\/p>\n<p>Falar da C\u00e1ritas Brasileira<br \/>\nQue h\u00e1 60 anos surgiu<br \/>\nPra mudar realidades<br \/>\nDe norte a sul do Brasil<br \/>\nEla \u00e9 feita de gente forte<br \/>\nE na luta varonil.<\/p>\n<p>S\u00e3o 60 anos de hist\u00f3ria<br \/>\nA vit\u00f3ria almejamos<br \/>\nEstamos lutando sempre<br \/>\nPor aquilo que amamos<br \/>\nE se hoje somos C\u00e1ritas<br \/>\nNa solidariedade acreditamos.<\/p>\n<p>Estamos em todo Brasil<br \/>\nTerra de samba, frevo e maracatu<br \/>\nCom a miss\u00e3o de atingir<br \/>\nRecantos de Norte a Sul<br \/>\nE contagiar o pa\u00eds<br \/>\nDe c\u00e9u estrelado, belo e azul.<\/p>\n<p>E aqui no Brasil<br \/>\nA C\u00e1ritas \u00e9 um le\u00e3o<br \/>\nDefendendo os exclu\u00eddos<br \/>\nEm prol da inclus\u00e3o<br \/>\nNo campo e na cidade<br \/>\n\u00c9 forte sua atua\u00e7\u00e3o.<\/p>\n<p>Na terra Brasileira<br \/>\nTemos essa constru\u00e7\u00e3o<br \/>\nEmpenhada na cultura,<br \/>\nCom a boa forma\u00e7\u00e3o,<br \/>\nCidadania e folclore,<br \/>\nDe toda a popula\u00e7\u00e3o.<\/p>\n<p>\u00c0 C\u00e1ritas Brasileira<br \/>\nEsta \u00e9 nossa homenagem<br \/>\nEm poesia de cordel<br \/>\nFizemos uma viagem<br \/>\nFalando da nossa hist\u00f3ria<br \/>\nCom toda a sua bagagem.<\/p>\n<p>Outros 60 anos<br \/>\nCom certeza ainda vir\u00e3o<br \/>\nSeremos sempre C\u00e1ritas<br \/>\nPara estimada Na\u00e7\u00e3o<br \/>\nOnde houver exclu\u00eddos<br \/>\nUniremos nossas m\u00e3os.<\/p>\n<p>Para outras informa\u00e7\u00f5es sobre o concurso comemorativo Imagem, ritmo e hist\u00f3ria da C\u00e1ritas Brasileira, acesse aqui. Para demais informa\u00e7\u00f5es sobre o V Congresso Nacional da C\u00e1ritas Brasileira, durante o qual ser\u00e3o comemorados os 60 anos da entidade, veja aqui.<\/p>\n<p><em>\u00a0Fonte: Assessoria Nacional de Comunica\u00e7\u00e3o<\/em><\/p>\n<ul class=\"ssb_list_wrapper\"><li class=\"fb2\" style=\"width:135px\"><iframe src=\"\/\/www.facebook.com\/plugins\/like.php?href=https%3A%2F%2Fwww.caritasne2.org.br%2Fsite%2Fconheca-hino-oficial-dos-60-anos-da-caritas-brasileira%2F&amp;layout=button_count&amp;action=like&amp;show_faces=false&amp;share=true&amp;width=135&amp;height=21&amp;appId=307091639398582\" scrolling=\"no\" frameborder=\"0\" style=\"border:none; overflow:hidden;  width:150px; height:21px;\" allowTransparency=\"true\"><\/iframe><\/li><li class=\"twtr\" style=\"width:90px\"><a href=\"https:\/\/twitter.com\/share\" class=\"twitter-share-button\" data-url=\"https:\/\/www.caritasne2.org.br\/site\/conheca-hino-oficial-dos-60-anos-da-caritas-brasileira\/\">&nbsp;<\/a><script>!function(d,s,id){var js,fjs=d.getElementsByTagName(s)[0],p=\/^http:\/.test(d.location)?'http':'https';if(!d.getElementById(id)){js=d.createElement(s);js.id=id;js.src=p+':\/\/platform.twitter.com\/widgets.js';fjs.parentNode.insertBefore(js,fjs);}}(document, 'script', 'twitter-wjs');<\/script><\/li><li class=\"gplus\" style=\"width:68px\"><div class=\"g-plusone\" data-size=\"medium\" data-href=\"https:\/\/www.caritasne2.org.br\/site\/conheca-hino-oficial-dos-60-anos-da-caritas-brasileira\/\"><\/div><\/li><li class=\"ssb_linkedin\" style=\"width:64px\"><script src=\"\/\/platform.linkedin.com\/in.js\" type=\"text\/javascript\">lang: en_US<\/script><script type=\"IN\/Share\" data-url=\"https:\/\/www.caritasne2.org.br\/site\/conheca-hino-oficial-dos-60-anos-da-caritas-brasileira\/\" data-counter=\"right\"><\/script><\/li><\/ul>","protected":false},"excerpt":{"rendered":"<p>O hino dos 60 anos da C\u00e1ritas Brasileira j\u00e1 est\u00e1 dispon\u00edvel para quem quiser ouvir e compartilhar. A letra foi inspirada na obra de Dirceu Pereira da Silva, Marcos da Matta e Cristiane da Matta, que venceram o concurso comemorativo Imagem, ritmo e hist\u00f3ria da C\u00e1ritas Brasileira na modalidade m\u00fasica. Tamb\u00e9m contribuiu para a letra final do hino o cordel Para vida celebrar, de Francisco [&hellip;]<\/p>\n<ul class=\"ssb_list_wrapper\"><li class=\"fb2\" style=\"width:135px\"><iframe src=\"\/\/www.facebook.com\/plugins\/like.php?href=https%3A%2F%2Fwww.caritasne2.org.br%2Fsite%2Fconheca-hino-oficial-dos-60-anos-da-caritas-brasileira%2F&amp;layout=button_count&amp;action=like&amp;show_faces=false&amp;share=true&amp;width=135&amp;height=21&amp;appId=307091639398582\" scrolling=\"no\" frameborder=\"0\" style=\"border:none; overflow:hidden;  width:150px; height:21px;\" allowTransparency=\"true\"><\/iframe><\/li><li class=\"twtr\" style=\"width:90px\"><a href=\"https:\/\/twitter.com\/share\" class=\"twitter-share-button\" data-url=\"https:\/\/www.caritasne2.org.br\/site\/conheca-hino-oficial-dos-60-anos-da-caritas-brasileira\/\">&nbsp;<\/a><script>!function(d,s,id){var js,fjs=d.getElementsByTagName(s)[0],p=\/^http:\/.test(d.location)?'http':'https';if(!d.getElementById(id)){js=d.createElement(s);js.id=id;js.src=p+':\/\/platform.twitter.com\/widgets.js';fjs.parentNode.insertBefore(js,fjs);}}(document, 'script', 'twitter-wjs');<\/script><\/li><li class=\"gplus\" style=\"width:68px\"><div class=\"g-plusone\" data-size=\"medium\" data-href=\"https:\/\/www.caritasne2.org.br\/site\/conheca-hino-oficial-dos-60-anos-da-caritas-brasileira\/\"><\/div><\/li><li class=\"ssb_linkedin\" style=\"width:64px\"><script src=\"\/\/platform.linkedin.com\/in.js\" type=\"text\/javascript\">lang: en_US<\/script><script type=\"IN\/Share\" data-url=\"https:\/\/www.caritasne2.org.br\/site\/conheca-hino-oficial-dos-60-anos-da-caritas-brasileira\/\" data-counter=\"right\"><\/script><\/li><\/ul>","protected":false},"author":4,"featured_media":3689,"comment_status":"open","ping_status":"open","sticky":false,"template":"","format":"standard","meta":[],"categories":[774,20],"tags":[785,46,67,841,797],"_links":{"self":[{"href":"https:\/\/www.caritasne2.org.br\/site\/wp-json\/wp\/v2\/posts\/3688"}],"collection":[{"href":"https:\/\/www.caritasne2.org.br\/site\/wp-json\/wp\/v2\/posts"}],"about":[{"href":"https:\/\/www.caritasne2.org.br\/site\/wp-json\/wp\/v2\/types\/post"}],"author":[{"embeddable":true,"href":"https:\/\/www.caritasne2.org.br\/site\/wp-json\/wp\/v2\/users\/4"}],"replies":[{"embeddable":true,"href":"https:\/\/www.caritasne2.org.br\/site\/wp-json\/wp\/v2\/comments?post=3688"}],"version-history":[{"count":0,"href":"https:\/\/www.caritasne2.org.br\/site\/wp-json\/wp\/v2\/posts\/3688\/revisions"}],"wp:featuredmedia":[{"embeddable":true,"href":"https:\/\/www.caritasne2.org.br\/site\/wp-json\/"}],"wp:attachment":[{"href":"https:\/\/www.caritasne2.org.br\/site\/wp-json\/wp\/v2\/media?parent=3688"}],"wp:term":[{"taxonomy":"category","embeddable":true,"href":"https:\/\/www.caritasne2.org.br\/site\/wp-json\/wp\/v2\/categories?post=3688"},{"taxonomy":"post_tag","embeddable":true,"href":"https:\/\/www.caritasne2.org.br\/site\/wp-json\/wp\/v2\/tags?post=3688"}],"curies":[{"name":"wp","href":"https:\/\/api.w.org\/{rel}","templated":true}]}}