{"id":3682,"date":"2016-10-31T15:40:27","date_gmt":"2016-10-31T18:40:27","guid":{"rendered":"http:\/\/ne2.caritas.org.br.s174889.gridserver.com\/?p=3682"},"modified":"2017-07-11T15:17:29","modified_gmt":"2017-07-11T18:17:29","slug":"michel-roy-respeito-haiti-a-situacao-e-de-desespero","status":"publish","type":"post","link":"https:\/\/www.caritasne2.org.br\/site\/michel-roy-respeito-haiti-a-situacao-e-de-desespero\/","title":{"rendered":"Michel Roy a respeito do Haiti: \u201ca situa\u00e7\u00e3o \u00e9 de desespero\u201d"},"content":{"rendered":"<p>Desde o terremoto de janeiro de 2010 que devastou o Haiti, no pa\u00eds vivem 62.600 deslocados, alojados em 36 campos provis\u00f3rios. Atualmente, 60% da popula\u00e7\u00e3o vive em condi\u00e7\u00f5es de pobreza e 25 mil pessoas correm o risco de contrair o c\u00f3lera. Esta dram\u00e1tica situa\u00e7\u00e3o foi constatada in loco pelo secret\u00e1rio-geral da Caritas Internationalis, Michel Roy, que acabou de voltar do pa\u00eds. Segundo Roy, \u201ca situa\u00e7\u00e3o \u00e9 de desespero\u201d na na\u00e7\u00e3o caribenha.<\/p>\n<p>O quadro dram\u00e1tico presenciado no Haiti se acentuou ainda mais ap\u00f3s a passagem do furac\u00e3o Matthew, no in\u00edcio de outubro, causando a devasta\u00e7\u00e3o da ilha e pelo menos mil mortes. Em consequ\u00eancia, uma grande parcela da popula\u00e7\u00e3o ficou sem acesso \u00e0 \u00e1gua pot\u00e1vel e aos servi\u00e7os de sa\u00fade. Para piorar ainda mais, o pa\u00eds enfrenta elevados \u00edndices de viol\u00eancia e uma corrup\u00e7\u00e3o galopante, o que prejudica o andamento normal do trabalho das organiza\u00e7\u00f5es humanit\u00e1rias presentes no territ\u00f3rio.<\/p>\n<p>\u201cTr\u00eas semanas depois [da passagem do furac\u00e3o Matthew], as pessoas vivem ainda sem teto e chove. A chuva \u00e9 forte. Viver sem uma moradia \u00e9 realmente dif\u00edcil. Vi pessoas com os olhos completamente no vazio, realmente traumatizadas pelo que passaram. Na sexta-feira da semana passada [dia 21\/10], as chuvas em Les Cayes, cidade situada no sul, causaram uma inunda\u00e7\u00e3o. Havia um metro de \u00e1gua na cidade. \u00c9 complicado sair desta trag\u00e9dia\u201d, afirma Michel Roy.<\/p>\n<p>Conforme o secret\u00e1rio-geral, no Haiti \u201ca popula\u00e7\u00e3o \u00e9 pobre, as casas s\u00e3o constru\u00eddas com materiais fracos. Mas a maioria n\u00e3o quer ir embora de suas regi\u00f5es, quer permanecer em seus povoados. Estas pessoas pedem uma ajuda para refazer suas casas e sementes para recome\u00e7ar a cultivar depois de limpar a terra\u201d.<\/p>\n<p>Em solidariedade \u00e0s v\u00edtimas do furac\u00e3o Matthew no Haiti, a Confer\u00eancia Nacional dos Bispos do Brasil (CNBB) e a C\u00e1ritas Brasileira lan\u00e7aram a campanha SOS Haiti Furac\u00e3o. Os recursos arrecadados ser\u00e3o destinados a a\u00e7\u00f5es de urg\u00eancia, como o fornecimento de \u00e1gua pot\u00e1vel, alimentos, cobertores, kits de higiene, lonas e tendas. Ser\u00e1 dada prioridade no atendimento \u00e0s pessoas em abrigos improvisados, mulheres gr\u00e1vidas, crian\u00e7as e adultos com defici\u00eancia f\u00edsica. Com este apoio, tamb\u00e9m pretende-se ajudar na reconstru\u00e7\u00e3o de casas, escolas e outras estruturas que busquem melhorar as condi\u00e7\u00f5es de vida da popula\u00e7\u00e3o. Para saber mais sobre a campanha, acesse aqui.<\/p>\n<p>Para colaborar com o SOS Haiti Furac\u00e3o, deposite qualquer valor nas seguintes contas, administradas pela C\u00e1ritas Brasileira em favor das v\u00edtimas:<\/p>\n<p><span style=\"text-decoration: underline;\">Banco do Brasil<\/span><\/p>\n<p>Ag\u00eancia: 3475-4<\/p>\n<p>Conta Corrente: 33781-1<\/p>\n<p><span style=\"text-decoration: underline;\">Caixa Econ\u00f4mica Federal<\/span><\/p>\n<p>Ag\u00eancia: 1041<\/p>\n<p>Opera\u00e7\u00e3o: 003<\/p>\n<p>Conta Corrente: 3943-9<\/p>\n<p>CNPJ da C\u00e1ritas Brasileira: 33.654.419.0001\/16<\/p>\n<p><img decoding=\"async\" loading=\"lazy\" class=\"alignright  wp-image-3686\" title=\"30135467936_5e2525ae4c_o\" src=\"http:\/\/ne2.caritas.org.br.s174889.gridserver.com\/wp-content\/uploads\/2016\/11\/30135467936_5e2525ae4c_o.jpg\" alt=\"\" width=\"384\" height=\"218\" \/><\/p>\n<p>O secret\u00e1rio-geral da Caritas Internationalis descreve a situa\u00e7\u00e3o vivida pela popula\u00e7\u00e3o: \u201cTudo foi destru\u00eddo. Precisam de alimento, certamente. A comida chega, mas n\u00e3o chega em quantidade suficiente e n\u00e3o \u00e9 distribu\u00edda de maneira profissional. As pessoas que vivem fora da cidade recebem muito pouco. Isso quando recebem! Esta \u00e9 uma prioridade para a C\u00e1ritas. Quando h\u00e1 distribui\u00e7\u00e3o, as pessoas correm e s\u00e3o agressivas para pegar aquilo que \u00e9 distribu\u00eddo. Isso manifesta a dor e a preocupa\u00e7\u00e3o das pessoas. O governo n\u00e3o levou a s\u00e9rio esta trag\u00e9dia como deveria. Grande parte das doa\u00e7\u00f5es foram feitas por pol\u00edticos e a ajuda \u00e9 muito politizada. A C\u00e1ritas trabalha nas comunidades que do Estado n\u00e3o recebem nada\u201d.<\/p>\n<p>Michel Roy tamb\u00e9m lamenta que as informa\u00e7\u00f5es sobre a devasta\u00e7\u00e3o provocada pelo furac\u00e3o Matthew no Haiti n\u00e3o estejam mais recebendo a mesma aten\u00e7\u00e3o por parte da m\u00eddia, como ocorria nos primeiros dias ap\u00f3s a trag\u00e9dia. \u201c\u00c9 preciso que a comunidade internacional se mobilize para ajudar as pessoas no Haiti. H\u00e1 sempre problemas neste pa\u00eds, por\u00e9m a situa\u00e7\u00e3o \u00e9 tal que \u00e9 preciso se comprometer no n\u00edvel elevado. \u00c9 uma trag\u00e9dia! \u00c9 uma grande cat\u00e1strofe! \u00c9 preciso que tamb\u00e9m n\u00f3s, a fam\u00edlia C\u00e1ritas, a Igreja, nos mobilizemos para levar mais ajuda. \u00c9 preciso reconstruir quase tudo. Por isso \u00e9 necess\u00e1rio o compromisso, e tamb\u00e9m o dinheiro\u201d, enfatiza o secret\u00e1rio.<\/p>\n<p><em>Por Luciano Gallas \/ Assessoria Nacional de Comunica\u00e7\u00e3o da C\u00e1ritas Brasileira,<\/em><\/p>\n<p><em>com informa\u00e7\u00f5es da R\u00e1dio Vaticano<\/em><\/p>\n<p><em>Fotos: Caritas Internationalis<\/em><\/p>\n<ul class=\"ssb_list_wrapper\"><li class=\"fb2\" style=\"width:135px\"><iframe src=\"\/\/www.facebook.com\/plugins\/like.php?href=https%3A%2F%2Fwww.caritasne2.org.br%2Fsite%2Fmichel-roy-respeito-haiti-a-situacao-e-de-desespero%2F&amp;layout=button_count&amp;action=like&amp;show_faces=false&amp;share=true&amp;width=135&amp;height=21&amp;appId=307091639398582\" scrolling=\"no\" frameborder=\"0\" style=\"border:none; overflow:hidden;  width:150px; height:21px;\" allowTransparency=\"true\"><\/iframe><\/li><li class=\"twtr\" style=\"width:90px\"><a href=\"https:\/\/twitter.com\/share\" class=\"twitter-share-button\" data-url=\"https:\/\/www.caritasne2.org.br\/site\/michel-roy-respeito-haiti-a-situacao-e-de-desespero\/\">&nbsp;<\/a><script>!function(d,s,id){var js,fjs=d.getElementsByTagName(s)[0],p=\/^http:\/.test(d.location)?'http':'https';if(!d.getElementById(id)){js=d.createElement(s);js.id=id;js.src=p+':\/\/platform.twitter.com\/widgets.js';fjs.parentNode.insertBefore(js,fjs);}}(document, 'script', 'twitter-wjs');<\/script><\/li><li class=\"gplus\" style=\"width:68px\"><div class=\"g-plusone\" data-size=\"medium\" data-href=\"https:\/\/www.caritasne2.org.br\/site\/michel-roy-respeito-haiti-a-situacao-e-de-desespero\/\"><\/div><\/li><li class=\"ssb_linkedin\" style=\"width:64px\"><script src=\"\/\/platform.linkedin.com\/in.js\" type=\"text\/javascript\">lang: en_US<\/script><script type=\"IN\/Share\" data-url=\"https:\/\/www.caritasne2.org.br\/site\/michel-roy-respeito-haiti-a-situacao-e-de-desespero\/\" data-counter=\"right\"><\/script><\/li><\/ul>","protected":false},"excerpt":{"rendered":"<p>Desde o terremoto de janeiro de 2010 que devastou o Haiti, no pa\u00eds vivem 62.600 deslocados, alojados em 36 campos provis\u00f3rios. Atualmente, 60% da popula\u00e7\u00e3o vive em condi\u00e7\u00f5es de pobreza e 25 mil pessoas correm o risco de contrair o c\u00f3lera. Esta dram\u00e1tica situa\u00e7\u00e3o foi constatada in loco pelo secret\u00e1rio-geral da Caritas Internationalis, Michel Roy, que acabou de voltar do pa\u00eds. Segundo Roy, \u201ca situa\u00e7\u00e3o [&hellip;]<\/p>\n<ul class=\"ssb_list_wrapper\"><li class=\"fb2\" style=\"width:135px\"><iframe src=\"\/\/www.facebook.com\/plugins\/like.php?href=https%3A%2F%2Fwww.caritasne2.org.br%2Fsite%2Fmichel-roy-respeito-haiti-a-situacao-e-de-desespero%2F&amp;layout=button_count&amp;action=like&amp;show_faces=false&amp;share=true&amp;width=135&amp;height=21&amp;appId=307091639398582\" scrolling=\"no\" frameborder=\"0\" style=\"border:none; overflow:hidden;  width:150px; height:21px;\" allowTransparency=\"true\"><\/iframe><\/li><li class=\"twtr\" style=\"width:90px\"><a href=\"https:\/\/twitter.com\/share\" class=\"twitter-share-button\" data-url=\"https:\/\/www.caritasne2.org.br\/site\/michel-roy-respeito-haiti-a-situacao-e-de-desespero\/\">&nbsp;<\/a><script>!function(d,s,id){var js,fjs=d.getElementsByTagName(s)[0],p=\/^http:\/.test(d.location)?'http':'https';if(!d.getElementById(id)){js=d.createElement(s);js.id=id;js.src=p+':\/\/platform.twitter.com\/widgets.js';fjs.parentNode.insertBefore(js,fjs);}}(document, 'script', 'twitter-wjs');<\/script><\/li><li class=\"gplus\" style=\"width:68px\"><div class=\"g-plusone\" data-size=\"medium\" data-href=\"https:\/\/www.caritasne2.org.br\/site\/michel-roy-respeito-haiti-a-situacao-e-de-desespero\/\"><\/div><\/li><li class=\"ssb_linkedin\" style=\"width:64px\"><script src=\"\/\/platform.linkedin.com\/in.js\" type=\"text\/javascript\">lang: en_US<\/script><script type=\"IN\/Share\" data-url=\"https:\/\/www.caritasne2.org.br\/site\/michel-roy-respeito-haiti-a-situacao-e-de-desespero\/\" data-counter=\"right\"><\/script><\/li><\/ul>","protected":false},"author":4,"featured_media":3685,"comment_status":"open","ping_status":"open","sticky":false,"template":"","format":"standard","meta":[],"categories":[20],"tags":[46,67,824,331],"_links":{"self":[{"href":"https:\/\/www.caritasne2.org.br\/site\/wp-json\/wp\/v2\/posts\/3682"}],"collection":[{"href":"https:\/\/www.caritasne2.org.br\/site\/wp-json\/wp\/v2\/posts"}],"about":[{"href":"https:\/\/www.caritasne2.org.br\/site\/wp-json\/wp\/v2\/types\/post"}],"author":[{"embeddable":true,"href":"https:\/\/www.caritasne2.org.br\/site\/wp-json\/wp\/v2\/users\/4"}],"replies":[{"embeddable":true,"href":"https:\/\/www.caritasne2.org.br\/site\/wp-json\/wp\/v2\/comments?post=3682"}],"version-history":[{"count":0,"href":"https:\/\/www.caritasne2.org.br\/site\/wp-json\/wp\/v2\/posts\/3682\/revisions"}],"wp:featuredmedia":[{"embeddable":true,"href":"https:\/\/www.caritasne2.org.br\/site\/wp-json\/"}],"wp:attachment":[{"href":"https:\/\/www.caritasne2.org.br\/site\/wp-json\/wp\/v2\/media?parent=3682"}],"wp:term":[{"taxonomy":"category","embeddable":true,"href":"https:\/\/www.caritasne2.org.br\/site\/wp-json\/wp\/v2\/categories?post=3682"},{"taxonomy":"post_tag","embeddable":true,"href":"https:\/\/www.caritasne2.org.br\/site\/wp-json\/wp\/v2\/tags?post=3682"}],"curies":[{"name":"wp","href":"https:\/\/api.w.org\/{rel}","templated":true}]}}