{"id":3666,"date":"2016-10-28T15:19:30","date_gmt":"2016-10-28T17:19:30","guid":{"rendered":"http:\/\/ne2.caritas.org.br.s174889.gridserver.com\/?p=3666"},"modified":"2017-07-11T15:17:30","modified_gmt":"2017-07-11T18:17:30","slug":"congresso-da-caritas-reflete-sobre-trajetoria-de-60-anos","status":"publish","type":"post","link":"https:\/\/www.caritasne2.org.br\/site\/congresso-da-caritas-reflete-sobre-trajetoria-de-60-anos\/","title":{"rendered":"Congresso da C\u00e1ritas reflete sobre trajet\u00f3ria de 60 anos"},"content":{"rendered":"<p>No momento em que completa 60 anos, a C\u00e1ritas Brasileira realiza um profundo processo de reflex\u00e3o sobre seu caminho m\u00edstico e espiritual, avaliando experi\u00eancias e viv\u00eancias que conformaram a trajet\u00f3ria hist\u00f3rica da entidade e seu compromisso com as pessoas em situa\u00e7\u00e3o de vulnerabilidade social. As comemora\u00e7\u00f5es pelo anivers\u00e1rio, que \u00e9 celebrado no dia 12 de novembro, e o compartilhamento dessas reflex\u00f5es culminar\u00e3o com a organiza\u00e7\u00e3o do V Congresso Nacional da C\u00e1ritas Brasileira (V CNCB). Com realiza\u00e7\u00e3o entre 9 a 13 de novembro de 2016 no Santu\u00e1rio Nacional de Nossa Senhora da Concei\u00e7\u00e3o Aparecida, no munic\u00edpio de Aparecida (SP), o congresso ter\u00e1 como tema \u201cC\u00e1ritas: pastoralidade e transforma\u00e7\u00e3o social\u201d e como lema \u201c60 anos de solidariedade libertadora\u201d.<\/p>\n<p>Os congressos da C\u00e1ritas constituem espa\u00e7os ampliados para a reflex\u00e3o sobre a realidade sociopoliticoecon\u00f4mica do pa\u00eds, sobre a Igreja e, claro, sobre a pr\u00f3pria Rede C\u00e1ritas. Nestes espa\u00e7os, h\u00e1 ainda a defini\u00e7\u00e3o das novas prioridades estrat\u00e9gicas da entidade e a celebra\u00e7\u00e3o da caminhada constru\u00edda conjuntamente. Em 2016, n\u00e3o ser\u00e1 diferente. Sediado no Centro de Eventos Padre Vitor Coelho, no Santu\u00e1rio Nacional de Aparecida, o congresso ser\u00e1 resultado de uma s\u00e9rie de encontros pr\u00e9vios feitos em grupos, comunidades, dioceses, regionais e inter-regionais, aos quais se somou a realiza\u00e7\u00e3o de uma caravana nacional.<\/p>\n<p>Todas estas atividades foram iluminadas pela imagem peregrina de Nossa Senhora Aparecida, padroeira do Brasil, que tem seu jubileu de 300 anos comemorado em 2017. A imagem percorreu os regionais e as entidades membros da C\u00e1ritas Brasileira, acompanhando as caravanas territoriais, os momentos de reflex\u00e3o e ora\u00e7\u00e3o, os debates, as romarias e as manifesta\u00e7\u00f5es realizadas nas cinco regi\u00f5es do Brasil. A imagem foi entregue simbolicamente a uma comitiva da C\u00e1ritas durante missa em a\u00e7\u00e3o de gra\u00e7as pela funda\u00e7\u00e3o da entidade, celebrada na Bas\u00edlica de Nossa Senhora Aparecida em 12 de abril deste ano.<\/p>\n<p>T\u00eam sua presen\u00e7a confirmada no V CNCB o cardeal Raymundo Damasceno Assis, arcebispo de Aparecida; o monsenhor Jos\u00e9 Luiz Azuaje Ayala, presidente da C\u00e1ritas Am\u00e9rica Latina e Caribe; dom Leonardo Ulrich Steiner, secret\u00e1rio-geral da CNBB; dom Airton Jos\u00e9 dos Santos, presidente do regional Sul 1 (S\u00e3o Paulo) da CNBB; Michel Roy, secret\u00e1rio-geral da Caritas Internationalis, e Ant\u00f4nio Marcio de Siqueira, prefeito de Aparecida, al\u00e9m de dom Jo\u00e3o Jos\u00e9 Costa, presidente da C\u00e1ritas Brasileira, e da irm\u00e3 Lourdes Staudt Dill, vice-presidente. Eles\/a formar\u00e3o a mesa de abertura do V CNCB. Tamb\u00e9m est\u00e1 previsto um depoimento de dom Luiz Dem\u00e9trio Valentini, que foi presidente da C\u00e1ritas por 16 anos.<\/p>\n<p>A programa\u00e7\u00e3o inclui ainda a realiza\u00e7\u00e3o de pain\u00e9is de an\u00e1lise sobre a conjuntura socioecon\u00f4mica, pol\u00edtica e cultural do Brasil; sobre a a\u00e7\u00e3o da Igreja para a transforma\u00e7\u00e3o social e sobre a pr\u00f3pria pastoralidade da C\u00e1ritas, cuja f\u00e9 se move pela liberta\u00e7\u00e3o das pessoas exclu\u00eddas da sociedade. Al\u00e9m disso, haver\u00e1 uma prociss\u00e3o luminosa para marcar o projeto 10 Milh\u00f5es de Estrelas e a organiza\u00e7\u00e3o da Feira de Saberes e Sabores, com exposi\u00e7\u00e3o de produtos e artigos de empreendimentos solid\u00e1rios de diversas partes do pa\u00eds de 10 a 12 de novembro, tamb\u00e9m no centro de eventos do santu\u00e1rio.<\/p>\n<p>Para mais informa\u00e7\u00f5es sobre o V Congresso Nacional da C\u00e1ritas Brasileira, acesse <a href=\"http:\/\/caritas.org.br\/vcncb\">caritas.org.br\/vcncb<\/a>.<\/p>\n<p>Para ver a programa\u00e7\u00e3o completa do congresso, <a href=\"http:\/\/caritas.org.br\/wp-content\/uploads\/2016\/10\/Programa%C3%A7%C3%A3o-V-CNCB.pdf\">acesse aqui<\/a>.<\/p>\n<p><em>Por Luciano Gallas \/ Assessoria Nacional de Comunica\u00e7\u00e3o<\/em><\/p>\n<ul class=\"ssb_list_wrapper\"><li class=\"fb2\" style=\"width:135px\"><iframe src=\"\/\/www.facebook.com\/plugins\/like.php?href=https%3A%2F%2Fwww.caritasne2.org.br%2Fsite%2Fcongresso-da-caritas-reflete-sobre-trajetoria-de-60-anos%2F&amp;layout=button_count&amp;action=like&amp;show_faces=false&amp;share=true&amp;width=135&amp;height=21&amp;appId=307091639398582\" scrolling=\"no\" frameborder=\"0\" style=\"border:none; overflow:hidden;  width:150px; height:21px;\" allowTransparency=\"true\"><\/iframe><\/li><li class=\"twtr\" style=\"width:90px\"><a href=\"https:\/\/twitter.com\/share\" class=\"twitter-share-button\" data-url=\"https:\/\/www.caritasne2.org.br\/site\/congresso-da-caritas-reflete-sobre-trajetoria-de-60-anos\/\">&nbsp;<\/a><script>!function(d,s,id){var js,fjs=d.getElementsByTagName(s)[0],p=\/^http:\/.test(d.location)?'http':'https';if(!d.getElementById(id)){js=d.createElement(s);js.id=id;js.src=p+':\/\/platform.twitter.com\/widgets.js';fjs.parentNode.insertBefore(js,fjs);}}(document, 'script', 'twitter-wjs');<\/script><\/li><li class=\"gplus\" style=\"width:68px\"><div class=\"g-plusone\" data-size=\"medium\" data-href=\"https:\/\/www.caritasne2.org.br\/site\/congresso-da-caritas-reflete-sobre-trajetoria-de-60-anos\/\"><\/div><\/li><li class=\"ssb_linkedin\" style=\"width:64px\"><script src=\"\/\/platform.linkedin.com\/in.js\" type=\"text\/javascript\">lang: en_US<\/script><script type=\"IN\/Share\" data-url=\"https:\/\/www.caritasne2.org.br\/site\/congresso-da-caritas-reflete-sobre-trajetoria-de-60-anos\/\" data-counter=\"right\"><\/script><\/li><\/ul>","protected":false},"excerpt":{"rendered":"<p>No momento em que completa 60 anos, a C\u00e1ritas Brasileira realiza um profundo processo de reflex\u00e3o sobre seu caminho m\u00edstico e espiritual, avaliando experi\u00eancias e viv\u00eancias que conformaram a trajet\u00f3ria hist\u00f3rica da entidade e seu compromisso com as pessoas em situa\u00e7\u00e3o de vulnerabilidade social. As comemora\u00e7\u00f5es pelo anivers\u00e1rio, que \u00e9 celebrado no dia 12 de novembro, e o compartilhamento dessas reflex\u00f5es culminar\u00e3o com a organiza\u00e7\u00e3o [&hellip;]<\/p>\n<ul class=\"ssb_list_wrapper\"><li class=\"fb2\" style=\"width:135px\"><iframe src=\"\/\/www.facebook.com\/plugins\/like.php?href=https%3A%2F%2Fwww.caritasne2.org.br%2Fsite%2Fcongresso-da-caritas-reflete-sobre-trajetoria-de-60-anos%2F&amp;layout=button_count&amp;action=like&amp;show_faces=false&amp;share=true&amp;width=135&amp;height=21&amp;appId=307091639398582\" scrolling=\"no\" frameborder=\"0\" style=\"border:none; overflow:hidden;  width:150px; height:21px;\" allowTransparency=\"true\"><\/iframe><\/li><li class=\"twtr\" style=\"width:90px\"><a href=\"https:\/\/twitter.com\/share\" class=\"twitter-share-button\" data-url=\"https:\/\/www.caritasne2.org.br\/site\/congresso-da-caritas-reflete-sobre-trajetoria-de-60-anos\/\">&nbsp;<\/a><script>!function(d,s,id){var js,fjs=d.getElementsByTagName(s)[0],p=\/^http:\/.test(d.location)?'http':'https';if(!d.getElementById(id)){js=d.createElement(s);js.id=id;js.src=p+':\/\/platform.twitter.com\/widgets.js';fjs.parentNode.insertBefore(js,fjs);}}(document, 'script', 'twitter-wjs');<\/script><\/li><li class=\"gplus\" style=\"width:68px\"><div class=\"g-plusone\" data-size=\"medium\" data-href=\"https:\/\/www.caritasne2.org.br\/site\/congresso-da-caritas-reflete-sobre-trajetoria-de-60-anos\/\"><\/div><\/li><li class=\"ssb_linkedin\" style=\"width:64px\"><script src=\"\/\/platform.linkedin.com\/in.js\" type=\"text\/javascript\">lang: en_US<\/script><script type=\"IN\/Share\" data-url=\"https:\/\/www.caritasne2.org.br\/site\/congresso-da-caritas-reflete-sobre-trajetoria-de-60-anos\/\" data-counter=\"right\"><\/script><\/li><\/ul>","protected":false},"author":4,"featured_media":3668,"comment_status":"open","ping_status":"open","sticky":false,"template":"","format":"standard","meta":[],"categories":[774,20],"tags":[46,67,797,840],"_links":{"self":[{"href":"https:\/\/www.caritasne2.org.br\/site\/wp-json\/wp\/v2\/posts\/3666"}],"collection":[{"href":"https:\/\/www.caritasne2.org.br\/site\/wp-json\/wp\/v2\/posts"}],"about":[{"href":"https:\/\/www.caritasne2.org.br\/site\/wp-json\/wp\/v2\/types\/post"}],"author":[{"embeddable":true,"href":"https:\/\/www.caritasne2.org.br\/site\/wp-json\/wp\/v2\/users\/4"}],"replies":[{"embeddable":true,"href":"https:\/\/www.caritasne2.org.br\/site\/wp-json\/wp\/v2\/comments?post=3666"}],"version-history":[{"count":0,"href":"https:\/\/www.caritasne2.org.br\/site\/wp-json\/wp\/v2\/posts\/3666\/revisions"}],"wp:featuredmedia":[{"embeddable":true,"href":"https:\/\/www.caritasne2.org.br\/site\/wp-json\/"}],"wp:attachment":[{"href":"https:\/\/www.caritasne2.org.br\/site\/wp-json\/wp\/v2\/media?parent=3666"}],"wp:term":[{"taxonomy":"category","embeddable":true,"href":"https:\/\/www.caritasne2.org.br\/site\/wp-json\/wp\/v2\/categories?post=3666"},{"taxonomy":"post_tag","embeddable":true,"href":"https:\/\/www.caritasne2.org.br\/site\/wp-json\/wp\/v2\/tags?post=3666"}],"curies":[{"name":"wp","href":"https:\/\/api.w.org\/{rel}","templated":true}]}}