{"id":3658,"date":"2016-10-23T16:03:52","date_gmt":"2016-10-23T18:03:52","guid":{"rendered":"http:\/\/ne2.caritas.org.br.s174889.gridserver.com\/?p=3658"},"modified":"2017-07-11T15:17:30","modified_gmt":"2017-07-11T18:17:30","slug":"feira-de-troca-de-sementes-crioulas-promove-debate-sobre-conservacao","status":"publish","type":"post","link":"https:\/\/www.caritasne2.org.br\/site\/feira-de-troca-de-sementes-crioulas-promove-debate-sobre-conservacao\/","title":{"rendered":"FEIRA DE TROCA DE SEMENTES CRIOULAS PROMOVE O DEBATE SOBRE A CONSERVA\u00c7\u00c3O"},"content":{"rendered":"<p>A Rede de Sementes Crioulas do Agreste Meridional de Pernambuco (Rede SEMEAM) vai realizar no dia 24 de novembro de 2016, das 8h \u00e0s 15h, no Parque Euclides Dourado, em Garanhuns (PE), a 3\u00aa Feira de Troca de Sementes Crioulas. Neste ano, o evento ter\u00e1 como tema \u201cSementes Crioulas: Patrim\u00f4nio da Agricultura Familiar\u201d e reunir\u00e1 integrantes de bancos comunit\u00e1rios de sementes da regi\u00e3o, al\u00e9m de organiza\u00e7\u00f5es da sociedade civil, \u00f3rg\u00e3os p\u00fablicos e visitantes vindos de todas as regi\u00f5es do estado. A entrada \u00e9 gratuita.<\/p>\n<p><a href=\"http:\/\/ne2.caritas.org.br.s174889.gridserver.com\/wp-content\/uploads\/2016\/10\/Cartaz.jpg\"><img decoding=\"async\" loading=\"lazy\" class=\"alignleft size-medium wp-image-3660\" title=\"Cartaz\" src=\"http:\/\/ne2.caritas.org.br.s174889.gridserver.com\/wp-content\/uploads\/2016\/10\/Cartaz-212x300.jpg\" alt=\"\" width=\"212\" height=\"300\" \/><\/a>Al\u00e9m do foco principal, que \u00e9 a exposi\u00e7\u00e3o e trocas de sementes, a programa\u00e7\u00e3o do evento conta com palestras, oficinas e atra\u00e7\u00f5es culturais. No per\u00edodo da manh\u00e3, ser\u00e1 lan\u00e7ado o manual \u201cMetodologia para Forma\u00e7\u00e3o de Bancos Comunit\u00e1rios de Sementes\u201d, que faz parte da Cole\u00e7\u00e3o de Extens\u00e3o Rural N\u00ba 04, do Instituto Agron\u00f4mico de Pernambuco (IPA). Ser\u00e1 discutido, ainda, a cria\u00e7\u00e3o de um Programa Piloto de Distribui\u00e7\u00e3o de Sementes Crioulas e Forma\u00e7\u00e3o de Bancos Comunit\u00e1rios de Sementes no Agreste Meridional de Pernambuco. \u00c0 tarde, ser\u00e1 realizada uma oficina intitulada \u201cProdu\u00e7\u00e3o de Mudas de \u00c1rvores Nativas atrav\u00e9s de Sementes\u201d, que ser\u00e1 ministrada pelo t\u00e9cnico em Agroecologia Everaldo Rodrigues, do Projeto Mata Viva.<\/p>\n<p>REDE SEMEAM \u2013 Criada no ano de 2015, a Rede de Sementes Crioulas do Agreste Meridional de Pernambuco \u00e9 fruto da articula\u00e7\u00e3o entre organiza\u00e7\u00f5es da sociedade civil, \u00f3rg\u00e3os p\u00fablicos e agricultores\/as familiares que participaram do processo de organiza\u00e7\u00e3o da 2\u00aa Feira de Troca de Sementes Crioulas. Com o objetivo de ser um espa\u00e7o permanente de discuss\u00e3o em busca do resgate e da preserva\u00e7\u00e3o das mesmas, a Rede vem se fortalecendo atrav\u00e9s da realiza\u00e7\u00e3o de atividades, como semin\u00e1rio, resgate e plantio de sementes, al\u00e9m da participa\u00e7\u00e3o em outros eventos sobre a tem\u00e1tica. A C\u00e1ritas Brasileira Regional Nordeste 2 \u00e9 uma das organiza\u00e7\u00f5es que comp\u00f5e a REDE SEMEAM.<\/p>\n<p>De acordo com o membro da Rede, Pedro Balensifer, entre os desafios encontrados pela articula\u00e7\u00e3o est\u00e1 o da busca pela conscientiza\u00e7\u00e3o dos pr\u00f3prios agricultores em torno da preserva\u00e7\u00e3o das sementes, para que eles n\u00e3o sejam prejudicados com a perda das variedades locais. \u201cSem os bancos, a probabilidade de perda e desaparecimento das sementes \u00e9 muito maior, mas isso passa por um processo de sensibiliza\u00e7\u00e3o em n\u00edvel comunit\u00e1rio para que as fam\u00edlias envolvidas entendam a import\u00e2ncia da organiza\u00e7\u00e3o e possam guardar as pr\u00f3prias sementes\u201d, explicou.<\/p>\n<p>SEMENTES DO SEMI\u00c1RIDO \u2013 Entre 2015 e 2016, a C\u00e1ritas Brasileira Regional Nordeste 2 foi parceira do Centro Sabi\u00e1 na execu\u00e7\u00e3o do Programa Sementes do Semi\u00e1rido, da Articula\u00e7\u00e3o no Semi\u00e1rido Brasileiro (ASA). Al\u00e9m do resgate de variedades que estavam praticamente extintas, o projeto tamb\u00e9m incentivou a discuss\u00e3o em torno da conserva\u00e7\u00e3o das sementes, a partir da organiza\u00e7\u00e3o comunit\u00e1ria e da gest\u00e3o compartilhada. No Agreste Meridional de Pernambuco, cinco munic\u00edpios foram contemplados com a constru\u00e7\u00e3o e reforma de banco comunit\u00e1rios de sementes, s\u00e3o eles: Angelim, Cal\u00e7ado, Canhotinho, Jupi e S\u00e3o Jo\u00e3o.<\/p>\n<p>Para Arley Gomes, que foi o t\u00e9cnico respons\u00e1vel por acompanhar o projeto nessa regi\u00e3o, os resultados do Programa j\u00e1 podem ser vistos, embora a conclus\u00e3o tenha acontecido recentemente. \u201cNo que se refere aos desafios, podemos elencar o resgate de algumas sementes que est\u00e3o em processo avan\u00e7ado de \u201cdesaparecimento\u201d, entretanto \u00e9 poss\u00edvel observar que os principais avan\u00e7os s\u00e3o os grupos de agricultores\/as conscientes e organizados em prol da preserva\u00e7\u00e3o das sementes. As fam\u00edlias est\u00e3o em processo de autonomia e soberania e, sobretudo, que estes bancos funcionem como verdadeiras arcas de biodiversidade dos ro\u00e7ados do Semi\u00e1rido brasileiro\u201d, concluiu.<\/p>\n<p>SERVI\u00c7O:<\/p>\n<p>3\u00aa Feira de Troca de Sementes Crioulas do Agreste Meridional de Pernambuco<\/p>\n<p>Data: 24 de novembro de 2016<\/p>\n<p>Hor\u00e1rio: das 8h \u00e0s 15h<\/p>\n<p>Local: Parque Euclides Dourado, em Garanhuns (PE)<\/p>\n<p>A entrada \u00e9 gratuita.<\/p>\n<p>Contatos: rede.semeam@gmail.com<\/p>\n<p><em>Por Lidiane Santos\u00a0| Assessoria de Comunica\u00e7\u00e3o do Regional NE2\u00a0<\/em><\/p>\n<ul class=\"ssb_list_wrapper\"><li class=\"fb2\" style=\"width:135px\"><iframe src=\"\/\/www.facebook.com\/plugins\/like.php?href=https%3A%2F%2Fwww.caritasne2.org.br%2Fsite%2Ffeira-de-troca-de-sementes-crioulas-promove-debate-sobre-conservacao%2F&amp;layout=button_count&amp;action=like&amp;show_faces=false&amp;share=true&amp;width=135&amp;height=21&amp;appId=307091639398582\" scrolling=\"no\" frameborder=\"0\" style=\"border:none; overflow:hidden;  width:150px; height:21px;\" allowTransparency=\"true\"><\/iframe><\/li><li class=\"twtr\" style=\"width:90px\"><a href=\"https:\/\/twitter.com\/share\" class=\"twitter-share-button\" data-url=\"https:\/\/www.caritasne2.org.br\/site\/feira-de-troca-de-sementes-crioulas-promove-debate-sobre-conservacao\/\">&nbsp;<\/a><script>!function(d,s,id){var js,fjs=d.getElementsByTagName(s)[0],p=\/^http:\/.test(d.location)?'http':'https';if(!d.getElementById(id)){js=d.createElement(s);js.id=id;js.src=p+':\/\/platform.twitter.com\/widgets.js';fjs.parentNode.insertBefore(js,fjs);}}(document, 'script', 'twitter-wjs');<\/script><\/li><li class=\"gplus\" style=\"width:68px\"><div class=\"g-plusone\" data-size=\"medium\" data-href=\"https:\/\/www.caritasne2.org.br\/site\/feira-de-troca-de-sementes-crioulas-promove-debate-sobre-conservacao\/\"><\/div><\/li><li class=\"ssb_linkedin\" style=\"width:64px\"><script src=\"\/\/platform.linkedin.com\/in.js\" type=\"text\/javascript\">lang: en_US<\/script><script type=\"IN\/Share\" data-url=\"https:\/\/www.caritasne2.org.br\/site\/feira-de-troca-de-sementes-crioulas-promove-debate-sobre-conservacao\/\" data-counter=\"right\"><\/script><\/li><\/ul>","protected":false},"excerpt":{"rendered":"<p>A Rede de Sementes Crioulas do Agreste Meridional de Pernambuco (Rede SEMEAM) vai realizar no dia 24 de novembro de 2016, das 8h \u00e0s 15h, no Parque Euclides Dourado, em Garanhuns (PE), a 3\u00aa Feira de Troca de Sementes Crioulas. Neste ano, o evento ter\u00e1 como tema \u201cSementes Crioulas: Patrim\u00f4nio da Agricultura Familiar\u201d e reunir\u00e1 integrantes de bancos comunit\u00e1rios de sementes da regi\u00e3o, al\u00e9m de [&hellip;]<\/p>\n<ul class=\"ssb_list_wrapper\"><li class=\"fb2\" style=\"width:135px\"><iframe src=\"\/\/www.facebook.com\/plugins\/like.php?href=https%3A%2F%2Fwww.caritasne2.org.br%2Fsite%2Ffeira-de-troca-de-sementes-crioulas-promove-debate-sobre-conservacao%2F&amp;layout=button_count&amp;action=like&amp;show_faces=false&amp;share=true&amp;width=135&amp;height=21&amp;appId=307091639398582\" scrolling=\"no\" frameborder=\"0\" style=\"border:none; overflow:hidden;  width:150px; height:21px;\" allowTransparency=\"true\"><\/iframe><\/li><li class=\"twtr\" style=\"width:90px\"><a href=\"https:\/\/twitter.com\/share\" class=\"twitter-share-button\" data-url=\"https:\/\/www.caritasne2.org.br\/site\/feira-de-troca-de-sementes-crioulas-promove-debate-sobre-conservacao\/\">&nbsp;<\/a><script>!function(d,s,id){var js,fjs=d.getElementsByTagName(s)[0],p=\/^http:\/.test(d.location)?'http':'https';if(!d.getElementById(id)){js=d.createElement(s);js.id=id;js.src=p+':\/\/platform.twitter.com\/widgets.js';fjs.parentNode.insertBefore(js,fjs);}}(document, 'script', 'twitter-wjs');<\/script><\/li><li class=\"gplus\" style=\"width:68px\"><div class=\"g-plusone\" data-size=\"medium\" data-href=\"https:\/\/www.caritasne2.org.br\/site\/feira-de-troca-de-sementes-crioulas-promove-debate-sobre-conservacao\/\"><\/div><\/li><li class=\"ssb_linkedin\" style=\"width:64px\"><script src=\"\/\/platform.linkedin.com\/in.js\" type=\"text\/javascript\">lang: en_US<\/script><script type=\"IN\/Share\" data-url=\"https:\/\/www.caritasne2.org.br\/site\/feira-de-troca-de-sementes-crioulas-promove-debate-sobre-conservacao\/\" data-counter=\"right\"><\/script><\/li><\/ul>","protected":false},"author":4,"featured_media":3659,"comment_status":"open","ping_status":"open","sticky":false,"template":"","format":"standard","meta":[],"categories":[72,20],"tags":[188,46,837,132,67,641,838,839],"_links":{"self":[{"href":"https:\/\/www.caritasne2.org.br\/site\/wp-json\/wp\/v2\/posts\/3658"}],"collection":[{"href":"https:\/\/www.caritasne2.org.br\/site\/wp-json\/wp\/v2\/posts"}],"about":[{"href":"https:\/\/www.caritasne2.org.br\/site\/wp-json\/wp\/v2\/types\/post"}],"author":[{"embeddable":true,"href":"https:\/\/www.caritasne2.org.br\/site\/wp-json\/wp\/v2\/users\/4"}],"replies":[{"embeddable":true,"href":"https:\/\/www.caritasne2.org.br\/site\/wp-json\/wp\/v2\/comments?post=3658"}],"version-history":[{"count":0,"href":"https:\/\/www.caritasne2.org.br\/site\/wp-json\/wp\/v2\/posts\/3658\/revisions"}],"wp:featuredmedia":[{"embeddable":true,"href":"https:\/\/www.caritasne2.org.br\/site\/wp-json\/"}],"wp:attachment":[{"href":"https:\/\/www.caritasne2.org.br\/site\/wp-json\/wp\/v2\/media?parent=3658"}],"wp:term":[{"taxonomy":"category","embeddable":true,"href":"https:\/\/www.caritasne2.org.br\/site\/wp-json\/wp\/v2\/categories?post=3658"},{"taxonomy":"post_tag","embeddable":true,"href":"https:\/\/www.caritasne2.org.br\/site\/wp-json\/wp\/v2\/tags?post=3658"}],"curies":[{"name":"wp","href":"https:\/\/api.w.org\/{rel}","templated":true}]}}