{"id":3652,"date":"2016-10-13T21:41:30","date_gmt":"2016-10-14T00:41:30","guid":{"rendered":"http:\/\/ne2.caritas.org.br.s174889.gridserver.com\/?p=3652"},"modified":"2017-07-11T15:17:30","modified_gmt":"2017-07-11T18:17:30","slug":"cnbb-caritas-lancam-campanha-em-solidariedade-as-vitimas-furacao-matthew","status":"publish","type":"post","link":"https:\/\/www.caritasne2.org.br\/site\/cnbb-caritas-lancam-campanha-em-solidariedade-as-vitimas-furacao-matthew\/","title":{"rendered":"CNBB e C\u00e1ritas lan\u00e7am campanha em solidariedade \u00e0s v\u00edtimas do furac\u00e3o Matthew"},"content":{"rendered":"<p>A Confer\u00eancia Nacional dos Bispos do Brasil (CNBB) e a C\u00e1ritas Brasileira lan\u00e7aram nesta quinta-feira, dia 13 de outubro, uma campanha SOS em solidariedade \u00e0s v\u00edtimas do furac\u00e3o Matthew, que atingiu o pa\u00eds caribenho no \u00faltimo dia 4 de outubro. Estima-se que um milh\u00e3o de pessoas tenham sido afetadas pelas tempestades e que o n\u00famero de mortes possa passar de 1 mil. Este foi o pior desastre enfrentado pelo pa\u00eds desde o terremoto de janeiro de 2010, quando mais de 300 mil haitianos e haitianas morreram. Ainda hoje h\u00e1 dezenas de milhares de pessoas vivendo em barracas devido \u00e0s consequ\u00eancias do terremoto, o que agrava ainda mais a situa\u00e7\u00e3o do pa\u00eds com a passagem do furac\u00e3o Matthew.<\/p>\n<p>Os recursos arrecadados com a campanha ser\u00e3o destinados a a\u00e7\u00f5es de urg\u00eancia, como o fornecimento de \u00e1gua pot\u00e1vel, alimentos, cobertores, kits de higiene, lonas e tendas. Ser\u00e1 dada prioridade de atendimento \u00e0s pessoas em abrigos improvisados, mulheres gr\u00e1vidas, crian\u00e7as e adultos com defici\u00eancia f\u00edsica. Com este apoio, tamb\u00e9m pretende-se ajudar na reconstru\u00e7\u00e3o de casas, escolas e outras estruturas que busquem melhorar as condi\u00e7\u00f5es de vida da popula\u00e7\u00e3o.<\/p>\n<p>Ficam convidadas a colaborar com a campanha SOS em solidariedade \u00e0s fam\u00edlias haitianas as dioceses, par\u00f3quias, comunidades, congrega\u00e7\u00f5es, escolas e todas as pessoas de boa vontade, de forma a realizarmos juntos um gesto concreto de solidariedade em favor dos irm\u00e3os e irm\u00e3s do Haiti. As ajudas financeiras podem ser depositadas nas seguintes contas, administradas pela C\u00e1ritas Brasileira em favor das v\u00edtimas do furac\u00e3o Matthew:<\/p>\n<p>Banco do Brasil<\/p>\n<p>Ag\u00eancia: 3475-4<\/p>\n<p>Conta Corrente: 33781-1<\/p>\n<p>&nbsp;<\/p>\n<p>Caixa Econ\u00f4mica Federal<\/p>\n<p>Ag\u00eancia: 1041<\/p>\n<p>Opera\u00e7\u00e3o: 003<\/p>\n<p>Conta Corrente: 3943-9<\/p>\n<p>CNPJ da C\u00e1ritas Brasileira: 33.654.419.0001\/16<\/p>\n<p>A Presid\u00eancia da CNBB e o presidente da C\u00e1ritas Brasileira pedem ao Deus de ternura e de bondade que derrame sua ben\u00e7\u00e3o sobre cada pessoa por este gesto amoroso e solid\u00e1rio em favor das fam\u00edlias haitianas.<\/p>\n<p>Para saber mais sobre a campanha SOS, <a href=\"http:\/\/caritas.org.br\/soshaitifuracao\">acesse aqui<\/a>.<\/p>\n<p><em>\u00a0Por Assessoria Nacional de Comunica\u00e7\u00e3o da C\u00e1ritas Brasileira<\/em><\/p>\n<ul class=\"ssb_list_wrapper\"><li class=\"fb2\" style=\"width:135px\"><iframe src=\"\/\/www.facebook.com\/plugins\/like.php?href=https%3A%2F%2Fwww.caritasne2.org.br%2Fsite%2Fcnbb-caritas-lancam-campanha-em-solidariedade-as-vitimas-furacao-matthew%2F&amp;layout=button_count&amp;action=like&amp;show_faces=false&amp;share=true&amp;width=135&amp;height=21&amp;appId=307091639398582\" scrolling=\"no\" frameborder=\"0\" style=\"border:none; overflow:hidden;  width:150px; height:21px;\" allowTransparency=\"true\"><\/iframe><\/li><li class=\"twtr\" style=\"width:90px\"><a href=\"https:\/\/twitter.com\/share\" class=\"twitter-share-button\" data-url=\"https:\/\/www.caritasne2.org.br\/site\/cnbb-caritas-lancam-campanha-em-solidariedade-as-vitimas-furacao-matthew\/\">&nbsp;<\/a><script>!function(d,s,id){var js,fjs=d.getElementsByTagName(s)[0],p=\/^http:\/.test(d.location)?'http':'https';if(!d.getElementById(id)){js=d.createElement(s);js.id=id;js.src=p+':\/\/platform.twitter.com\/widgets.js';fjs.parentNode.insertBefore(js,fjs);}}(document, 'script', 'twitter-wjs');<\/script><\/li><li class=\"gplus\" style=\"width:68px\"><div class=\"g-plusone\" data-size=\"medium\" data-href=\"https:\/\/www.caritasne2.org.br\/site\/cnbb-caritas-lancam-campanha-em-solidariedade-as-vitimas-furacao-matthew\/\"><\/div><\/li><li class=\"ssb_linkedin\" style=\"width:64px\"><script src=\"\/\/platform.linkedin.com\/in.js\" type=\"text\/javascript\">lang: en_US<\/script><script type=\"IN\/Share\" data-url=\"https:\/\/www.caritasne2.org.br\/site\/cnbb-caritas-lancam-campanha-em-solidariedade-as-vitimas-furacao-matthew\/\" data-counter=\"right\"><\/script><\/li><\/ul>","protected":false},"excerpt":{"rendered":"<p>A Confer\u00eancia Nacional dos Bispos do Brasil (CNBB) e a C\u00e1ritas Brasileira lan\u00e7aram nesta quinta-feira, dia 13 de outubro, uma campanha SOS em solidariedade \u00e0s v\u00edtimas do furac\u00e3o Matthew, que atingiu o pa\u00eds caribenho no \u00faltimo dia 4 de outubro. Estima-se que um milh\u00e3o de pessoas tenham sido afetadas pelas tempestades e que o n\u00famero de mortes possa passar de 1 mil. Este foi o [&hellip;]<\/p>\n<ul class=\"ssb_list_wrapper\"><li class=\"fb2\" style=\"width:135px\"><iframe src=\"\/\/www.facebook.com\/plugins\/like.php?href=https%3A%2F%2Fwww.caritasne2.org.br%2Fsite%2Fcnbb-caritas-lancam-campanha-em-solidariedade-as-vitimas-furacao-matthew%2F&amp;layout=button_count&amp;action=like&amp;show_faces=false&amp;share=true&amp;width=135&amp;height=21&amp;appId=307091639398582\" scrolling=\"no\" frameborder=\"0\" style=\"border:none; overflow:hidden;  width:150px; height:21px;\" allowTransparency=\"true\"><\/iframe><\/li><li class=\"twtr\" style=\"width:90px\"><a href=\"https:\/\/twitter.com\/share\" class=\"twitter-share-button\" data-url=\"https:\/\/www.caritasne2.org.br\/site\/cnbb-caritas-lancam-campanha-em-solidariedade-as-vitimas-furacao-matthew\/\">&nbsp;<\/a><script>!function(d,s,id){var js,fjs=d.getElementsByTagName(s)[0],p=\/^http:\/.test(d.location)?'http':'https';if(!d.getElementById(id)){js=d.createElement(s);js.id=id;js.src=p+':\/\/platform.twitter.com\/widgets.js';fjs.parentNode.insertBefore(js,fjs);}}(document, 'script', 'twitter-wjs');<\/script><\/li><li class=\"gplus\" style=\"width:68px\"><div class=\"g-plusone\" data-size=\"medium\" data-href=\"https:\/\/www.caritasne2.org.br\/site\/cnbb-caritas-lancam-campanha-em-solidariedade-as-vitimas-furacao-matthew\/\"><\/div><\/li><li class=\"ssb_linkedin\" style=\"width:64px\"><script src=\"\/\/platform.linkedin.com\/in.js\" type=\"text\/javascript\">lang: en_US<\/script><script type=\"IN\/Share\" data-url=\"https:\/\/www.caritasne2.org.br\/site\/cnbb-caritas-lancam-campanha-em-solidariedade-as-vitimas-furacao-matthew\/\" data-counter=\"right\"><\/script><\/li><\/ul>","protected":false},"author":4,"featured_media":3654,"comment_status":"open","ping_status":"open","sticky":false,"template":"","format":"standard","meta":[],"categories":[36,20],"tags":[92,46,48,67,823,824,834,835,331],"_links":{"self":[{"href":"https:\/\/www.caritasne2.org.br\/site\/wp-json\/wp\/v2\/posts\/3652"}],"collection":[{"href":"https:\/\/www.caritasne2.org.br\/site\/wp-json\/wp\/v2\/posts"}],"about":[{"href":"https:\/\/www.caritasne2.org.br\/site\/wp-json\/wp\/v2\/types\/post"}],"author":[{"embeddable":true,"href":"https:\/\/www.caritasne2.org.br\/site\/wp-json\/wp\/v2\/users\/4"}],"replies":[{"embeddable":true,"href":"https:\/\/www.caritasne2.org.br\/site\/wp-json\/wp\/v2\/comments?post=3652"}],"version-history":[{"count":0,"href":"https:\/\/www.caritasne2.org.br\/site\/wp-json\/wp\/v2\/posts\/3652\/revisions"}],"wp:featuredmedia":[{"embeddable":true,"href":"https:\/\/www.caritasne2.org.br\/site\/wp-json\/"}],"wp:attachment":[{"href":"https:\/\/www.caritasne2.org.br\/site\/wp-json\/wp\/v2\/media?parent=3652"}],"wp:term":[{"taxonomy":"category","embeddable":true,"href":"https:\/\/www.caritasne2.org.br\/site\/wp-json\/wp\/v2\/categories?post=3652"},{"taxonomy":"post_tag","embeddable":true,"href":"https:\/\/www.caritasne2.org.br\/site\/wp-json\/wp\/v2\/tags?post=3652"}],"curies":[{"name":"wp","href":"https:\/\/api.w.org\/{rel}","templated":true}]}}