{"id":3646,"date":"2016-10-07T15:20:38","date_gmt":"2016-10-07T18:20:38","guid":{"rendered":"http:\/\/ne2.caritas.org.br.s174889.gridserver.com\/?p=3646"},"modified":"2017-07-11T15:17:30","modified_gmt":"2017-07-11T18:17:30","slug":"direitos-humanos-em-risco-pec-241-orcamento-2017","status":"publish","type":"post","link":"https:\/\/www.caritasne2.org.br\/site\/direitos-humanos-em-risco-pec-241-orcamento-2017\/","title":{"rendered":"Direitos Humanos em risco com a PEC 241 e o Or\u00e7amento 2017"},"content":{"rendered":"<p>Um relat\u00f3rio elaborado por uma coaliz\u00e3o de organiza\u00e7\u00f5es brasileiras foi entregue nesta quarta-feira, dia 5 de outubro, ao Escrit\u00f3rio do Alto Comissariado das Na\u00e7\u00f5es Unidas para os Direitos Humanos, em Genebra (Su\u00ed\u00e7a). O documento aborda o desmantelamento dos direitos sociais e das pol\u00edticas p\u00fablicas no Brasil, desencadeado pelo governo de Michel Temer. Este assumiu a Presid\u00eancia ap\u00f3s a aprova\u00e7\u00e3o pelo Senado Federal do processo de impeachment da presidenta eleita, Dilma Rousseff, mesmo sem a comprova\u00e7\u00e3o de crime de responsabilidade. A exist\u00eancia de crime \u00e9 uma exig\u00eancia da Constitui\u00e7\u00e3o Federal do Brasil para o impedimento do ocupante do cargo de Presidente da Rep\u00fablica. Como n\u00e3o h\u00e1 prova de crime, a Constitui\u00e7\u00e3o foi desrespeitada pelo Congresso Nacional.<\/p>\n<p>O documento apresentado \u00e0 Organiza\u00e7\u00e3o das Na\u00e7\u00f5es Unidas (ONU) demonstra que a desarticula\u00e7\u00e3o dos direitos sociais e das pol\u00edticas p\u00fablicas incide diretamente sobre a rede de seguran\u00e7a e a garantia de recursos para implementa\u00e7\u00e3o de um sistema de direitos humanos voltado, especialmente, aos segmentos mais vulner\u00e1veis da popula\u00e7\u00e3o. Por meio do texto, a Confer\u00eancia da Fam\u00edlia Franciscana do Brasil (CFFB), a Comiss\u00e3o Brasileira de Justi\u00e7a e Paz (CBJP), a C\u00e1ritas Brasileira, a Comiss\u00e3o Pastoral da Terra (CPT) e o Servi\u00e7o Interfranciscano de Justi\u00e7a, Paz e Ecologia (Sinfrajupe) esperam contribuir com o terceiro ciclo do processo da Revis\u00e3o Peri\u00f3dica Universal (URP), que ocorrer\u00e1 em 2017, durante a 27\u00aa sess\u00e3o do Conselho de Direitos Humanos da ONU. A \u00faltima vez em que o Brasil foi submetido \u00e0 URP foi em 2012.<\/p>\n<p>Os principais dados submetidos \u00e0 an\u00e1lise no relat\u00f3rio s\u00e3o a Proposta de Emenda Constitucional 241\/2016 (PEC 241\/2016) e o Projeto de Lei do Or\u00e7amento 2017, que confrontam garantias presentes na Constitui\u00e7\u00e3o Federal. A PEC 241\/2016, que tramita no Congresso Nacional, limita os gastos p\u00fablicos, introduzindo um novo regime fiscal para os pr\u00f3ximos 20 anos, e estabelece um limite m\u00e1ximo anual para as despesas prim\u00e1rias globais aplic\u00e1veis ao Executivo e demais setores do governo federal. As entidades que protocolaram o documento v\u00eaem os limites com grande preocupa\u00e7\u00e3o, uma vez que os cortes tendem a ser aplicados em programas sociais e servi\u00e7os p\u00fablicos essenciais, prejudicando o gozo dos direitos humanos, em especial, dos grupos mais marginalizados e desfavorecidos.<\/p>\n<p>Sistema \u00danico de Sa\u00fade<\/p>\n<p>Se aprovada, a PEC 241 poder\u00e1, por exemplo, promover o desmonte material do Sistema \u00danico de Sa\u00fade (SUS), com a fixa\u00e7\u00e3o do financiamento do sistema pelo governo federal, sem considerar aspectos como crescimento da popula\u00e7\u00e3o, comportamento da curva et\u00e1ria e presen\u00e7a de novas epidemias. Tal perspectiva j\u00e1 se comprova ao analisar o or\u00e7amento aprovado para 2017, que prev\u00ea cortes bilion\u00e1rios de recursos para setores como habita\u00e7\u00e3o popular, desenvolvimento regional e reforma agr\u00e1ria, entre outros. O documento cita o Programa Moradia Digna, que teve, em termos absolutos, o maior corte na proposta de or\u00e7amento, equivalente a R$ 8,14 bilh\u00f5es, representando uma redu\u00e7\u00e3o de 51% com rela\u00e7\u00e3o ao ano anterior.<\/p>\n<p>Com base na an\u00e1lise conjunta realizada a partir da PEC 241 e do Or\u00e7amento 2017, as entidades fazem recomenda\u00e7\u00f5es ao Estado brasileiro no sentido de que sejam observadas as garantias constitucionais e que se mantenham as conquistas j\u00e1 obtidas em termos de prote\u00e7\u00e3o social, bem como a consolida\u00e7\u00e3o institucional, pol\u00edtica e o quadro jur\u00eddico que proporcionaram tais avan\u00e7os, com base no di\u00e1logo democr\u00e1tico e com a participa\u00e7\u00e3o da sociedade civil organizada. Do contr\u00e1rio, o pa\u00eds certamente ir\u00e1 trilhar o caminho dos retrocessos e de uma explora\u00e7\u00e3o ainda mais acentuada de suas popula\u00e7\u00f5es em situa\u00e7\u00e3o de vulnerabilidade econ\u00f4mica e social.<\/p>\n<p>Para acessar o relat\u00f3rio, clique em <a href=\"http:\/\/caritas.org.br\/wp-content\/uploads\/2016\/10\/Situa%C3%A7%C3%A3o-dos-Direitos-Humanos-no-Brasil.pdf\">Situa\u00e7\u00e3o dos Direitos Humanos no Brasil<\/a>.<\/p>\n<p><em>\u00a0Fonte: Assessoria Nacional de Comunica\u00e7\u00e3o da C\u00e1ritas Brasileira<\/em><\/p>\n<ul class=\"ssb_list_wrapper\"><li class=\"fb2\" style=\"width:135px\"><iframe src=\"\/\/www.facebook.com\/plugins\/like.php?href=https%3A%2F%2Fwww.caritasne2.org.br%2Fsite%2Fdireitos-humanos-em-risco-pec-241-orcamento-2017%2F&amp;layout=button_count&amp;action=like&amp;show_faces=false&amp;share=true&amp;width=135&amp;height=21&amp;appId=307091639398582\" scrolling=\"no\" frameborder=\"0\" style=\"border:none; overflow:hidden;  width:150px; height:21px;\" allowTransparency=\"true\"><\/iframe><\/li><li class=\"twtr\" style=\"width:90px\"><a href=\"https:\/\/twitter.com\/share\" class=\"twitter-share-button\" data-url=\"https:\/\/www.caritasne2.org.br\/site\/direitos-humanos-em-risco-pec-241-orcamento-2017\/\">&nbsp;<\/a><script>!function(d,s,id){var js,fjs=d.getElementsByTagName(s)[0],p=\/^http:\/.test(d.location)?'http':'https';if(!d.getElementById(id)){js=d.createElement(s);js.id=id;js.src=p+':\/\/platform.twitter.com\/widgets.js';fjs.parentNode.insertBefore(js,fjs);}}(document, 'script', 'twitter-wjs');<\/script><\/li><li class=\"gplus\" style=\"width:68px\"><div class=\"g-plusone\" data-size=\"medium\" data-href=\"https:\/\/www.caritasne2.org.br\/site\/direitos-humanos-em-risco-pec-241-orcamento-2017\/\"><\/div><\/li><li class=\"ssb_linkedin\" style=\"width:64px\"><script src=\"\/\/platform.linkedin.com\/in.js\" type=\"text\/javascript\">lang: en_US<\/script><script type=\"IN\/Share\" data-url=\"https:\/\/www.caritasne2.org.br\/site\/direitos-humanos-em-risco-pec-241-orcamento-2017\/\" data-counter=\"right\"><\/script><\/li><\/ul>","protected":false},"excerpt":{"rendered":"<p>Um relat\u00f3rio elaborado por uma coaliz\u00e3o de organiza\u00e7\u00f5es brasileiras foi entregue nesta quarta-feira, dia 5 de outubro, ao Escrit\u00f3rio do Alto Comissariado das Na\u00e7\u00f5es Unidas para os Direitos Humanos, em Genebra (Su\u00ed\u00e7a). O documento aborda o desmantelamento dos direitos sociais e das pol\u00edticas p\u00fablicas no Brasil, desencadeado pelo governo de Michel Temer. Este assumiu a Presid\u00eancia ap\u00f3s a aprova\u00e7\u00e3o pelo Senado Federal do processo de [&hellip;]<\/p>\n<ul class=\"ssb_list_wrapper\"><li class=\"fb2\" style=\"width:135px\"><iframe src=\"\/\/www.facebook.com\/plugins\/like.php?href=https%3A%2F%2Fwww.caritasne2.org.br%2Fsite%2Fdireitos-humanos-em-risco-pec-241-orcamento-2017%2F&amp;layout=button_count&amp;action=like&amp;show_faces=false&amp;share=true&amp;width=135&amp;height=21&amp;appId=307091639398582\" scrolling=\"no\" frameborder=\"0\" style=\"border:none; overflow:hidden;  width:150px; height:21px;\" allowTransparency=\"true\"><\/iframe><\/li><li class=\"twtr\" style=\"width:90px\"><a href=\"https:\/\/twitter.com\/share\" class=\"twitter-share-button\" data-url=\"https:\/\/www.caritasne2.org.br\/site\/direitos-humanos-em-risco-pec-241-orcamento-2017\/\">&nbsp;<\/a><script>!function(d,s,id){var js,fjs=d.getElementsByTagName(s)[0],p=\/^http:\/.test(d.location)?'http':'https';if(!d.getElementById(id)){js=d.createElement(s);js.id=id;js.src=p+':\/\/platform.twitter.com\/widgets.js';fjs.parentNode.insertBefore(js,fjs);}}(document, 'script', 'twitter-wjs');<\/script><\/li><li class=\"gplus\" style=\"width:68px\"><div class=\"g-plusone\" data-size=\"medium\" data-href=\"https:\/\/www.caritasne2.org.br\/site\/direitos-humanos-em-risco-pec-241-orcamento-2017\/\"><\/div><\/li><li class=\"ssb_linkedin\" style=\"width:64px\"><script src=\"\/\/platform.linkedin.com\/in.js\" type=\"text\/javascript\">lang: en_US<\/script><script type=\"IN\/Share\" data-url=\"https:\/\/www.caritasne2.org.br\/site\/direitos-humanos-em-risco-pec-241-orcamento-2017\/\" data-counter=\"right\"><\/script><\/li><\/ul>","protected":false},"author":4,"featured_media":3648,"comment_status":"open","ping_status":"open","sticky":false,"template":"","format":"standard","meta":[],"categories":[830,20],"tags":[46,828,829,67,565,831,832,833],"_links":{"self":[{"href":"https:\/\/www.caritasne2.org.br\/site\/wp-json\/wp\/v2\/posts\/3646"}],"collection":[{"href":"https:\/\/www.caritasne2.org.br\/site\/wp-json\/wp\/v2\/posts"}],"about":[{"href":"https:\/\/www.caritasne2.org.br\/site\/wp-json\/wp\/v2\/types\/post"}],"author":[{"embeddable":true,"href":"https:\/\/www.caritasne2.org.br\/site\/wp-json\/wp\/v2\/users\/4"}],"replies":[{"embeddable":true,"href":"https:\/\/www.caritasne2.org.br\/site\/wp-json\/wp\/v2\/comments?post=3646"}],"version-history":[{"count":0,"href":"https:\/\/www.caritasne2.org.br\/site\/wp-json\/wp\/v2\/posts\/3646\/revisions"}],"wp:featuredmedia":[{"embeddable":true,"href":"https:\/\/www.caritasne2.org.br\/site\/wp-json\/"}],"wp:attachment":[{"href":"https:\/\/www.caritasne2.org.br\/site\/wp-json\/wp\/v2\/media?parent=3646"}],"wp:term":[{"taxonomy":"category","embeddable":true,"href":"https:\/\/www.caritasne2.org.br\/site\/wp-json\/wp\/v2\/categories?post=3646"},{"taxonomy":"post_tag","embeddable":true,"href":"https:\/\/www.caritasne2.org.br\/site\/wp-json\/wp\/v2\/tags?post=3646"}],"curies":[{"name":"wp","href":"https:\/\/api.w.org\/{rel}","templated":true}]}}