{"id":3638,"date":"2016-10-06T12:41:01","date_gmt":"2016-10-06T15:41:01","guid":{"rendered":"http:\/\/ne2.caritas.org.br.s174889.gridserver.com\/?p=3638"},"modified":"2017-07-11T15:17:30","modified_gmt":"2017-07-11T18:17:30","slug":"furacao-deixa-rastro-de-destruicao-tambem-em-cuba","status":"publish","type":"post","link":"https:\/\/www.caritasne2.org.br\/site\/furacao-deixa-rastro-de-destruicao-tambem-em-cuba\/","title":{"rendered":"Furac\u00e3o deixa rastro de destrui\u00e7\u00e3o tamb\u00e9m em Cuba"},"content":{"rendered":"<p>O furac\u00e3o Matthew deixou o territ\u00f3rio cubano na madrugada desta quarta-feira, dia\u00a05 de outubro, provocando um rastro de destrui\u00e7\u00e3o na parte oriental da ilha, especialmente na prov\u00edncia de Guant\u00e1namo. Na cidade de Baracoa, estima-se que metade das resid\u00eancias foram seriamente danificadas pela for\u00e7a dos ventos. Nesta regi\u00e3o, registrou-se chuvas fortes desde a noite anterior, afetando tamb\u00e9m a prov\u00edncia de Santiago de Cuba. As ondas chegaram a alturas de 8 a 10 metros em boa parte da costa do pa\u00eds. O furac\u00e3o havia atingido a costa sudoeste do Haiti na manh\u00e3 desta ter\u00e7a, dia 4.<\/p>\n<p>Desde o alerta dado na \u00faltima sexta-feira, dia 30 de setembro, de que um furac\u00e3o em forma\u00e7\u00e3o no Caribe iria atingir o territ\u00f3rio cubano, iniciou-se a retirada dos moradores de suas resid\u00eancias, na regi\u00e3o costeira, para aloj\u00e1-los em albergues com acesso a camas, \u00e1gua, alimentos e aten\u00e7\u00e3o m\u00e9dica, at\u00e9 que se restabele\u00e7am as condi\u00e7\u00f5es meteorol\u00f3gicas e possam ser avaliados os danos \u00e0s moradias. As pessoas afetadas por deslizamentos de terras permanecer\u00e3o nos abrigos. Nas zonas evacuadas, est\u00e1 autorizado o acesso apenas das equipes da Defesa Civil e das for\u00e7as especializadas do Ex\u00e9rcito.<\/p>\n<p>A agita\u00e7\u00e3o do mar passou a causar estragos \u00e0 costa cubana j\u00e1 na segunda-feira, dia 3, na por\u00e7\u00e3o sul da ilha, deixando\u00a0incomunic\u00e1veis os povoados da regi\u00e3o de Guama. Felizmente, n\u00e3o se tem informa\u00e7\u00f5es sobre a perda de vidas humanas no pa\u00eds. Os danos estruturais, entretanto, j\u00e1 s\u00e3o alargamente percebidos. A estrada em viaduto que liga as cidades de Guant\u00e1namo e Baracoa foi atingida por deslizamentos, interrompendo o acesso entre as popula\u00e7\u00f5es. Tamb\u00e9m uma esta\u00e7\u00e3o de energia el\u00e9trica localizada na regi\u00e3o foi completamente destru\u00edda.<\/p>\n<p>\u201cHoje (dia 5) convocaremos uma grande campanha nacional para ajudar as pessoas atingidas. Somente estamos \u00e0 espera de que a Defesa Civil decrete a\u00a0<em>fase de recupera\u00e7\u00e3o\u00a0<\/em>(em emerg\u00eancias), pois ainda n\u00e3o se pode sair \u00e0s ruas. Espera-se que ca\u00edam 200 mil\u00edmetros ou mais de chuvas at\u00e9 as 8 horas da manh\u00e3 de hoje\u201d, afirmou por e-mail a diretora da C\u00e1ritas da Diocese de Santiago de Cuba, Ana Mar\u00eda Pi\u00f1ol Navarrete, no in\u00edcio da manh\u00e3 desta quarta-feira. A realiza\u00e7\u00e3o da campanha est\u00e1 sendo articulada com o\u00a0arcebispo de Santiago de Cuba, que \u00e9 tamb\u00e9m o presidente da Conferencia de Obispos Cat\u00f3licos de Cuba (COCC), monsenhor Dionisio Garc\u00eda Iba\u00f1ez, e a diretora nacional da C\u00e1ritas Cubana, Maritza S\u00e1nchez.<\/p>\n<p><em>Por Luciano Gallas \/ Assessoria Nacional de Comunica\u00e7\u00e3o da C\u00e1ritas Brasileira,<\/em><br \/>\n<em>com base em relato de Ana Mar\u00eda Pi\u00f1ol Navarrete, diretora da C\u00e1ritas da Diocese de Santiago de Cuba<\/em><br \/>\n<em>Foto-montagem do furac\u00e3o no Haiti: Caritas Internationalis<\/em><\/p>\n<ul class=\"ssb_list_wrapper\"><li class=\"fb2\" style=\"width:135px\"><iframe src=\"\/\/www.facebook.com\/plugins\/like.php?href=https%3A%2F%2Fwww.caritasne2.org.br%2Fsite%2Ffuracao-deixa-rastro-de-destruicao-tambem-em-cuba%2F&amp;layout=button_count&amp;action=like&amp;show_faces=false&amp;share=true&amp;width=135&amp;height=21&amp;appId=307091639398582\" scrolling=\"no\" frameborder=\"0\" style=\"border:none; overflow:hidden;  width:150px; height:21px;\" allowTransparency=\"true\"><\/iframe><\/li><li class=\"twtr\" style=\"width:90px\"><a href=\"https:\/\/twitter.com\/share\" class=\"twitter-share-button\" data-url=\"https:\/\/www.caritasne2.org.br\/site\/furacao-deixa-rastro-de-destruicao-tambem-em-cuba\/\">&nbsp;<\/a><script>!function(d,s,id){var js,fjs=d.getElementsByTagName(s)[0],p=\/^http:\/.test(d.location)?'http':'https';if(!d.getElementById(id)){js=d.createElement(s);js.id=id;js.src=p+':\/\/platform.twitter.com\/widgets.js';fjs.parentNode.insertBefore(js,fjs);}}(document, 'script', 'twitter-wjs');<\/script><\/li><li class=\"gplus\" style=\"width:68px\"><div class=\"g-plusone\" data-size=\"medium\" data-href=\"https:\/\/www.caritasne2.org.br\/site\/furacao-deixa-rastro-de-destruicao-tambem-em-cuba\/\"><\/div><\/li><li class=\"ssb_linkedin\" style=\"width:64px\"><script src=\"\/\/platform.linkedin.com\/in.js\" type=\"text\/javascript\">lang: en_US<\/script><script type=\"IN\/Share\" data-url=\"https:\/\/www.caritasne2.org.br\/site\/furacao-deixa-rastro-de-destruicao-tambem-em-cuba\/\" data-counter=\"right\"><\/script><\/li><\/ul>","protected":false},"excerpt":{"rendered":"<p>O furac\u00e3o Matthew deixou o territ\u00f3rio cubano na madrugada desta quarta-feira, dia\u00a05 de outubro, provocando um rastro de destrui\u00e7\u00e3o na parte oriental da ilha, especialmente na prov\u00edncia de Guant\u00e1namo. Na cidade de Baracoa, estima-se que metade das resid\u00eancias foram seriamente danificadas pela for\u00e7a dos ventos. Nesta regi\u00e3o, registrou-se chuvas fortes desde a noite anterior, afetando tamb\u00e9m a prov\u00edncia de Santiago de Cuba. As ondas chegaram [&hellip;]<\/p>\n<ul class=\"ssb_list_wrapper\"><li class=\"fb2\" style=\"width:135px\"><iframe src=\"\/\/www.facebook.com\/plugins\/like.php?href=https%3A%2F%2Fwww.caritasne2.org.br%2Fsite%2Ffuracao-deixa-rastro-de-destruicao-tambem-em-cuba%2F&amp;layout=button_count&amp;action=like&amp;show_faces=false&amp;share=true&amp;width=135&amp;height=21&amp;appId=307091639398582\" scrolling=\"no\" frameborder=\"0\" style=\"border:none; overflow:hidden;  width:150px; height:21px;\" allowTransparency=\"true\"><\/iframe><\/li><li class=\"twtr\" style=\"width:90px\"><a href=\"https:\/\/twitter.com\/share\" class=\"twitter-share-button\" data-url=\"https:\/\/www.caritasne2.org.br\/site\/furacao-deixa-rastro-de-destruicao-tambem-em-cuba\/\">&nbsp;<\/a><script>!function(d,s,id){var js,fjs=d.getElementsByTagName(s)[0],p=\/^http:\/.test(d.location)?'http':'https';if(!d.getElementById(id)){js=d.createElement(s);js.id=id;js.src=p+':\/\/platform.twitter.com\/widgets.js';fjs.parentNode.insertBefore(js,fjs);}}(document, 'script', 'twitter-wjs');<\/script><\/li><li class=\"gplus\" style=\"width:68px\"><div class=\"g-plusone\" data-size=\"medium\" data-href=\"https:\/\/www.caritasne2.org.br\/site\/furacao-deixa-rastro-de-destruicao-tambem-em-cuba\/\"><\/div><\/li><li class=\"ssb_linkedin\" style=\"width:64px\"><script src=\"\/\/platform.linkedin.com\/in.js\" type=\"text\/javascript\">lang: en_US<\/script><script type=\"IN\/Share\" data-url=\"https:\/\/www.caritasne2.org.br\/site\/furacao-deixa-rastro-de-destruicao-tambem-em-cuba\/\" data-counter=\"right\"><\/script><\/li><\/ul>","protected":false},"author":4,"featured_media":3639,"comment_status":"open","ping_status":"open","sticky":false,"template":"","format":"standard","meta":[],"categories":[822,20],"tags":[46,820,821,614,67,826,823],"_links":{"self":[{"href":"https:\/\/www.caritasne2.org.br\/site\/wp-json\/wp\/v2\/posts\/3638"}],"collection":[{"href":"https:\/\/www.caritasne2.org.br\/site\/wp-json\/wp\/v2\/posts"}],"about":[{"href":"https:\/\/www.caritasne2.org.br\/site\/wp-json\/wp\/v2\/types\/post"}],"author":[{"embeddable":true,"href":"https:\/\/www.caritasne2.org.br\/site\/wp-json\/wp\/v2\/users\/4"}],"replies":[{"embeddable":true,"href":"https:\/\/www.caritasne2.org.br\/site\/wp-json\/wp\/v2\/comments?post=3638"}],"version-history":[{"count":0,"href":"https:\/\/www.caritasne2.org.br\/site\/wp-json\/wp\/v2\/posts\/3638\/revisions"}],"wp:featuredmedia":[{"embeddable":true,"href":"https:\/\/www.caritasne2.org.br\/site\/wp-json\/"}],"wp:attachment":[{"href":"https:\/\/www.caritasne2.org.br\/site\/wp-json\/wp\/v2\/media?parent=3638"}],"wp:term":[{"taxonomy":"category","embeddable":true,"href":"https:\/\/www.caritasne2.org.br\/site\/wp-json\/wp\/v2\/categories?post=3638"},{"taxonomy":"post_tag","embeddable":true,"href":"https:\/\/www.caritasne2.org.br\/site\/wp-json\/wp\/v2\/tags?post=3638"}],"curies":[{"name":"wp","href":"https:\/\/api.w.org\/{rel}","templated":true}]}}