{"id":3631,"date":"2016-10-06T12:37:19","date_gmt":"2016-10-06T15:37:19","guid":{"rendered":"http:\/\/ne2.caritas.org.br.s174889.gridserver.com\/?p=3631"},"modified":"2017-07-11T15:17:30","modified_gmt":"2017-07-11T18:17:30","slug":"3631","status":"publish","type":"post","link":"https:\/\/www.caritasne2.org.br\/site\/3631\/","title":{"rendered":"\u201cEfeito do furac\u00e3o no Haiti \u00e9 catastr\u00f3fico\u201d, diz padre Herv\u00e9"},"content":{"rendered":"<p>O furac\u00e3o Matthew atingiu a costa sudoeste do Haiti na manh\u00e3 desta ter\u00e7a-feira, dia 4 de outubro, com ventos e chuvas intensas. Pelo menos nove pessoas morreram no pa\u00eds caribenho e na vizinha Rep\u00fablica Dominicana, e muitas outras seguem desaparecidas. As localidades de Tiburon, J\u00e9r\u00e9mie, Les Cayes, Miragoane e Jacmel est\u00e3o na trajet\u00f3ria prevista para a passagem do furac\u00e3o em solo haitiano. Os governos dos dois pa\u00edses declararam estado de emerg\u00eancia.<\/p>\n<p>\u201cO efeito do furac\u00e3o no sul do Haiti \u00e9 catastr\u00f3fico\u201d, afirma o padre Jean-Herv\u00e9 Fran\u00e7ois, diretor da Caritas Haiti. \u201cHouve mortes por afogamento e edif\u00edcios desmoronados. Algumas comunidades est\u00e3o debaixo d\u2019\u00e1gua. Muitos edif\u00edcios est\u00e3o danificados. As pessoas perderam tudo\u201d, desabafa ele. A costa sul do pa\u00eds ficou inundada com as ondas provocadas pela tempestade. \u00c9 prov\u00e1vel que as elei\u00e7\u00f5es presidenciais no Haiti marcadas para o pr\u00f3ximo domingo, dia 9, sejam adiadas. A Caritas alerta ainda para o aumento dos riscos de contamina\u00e7\u00e3o por c\u00f3lera, devido \u00e0s fortes chuvas e \u00e0 falta de acesso \u00e0 \u00e1gua pot\u00e1vel. Alguns casos de c\u00f3lera j\u00e1 est\u00e3o presentes no sul do Haiti e pelo menos uma morte pela doen\u00e7a foi relatada.<\/p>\n<p>A Caritas Haiti est\u00e1 auxiliando as fam\u00edlias que tiveram de deixar suas casas. Em conjunto com as equipes de emerg\u00eancias do governo, abriu mais de 200 abrigos nas \u00e1reas de risco. Alimentos est\u00e3o sendo distribu\u00eddos para as pessoas abrigadas na cidade de Les Cayes, que possui cerca de 70 mil habitantes. Em Jacmel, a Caritas est\u00e1 fornecendo refei\u00e7\u00f5es quentes, \u00e1gua e produtos de higiene. Uma equipe tamb\u00e9m est\u00e1 em contato com as par\u00f3quias para fornecer cobertores, roupas de cama e kits de higiene.<\/p>\n<p>A Catholic Relief Services (CRS), dos Estados Unidos, tem uma equipe atuando em Les Cayes. \u201cA infraestrutura n\u00e3o \u00e9 capaz de lidar com tanta chuva na \u00e1rea de baixa altitude em torno de Les Cayes\u201d, diz Chris Bessey, representante da entidade no pa\u00eds \u2014 a CRS integra a confedera\u00e7\u00e3o C\u00e1ritas. \u201cN\u00f3s vamos ter que esperar para ver qu\u00e3o ruim o dano \u00e9. Mas a inunda\u00e7\u00e3o \u00e9 uma grande preocupa\u00e7\u00e3o\u201d, aponta ele.<\/p>\n<p>Inunda\u00e7\u00f5es e deslizamentos<\/p>\n<p>Ainda antes da tempestade, engenheiros ligados \u00e0 CRS foram enviados para escrit\u00f3rios de campo nas cidades de Les Cayes, J\u00e9r\u00e9mie e Jacmel, na parte ocidental sul do Haiti. Estes t\u00e9cnicos ir\u00e3o avaliar poss\u00edveis danos estruturais para iniciar os preparativos de reparos. \u201cO que me assusta \u00e9 a exist\u00eancia de muitas \u00e1reas fr\u00e1geis, sujeitas a inunda\u00e7\u00f5es r\u00e1pidas e a deslizamentos de terra, o que pode se tornar um grande problema. As pessoas est\u00e3o vivendo em favelas, onde as casas n\u00e3o s\u00e3o bem constru\u00eddas e facilmente podem ser atingidas\u201d, declara Jean Simon Ludger, do escrit\u00f3rio da CRS em Les Cayes.<\/p>\n<p>Antes da chegada do furac\u00e3o, v\u00e1rias comunidades que vivem em \u00e1reas de risco no Haiti foram evacuadas, o que se repetiu na Rep\u00fablica Dominicana e em Cuba. Transmiss\u00f5es realizadas por r\u00e1dio e alertas feitos pelas redes sociais e mesmo no contato direto com pessoas em situa\u00e7\u00e3o de risco buscaram sensibilizar para os perigos da tempestade. Ainda assim, houve quem preferisse permanecer nas suas casas, s\u00f3 procurando abrigo em edif\u00edcios de cimento mais robustos quando se iniciaram os fortes ventos e as chuvas torrenciais. Tamb\u00e9m foram removidos das vias p\u00fablicas outdoors e outros materiais que poderiam ser arrancados pelo vento e houve suspens\u00e3o do funcionamento das escolas.<\/p>\n<p>O Haiti ainda sofre as tr\u00e1gicas consequ\u00eancias do terremoto de janeiro de 2010, quando 200 mil pessoas morreram e a infraestrutura do pa\u00eds foi destru\u00edda. A grave crise humanit\u00e1ria que se instaurou a partir dali motivou uma grande onda de migra\u00e7\u00e3o para os demais pa\u00edses das Am\u00e9ricas, entre eles o Brasil, de haitianos e haitianas que deixavam sua na\u00e7\u00e3o em busca da sobreviv\u00eancia e de aux\u00edlio para os familiares que permaneciam l\u00e1. Ainda hoje h\u00e1 dezenas de milhares de pessoas vivendo em barracas nos campos de abrigo improvisados instalados no Haiti.<\/p>\n<p><em>\u00a0Por Luciano Gallas \/ Assessoria Nacional de Comunica\u00e7\u00e3o da C\u00e1ritas Brasileira, com informa\u00e7\u00f5es da Caritas Internationalis e de ag\u00eancias de not\u00edcias<\/em><\/p>\n<p><em>Foto: Caritas Internationalis<\/em><\/p>\n<ul class=\"ssb_list_wrapper\"><li class=\"fb2\" style=\"width:135px\"><iframe src=\"\/\/www.facebook.com\/plugins\/like.php?href=https%3A%2F%2Fwww.caritasne2.org.br%2Fsite%2F3631%2F&amp;layout=button_count&amp;action=like&amp;show_faces=false&amp;share=true&amp;width=135&amp;height=21&amp;appId=307091639398582\" scrolling=\"no\" frameborder=\"0\" style=\"border:none; overflow:hidden;  width:150px; height:21px;\" allowTransparency=\"true\"><\/iframe><\/li><li class=\"twtr\" style=\"width:90px\"><a href=\"https:\/\/twitter.com\/share\" class=\"twitter-share-button\" data-url=\"https:\/\/www.caritasne2.org.br\/site\/3631\/\">&nbsp;<\/a><script>!function(d,s,id){var js,fjs=d.getElementsByTagName(s)[0],p=\/^http:\/.test(d.location)?'http':'https';if(!d.getElementById(id)){js=d.createElement(s);js.id=id;js.src=p+':\/\/platform.twitter.com\/widgets.js';fjs.parentNode.insertBefore(js,fjs);}}(document, 'script', 'twitter-wjs');<\/script><\/li><li class=\"gplus\" style=\"width:68px\"><div class=\"g-plusone\" data-size=\"medium\" data-href=\"https:\/\/www.caritasne2.org.br\/site\/3631\/\"><\/div><\/li><li class=\"ssb_linkedin\" style=\"width:64px\"><script src=\"\/\/platform.linkedin.com\/in.js\" type=\"text\/javascript\">lang: en_US<\/script><script type=\"IN\/Share\" data-url=\"https:\/\/www.caritasne2.org.br\/site\/3631\/\" data-counter=\"right\"><\/script><\/li><\/ul>","protected":false},"excerpt":{"rendered":"<p>O furac\u00e3o Matthew atingiu a costa sudoeste do Haiti na manh\u00e3 desta ter\u00e7a-feira, dia 4 de outubro, com ventos e chuvas intensas. Pelo menos nove pessoas morreram no pa\u00eds caribenho e na vizinha Rep\u00fablica Dominicana, e muitas outras seguem desaparecidas. As localidades de Tiburon, J\u00e9r\u00e9mie, Les Cayes, Miragoane e Jacmel est\u00e3o na trajet\u00f3ria prevista para a passagem do furac\u00e3o em solo haitiano. Os governos dos [&hellip;]<\/p>\n<ul class=\"ssb_list_wrapper\"><li class=\"fb2\" style=\"width:135px\"><iframe src=\"\/\/www.facebook.com\/plugins\/like.php?href=https%3A%2F%2Fwww.caritasne2.org.br%2Fsite%2F3631%2F&amp;layout=button_count&amp;action=like&amp;show_faces=false&amp;share=true&amp;width=135&amp;height=21&amp;appId=307091639398582\" scrolling=\"no\" frameborder=\"0\" style=\"border:none; overflow:hidden;  width:150px; height:21px;\" allowTransparency=\"true\"><\/iframe><\/li><li class=\"twtr\" style=\"width:90px\"><a href=\"https:\/\/twitter.com\/share\" class=\"twitter-share-button\" data-url=\"https:\/\/www.caritasne2.org.br\/site\/3631\/\">&nbsp;<\/a><script>!function(d,s,id){var js,fjs=d.getElementsByTagName(s)[0],p=\/^http:\/.test(d.location)?'http':'https';if(!d.getElementById(id)){js=d.createElement(s);js.id=id;js.src=p+':\/\/platform.twitter.com\/widgets.js';fjs.parentNode.insertBefore(js,fjs);}}(document, 'script', 'twitter-wjs');<\/script><\/li><li class=\"gplus\" style=\"width:68px\"><div class=\"g-plusone\" data-size=\"medium\" data-href=\"https:\/\/www.caritasne2.org.br\/site\/3631\/\"><\/div><\/li><li class=\"ssb_linkedin\" style=\"width:64px\"><script src=\"\/\/platform.linkedin.com\/in.js\" type=\"text\/javascript\">lang: en_US<\/script><script type=\"IN\/Share\" data-url=\"https:\/\/www.caritasne2.org.br\/site\/3631\/\" data-counter=\"right\"><\/script><\/li><\/ul>","protected":false},"author":4,"featured_media":3632,"comment_status":"open","ping_status":"open","sticky":false,"template":"","format":"standard","meta":[],"categories":[822,20],"tags":[46,820,821,67,823,824,825],"_links":{"self":[{"href":"https:\/\/www.caritasne2.org.br\/site\/wp-json\/wp\/v2\/posts\/3631"}],"collection":[{"href":"https:\/\/www.caritasne2.org.br\/site\/wp-json\/wp\/v2\/posts"}],"about":[{"href":"https:\/\/www.caritasne2.org.br\/site\/wp-json\/wp\/v2\/types\/post"}],"author":[{"embeddable":true,"href":"https:\/\/www.caritasne2.org.br\/site\/wp-json\/wp\/v2\/users\/4"}],"replies":[{"embeddable":true,"href":"https:\/\/www.caritasne2.org.br\/site\/wp-json\/wp\/v2\/comments?post=3631"}],"version-history":[{"count":0,"href":"https:\/\/www.caritasne2.org.br\/site\/wp-json\/wp\/v2\/posts\/3631\/revisions"}],"wp:featuredmedia":[{"embeddable":true,"href":"https:\/\/www.caritasne2.org.br\/site\/wp-json\/"}],"wp:attachment":[{"href":"https:\/\/www.caritasne2.org.br\/site\/wp-json\/wp\/v2\/media?parent=3631"}],"wp:term":[{"taxonomy":"category","embeddable":true,"href":"https:\/\/www.caritasne2.org.br\/site\/wp-json\/wp\/v2\/categories?post=3631"},{"taxonomy":"post_tag","embeddable":true,"href":"https:\/\/www.caritasne2.org.br\/site\/wp-json\/wp\/v2\/tags?post=3631"}],"curies":[{"name":"wp","href":"https:\/\/api.w.org\/{rel}","templated":true}]}}