{"id":3627,"date":"2016-10-06T12:27:45","date_gmt":"2016-10-06T15:27:45","guid":{"rendered":"http:\/\/ne2.caritas.org.br.s174889.gridserver.com\/?p=3627"},"modified":"2017-07-11T15:17:30","modified_gmt":"2017-07-11T18:17:30","slug":"mesa-de-dialogo-marca-inicio-encontro-estadual-da-asape","status":"publish","type":"post","link":"https:\/\/www.caritasne2.org.br\/site\/mesa-de-dialogo-marca-inicio-encontro-estadual-da-asape\/","title":{"rendered":"Mesa de di\u00e1logo marca o in\u00edcio do Encontro Estadual da ASA\/PE"},"content":{"rendered":"<p>\u00c9 com o tema \u201cCaminhada de resist\u00eancia e constru\u00e7\u00e3o da conviv\u00eancia: \u2018&#8230;pois \u00e9 arte nordestina, transformar seca em poesia\u2019\u201d, que a ASA Pernambuco iniciou, na \u00faltima ter\u00e7a-feira (4), no Stella Maris, em Triunfo (PE), o Encontro Estadual, com um p\u00fablico de agricultores\/as familiares, t\u00e9cnicos\/as, comunicadores\/as e convidados\/as, que ultrapassou a marca de cem pessoas.<\/p>\n<p>Do Litoral ao Sert\u00e3o, o Encontro, que vai at\u00e9 a pr\u00f3xima quinta-feira (06), acolhe participantes de todos os territ\u00f3rios, que aproveitaram a oportunidade para apresentar v\u00e1rios elementos regionais, como sementes crioulas, mandacarus, artesanatos, instrumentos musicais e at\u00e9 a r\u00e9plica de uma casa com cisterna. M\u00fasicas e poesias tamb\u00e9m incrementaram o momento de boas-vindas.<\/p>\n<p>Inicialmente, o coordenador da ASA Pernambuco, Alexandre Pires, falou da alegria em receber cada participante e tamb\u00e9m sobre o cuidado que a comiss\u00e3o organizadora teve com a prepara\u00e7\u00e3o do evento. \u201cN\u00f3s fizemos o poss\u00edvel para comprar os alimentos \u00e0s fam\u00edlias agricultoras da regi\u00e3o, que ser\u00e3o consumidos nesses tr\u00eas dias\u201d, disse. Em seguida, desejou um \u00f3timo Encontro a todos e todas.<\/p>\n<p>A programa\u00e7\u00e3o do primeiro dia contou com a realiza\u00e7\u00e3o de uma mesa de abertura para analisar a atual conjuntura pol\u00edtica do pa\u00eds. Antes de come\u00e7ar a discuss\u00e3o, o coordenador geral da ONG Caatinga, Giovanne Xenofonte, que foi o mediador da roda de di\u00e1logo, pediu para que algu\u00e9m expressasse um pouco do sentimento em rela\u00e7\u00e3o ao atual momento que o Brasil passa.<\/p>\n<p>A quilombola Maria de Lourdes definiu o contexto como um retrocesso. \u201cO atual presidente manchou o que chamamos de democracia. Aprendi que isso representava a vontade da maioria e, assim, fizemos, pois elegemos Dilma (Rousseff), mas o nosso desejo n\u00e3o foi respeitado. Outra coisa que me deixa triste \u00e9 ver que muitos direitos, que foram conquistados por n\u00f3s, est\u00e3o sendo amea\u00e7ados e outros tantos j\u00e1 foram cortados\u201d, explicou.\u00a0 Em seguida, a mesa teve in\u00edcio com a participa\u00e7\u00e3o de uma das representantes da Colegiada do CETRA, Cristina Nascimento, e do coordenador do Movimento dos Trabalhadores Sem Terra em Pernambuco, Jaime Amorim.<\/p>\n<p>Amorim explicou que o processo eleitoral vive de ciclos e que, o momento atual, trata-se da finaliza\u00e7\u00e3o de um destes per\u00edodos. \u201cMais do que a conclus\u00e3o de uma fase eleitoral, encerra-se tamb\u00e9m um ciclo de desenvolvimento, que impacta no \u00e2mbito da economia, com o desemprego; na educa\u00e7\u00e3o, em pol\u00edticas p\u00fablicas como o FIES e o PROUNI; na agricultura familiar, com os cortes de recursos para o Garantia Safra, por exemplo, e em tantos outros fatores. Daqui para frente, n\u00f3s vamos viver um desmonte de direitos conquistados, algo que representa um retrocesso de 50 anos\u201d, alertou.<\/p>\n<p>Apesar disso, ele ressaltou outras coisas que merecem aten\u00e7\u00e3o e a\u00e7\u00e3o. \u201cN\u00e3o podemos ficar tristes por isso. Essa \u00e9 a hora do povo ir para \u00e0s ruas. Os brasileiros e brasileiras v\u00e3o resistir ao golpe. Est\u00e1 chegando um novo ciclo pol\u00edtico que vai depender, acima de tudo, do nosso poder de mobiliza\u00e7\u00e3o\u201d, concluiu.<\/p>\n<p>Ap\u00f3s este momento, foi a vez de Cristina Nascimento refletir sobre a postura diante desse contexto. \u201cPrecisamos ter clareza de quem somos, de onde estamos e do que queremos. Quando pensamos a partir das nossas conquistas, da ideologia dos movimentos sociais, pensamos, tamb\u00e9m, diferente da Rede Globo. Precisamos ter consci\u00eancia do nosso poder enquanto cidad\u00e3os, pois o que est\u00e1 amea\u00e7ado n\u00e3o \u00e9 a cisterna, mas a nossa luta por direitos\u201d, disse.<\/p>\n<p>Ap\u00f3s as falas dos convidados, foram abertas as inscri\u00e7\u00f5es para question\u00e1rios e coment\u00e1rios dos participantes.<\/p>\n<p><em>Por Lidiane Santos\u00a0| Assessoria de Comunica\u00e7\u00e3o do Regional NE2\u00a0<\/em><\/p>\n<ul class=\"ssb_list_wrapper\"><li class=\"fb2\" style=\"width:135px\"><iframe src=\"\/\/www.facebook.com\/plugins\/like.php?href=https%3A%2F%2Fwww.caritasne2.org.br%2Fsite%2Fmesa-de-dialogo-marca-inicio-encontro-estadual-da-asape%2F&amp;layout=button_count&amp;action=like&amp;show_faces=false&amp;share=true&amp;width=135&amp;height=21&amp;appId=307091639398582\" scrolling=\"no\" frameborder=\"0\" style=\"border:none; overflow:hidden;  width:150px; height:21px;\" allowTransparency=\"true\"><\/iframe><\/li><li class=\"twtr\" style=\"width:90px\"><a href=\"https:\/\/twitter.com\/share\" class=\"twitter-share-button\" data-url=\"https:\/\/www.caritasne2.org.br\/site\/mesa-de-dialogo-marca-inicio-encontro-estadual-da-asape\/\">&nbsp;<\/a><script>!function(d,s,id){var js,fjs=d.getElementsByTagName(s)[0],p=\/^http:\/.test(d.location)?'http':'https';if(!d.getElementById(id)){js=d.createElement(s);js.id=id;js.src=p+':\/\/platform.twitter.com\/widgets.js';fjs.parentNode.insertBefore(js,fjs);}}(document, 'script', 'twitter-wjs');<\/script><\/li><li class=\"gplus\" style=\"width:68px\"><div class=\"g-plusone\" data-size=\"medium\" data-href=\"https:\/\/www.caritasne2.org.br\/site\/mesa-de-dialogo-marca-inicio-encontro-estadual-da-asape\/\"><\/div><\/li><li class=\"ssb_linkedin\" style=\"width:64px\"><script src=\"\/\/platform.linkedin.com\/in.js\" type=\"text\/javascript\">lang: en_US<\/script><script type=\"IN\/Share\" data-url=\"https:\/\/www.caritasne2.org.br\/site\/mesa-de-dialogo-marca-inicio-encontro-estadual-da-asape\/\" data-counter=\"right\"><\/script><\/li><\/ul>","protected":false},"excerpt":{"rendered":"<p>\u00c9 com o tema \u201cCaminhada de resist\u00eancia e constru\u00e7\u00e3o da conviv\u00eancia: \u2018&#8230;pois \u00e9 arte nordestina, transformar seca em poesia\u2019\u201d, que a ASA Pernambuco iniciou, na \u00faltima ter\u00e7a-feira (4), no Stella Maris, em Triunfo (PE), o Encontro Estadual, com um p\u00fablico de agricultores\/as familiares, t\u00e9cnicos\/as, comunicadores\/as e convidados\/as, que ultrapassou a marca de cem pessoas. Do Litoral ao Sert\u00e3o, o Encontro, que vai at\u00e9 a pr\u00f3xima [&hellip;]<\/p>\n<ul class=\"ssb_list_wrapper\"><li class=\"fb2\" style=\"width:135px\"><iframe src=\"\/\/www.facebook.com\/plugins\/like.php?href=https%3A%2F%2Fwww.caritasne2.org.br%2Fsite%2Fmesa-de-dialogo-marca-inicio-encontro-estadual-da-asape%2F&amp;layout=button_count&amp;action=like&amp;show_faces=false&amp;share=true&amp;width=135&amp;height=21&amp;appId=307091639398582\" scrolling=\"no\" frameborder=\"0\" style=\"border:none; overflow:hidden;  width:150px; height:21px;\" allowTransparency=\"true\"><\/iframe><\/li><li class=\"twtr\" style=\"width:90px\"><a href=\"https:\/\/twitter.com\/share\" class=\"twitter-share-button\" data-url=\"https:\/\/www.caritasne2.org.br\/site\/mesa-de-dialogo-marca-inicio-encontro-estadual-da-asape\/\">&nbsp;<\/a><script>!function(d,s,id){var js,fjs=d.getElementsByTagName(s)[0],p=\/^http:\/.test(d.location)?'http':'https';if(!d.getElementById(id)){js=d.createElement(s);js.id=id;js.src=p+':\/\/platform.twitter.com\/widgets.js';fjs.parentNode.insertBefore(js,fjs);}}(document, 'script', 'twitter-wjs');<\/script><\/li><li class=\"gplus\" style=\"width:68px\"><div class=\"g-plusone\" data-size=\"medium\" data-href=\"https:\/\/www.caritasne2.org.br\/site\/mesa-de-dialogo-marca-inicio-encontro-estadual-da-asape\/\"><\/div><\/li><li class=\"ssb_linkedin\" style=\"width:64px\"><script src=\"\/\/platform.linkedin.com\/in.js\" type=\"text\/javascript\">lang: en_US<\/script><script type=\"IN\/Share\" data-url=\"https:\/\/www.caritasne2.org.br\/site\/mesa-de-dialogo-marca-inicio-encontro-estadual-da-asape\/\" data-counter=\"right\"><\/script><\/li><\/ul>","protected":false},"author":4,"featured_media":3628,"comment_status":"open","ping_status":"open","sticky":false,"template":"","format":"standard","meta":[],"categories":[72,20],"tags":[818,597,67,819],"_links":{"self":[{"href":"https:\/\/www.caritasne2.org.br\/site\/wp-json\/wp\/v2\/posts\/3627"}],"collection":[{"href":"https:\/\/www.caritasne2.org.br\/site\/wp-json\/wp\/v2\/posts"}],"about":[{"href":"https:\/\/www.caritasne2.org.br\/site\/wp-json\/wp\/v2\/types\/post"}],"author":[{"embeddable":true,"href":"https:\/\/www.caritasne2.org.br\/site\/wp-json\/wp\/v2\/users\/4"}],"replies":[{"embeddable":true,"href":"https:\/\/www.caritasne2.org.br\/site\/wp-json\/wp\/v2\/comments?post=3627"}],"version-history":[{"count":0,"href":"https:\/\/www.caritasne2.org.br\/site\/wp-json\/wp\/v2\/posts\/3627\/revisions"}],"wp:featuredmedia":[{"embeddable":true,"href":"https:\/\/www.caritasne2.org.br\/site\/wp-json\/"}],"wp:attachment":[{"href":"https:\/\/www.caritasne2.org.br\/site\/wp-json\/wp\/v2\/media?parent=3627"}],"wp:term":[{"taxonomy":"category","embeddable":true,"href":"https:\/\/www.caritasne2.org.br\/site\/wp-json\/wp\/v2\/categories?post=3627"},{"taxonomy":"post_tag","embeddable":true,"href":"https:\/\/www.caritasne2.org.br\/site\/wp-json\/wp\/v2\/tags?post=3627"}],"curies":[{"name":"wp","href":"https:\/\/api.w.org\/{rel}","templated":true}]}}