{"id":3622,"date":"2016-10-06T12:16:13","date_gmt":"2016-10-06T15:16:13","guid":{"rendered":"http:\/\/ne2.caritas.org.br.s174889.gridserver.com\/?p=3622"},"modified":"2017-07-11T15:17:30","modified_gmt":"2017-07-11T18:17:30","slug":"em-alagoas-forum-caritas-aprofunda-discussao-sobre-pastoralidade","status":"publish","type":"post","link":"https:\/\/www.caritasne2.org.br\/site\/em-alagoas-forum-caritas-aprofunda-discussao-sobre-pastoralidade\/","title":{"rendered":"Em Alagoas, F\u00f3rum C\u00e1ritas aprofunda discuss\u00e3o sobre Pastoralidade"},"content":{"rendered":"<p>Celebrar a caminhada e a disposi\u00e7\u00e3o de seguir adiante, aprofundar as reflex\u00f5es sobre a identidade da C\u00e1ritas Brasileira, no sentido da pastoralidade, e os desafios atuais. Com esse objetivo, o F\u00f3rum C\u00e1ritas de Alagoas reuniu, no s\u00e1bado (1\u00ba), cerca de 35 pessoas, entre agentes, volunt\u00e1rios e representantes de movimentos sociais e empreendimentos da Economia Solid\u00e1ria das C\u00e1ritas Arquidiocesanas de Macei\u00f3 e Diocesanas de Palmeira dos \u00cdndios e Penedo, que comp\u00f5em o secretariado regional da C\u00e1ritas NE2. A atividade aconteceu no P\u00f3lo de Tecnologia Agroalimentar de Arapiraca, no Agreste alagoano.<\/p>\n<p>Durante o f\u00f3rum, pain\u00e9is discutiram temas como: viver com alegria a solidariedade libertadora; viver a pastoralidade eclesial; celebrar e compromete-se com a solidariedade presente na vida do povo; e assumir a liberta\u00e7\u00e3o das pessoas e da M\u00e3e Terra.\u00a0\u00a0<a href=\"http:\/\/ne2.caritas.org.br.s174889.gridserver.com\/wp-content\/uploads\/2016\/10\/WhatsApp-Image-2016-10-01-at-21.28.51.jpeg\"><img decoding=\"async\" loading=\"lazy\" class=\"alignright size-medium wp-image-3624\" title=\"WhatsApp Image 2016-10-01 at 21.28.51\" src=\"http:\/\/ne2.caritas.org.br.s174889.gridserver.com\/wp-content\/uploads\/2016\/10\/WhatsApp-Image-2016-10-01-at-21.28.51-300x180.jpeg\" alt=\"\" width=\"300\" height=\"180\" \/><\/a><\/p>\n<p>De acordo com Jos\u00e9 Matias Irm\u00e3o, volunt\u00e1rio da C\u00e1ritas Diocesana de Penedo, o encontro teve como proposta oferecer um estudo mais detalhado sobre o tema \u201cPastoralidade e Transforma\u00e7\u00e3o Social\u201d, que nortear\u00e1 as discuss\u00f5es do V Congresso Nacional da C\u00e1ritas Brasileira, que acontecer\u00e1 de 9 a 13 de novembro, em Aparecida\/SP.<\/p>\n<p>\u201cEste \u00e9 um momento celebrativo das a\u00e7\u00f5es da Rede C\u00e1ritas, sobretudo, no territ\u00f3rio de Alagoas, mas tamb\u00e9m de prepara\u00e7\u00e3o e forma\u00e7\u00e3o da delega\u00e7\u00e3o que ir\u00e1 ao congresso\u201d, explicou.<\/p>\n<p>Ainda segundo Matias, neste momento de tantas expectativas, d\u00favidas e incertezas, principalmente sobre o contexto pol\u00edtico do pa\u00eds, o encontro permitiu refletir sobre as pr\u00e1ticas da C\u00e1ritas frente aos desafios impostos, no cen\u00e1rio dos programas e projetos executados, e como a m\u00edstica e a espiritualidade da organiza\u00e7\u00e3o perpassam esses desafios fazendo a diferen\u00e7a.<\/p>\n<p>\u201cFoi um momento de revigoramento. Devemos nos preparar ainda mais, contudo, n\u00e3o devemos desanimar. Jesus tem um projeto para todos n\u00f3s e, se unirmos for\u00e7as, vamos fazer um grande projeto coletivo de transforma\u00e7\u00e3o social, que esse Brasil espera e precisa\u201d, destacou Matias.<\/p>\n<p><strong>F\u00f3rum <\/strong><\/p>\n<p><a href=\"http:\/\/ne2.caritas.org.br.s174889.gridserver.com\/wp-content\/uploads\/2016\/10\/WhatsApp-Image-2016-10-01-at-21.28.52-1.jpeg\"><img decoding=\"async\" loading=\"lazy\" class=\"alignleft size-medium wp-image-3625\" title=\"WhatsApp Image 2016-10-01 at 21.28.52 (1)\" src=\"http:\/\/ne2.caritas.org.br.s174889.gridserver.com\/wp-content\/uploads\/2016\/10\/WhatsApp-Image-2016-10-01-at-21.28.52-1-300x180.jpeg\" alt=\"\" width=\"300\" height=\"180\" \/><\/a>O volunt\u00e1rio da C\u00e1ritas Aquidiocesana de Macei\u00f3, \u00c2ngelo M\u00e1ximo, explica que o F\u00f3rum C\u00e1ritas de Alagoas \u00e9 um espa\u00e7o de articula\u00e7\u00e3o e fortalecimento das tr\u00eas organiza\u00e7\u00f5es membros no estado alagoano. Esse grupo se re\u00fane trimestralmente para planejar e executar a\u00e7\u00f5es em conjunto.<\/p>\n<p>Para ele, fazer um estudo sobre o guia metodol\u00f3gico do congresso e aprofundar o tema da pastoralidade, reaviva o \u00e2nimo e a disposi\u00e7\u00e3o para continuar o trabalho da C\u00e1ritas nas bases, junto aos mais necessitados.<\/p>\n<p>Uma das respons\u00e1veis por conduzir as reflex\u00f5es no grupo que discutiu o tema \u201cViver a Pastoralidade Eclesial\u201d, a volunt\u00e1ria da C\u00e1ritas Diocesana de Palmeira dos \u00cdndios e coordenadora da C\u00e1ritas Paroquial S\u00e3o Sebasti\u00e3o, Rita de Assis Costa, afirma que, vivenciar a pastoralidade \u00e9 ser fiel ao projeto de Jesus Cristo.<\/p>\n<p>Para ela, a pastoralidade \u00e9 viver uma espiritualidade enraizada nas pr\u00e1ticas e no Evangelho de Cristo. \u201c\u00c9 preciso sair e ir em busca dos exclu\u00eddos da sociedade, dos que foram deixados para atr\u00e1s, dos que foram privados dos seus direitos\u201d, complementou.<strong> <\/strong><\/p>\n<p><strong>Destaques <\/strong><\/p>\n<p>Durante o f\u00f3rum, os quatro grupos apresentaram \u00e0 plen\u00e1ria uma s\u00e9rie de destaques, que s\u00e3o resultados das reflex\u00f5es baseadas no guia metodol\u00f3gico do V Congresso, e visam estimular \u00e0 Rede C\u00e1ritas a viver a pastoralidade. Entre esses destaques est\u00e3o: ser uma Igreja em sa\u00edda, que vai ao encontro dos exclu\u00eddos; trabalhar a valoriza\u00e7\u00e3o da miss\u00e3o da C\u00e1ritas; vivenciar a solidariedade na pr\u00e1tica; ouvir e denunciar as situa\u00e7\u00f5es de viola\u00e7\u00f5es dos direitos, bem como propor alternativas diante de situa\u00e7\u00f5es, a exemplo, de interesses econ\u00f4micos que sobrep\u00f5em \u00e0 vida.<\/p>\n<p><em>Por Kilma Ferreira | Assessoria de Comunica\u00e7\u00e3o do Regional NE2\u00a0<\/em><\/p>\n<ul class=\"ssb_list_wrapper\"><li class=\"fb2\" style=\"width:135px\"><iframe src=\"\/\/www.facebook.com\/plugins\/like.php?href=https%3A%2F%2Fwww.caritasne2.org.br%2Fsite%2Fem-alagoas-forum-caritas-aprofunda-discussao-sobre-pastoralidade%2F&amp;layout=button_count&amp;action=like&amp;show_faces=false&amp;share=true&amp;width=135&amp;height=21&amp;appId=307091639398582\" scrolling=\"no\" frameborder=\"0\" style=\"border:none; overflow:hidden;  width:150px; height:21px;\" allowTransparency=\"true\"><\/iframe><\/li><li class=\"twtr\" style=\"width:90px\"><a href=\"https:\/\/twitter.com\/share\" class=\"twitter-share-button\" data-url=\"https:\/\/www.caritasne2.org.br\/site\/em-alagoas-forum-caritas-aprofunda-discussao-sobre-pastoralidade\/\">&nbsp;<\/a><script>!function(d,s,id){var js,fjs=d.getElementsByTagName(s)[0],p=\/^http:\/.test(d.location)?'http':'https';if(!d.getElementById(id)){js=d.createElement(s);js.id=id;js.src=p+':\/\/platform.twitter.com\/widgets.js';fjs.parentNode.insertBefore(js,fjs);}}(document, 'script', 'twitter-wjs');<\/script><\/li><li class=\"gplus\" style=\"width:68px\"><div class=\"g-plusone\" data-size=\"medium\" data-href=\"https:\/\/www.caritasne2.org.br\/site\/em-alagoas-forum-caritas-aprofunda-discussao-sobre-pastoralidade\/\"><\/div><\/li><li class=\"ssb_linkedin\" style=\"width:64px\"><script src=\"\/\/platform.linkedin.com\/in.js\" type=\"text\/javascript\">lang: en_US<\/script><script type=\"IN\/Share\" data-url=\"https:\/\/www.caritasne2.org.br\/site\/em-alagoas-forum-caritas-aprofunda-discussao-sobre-pastoralidade\/\" data-counter=\"right\"><\/script><\/li><\/ul>","protected":false},"excerpt":{"rendered":"<p>Celebrar a caminhada e a disposi\u00e7\u00e3o de seguir adiante, aprofundar as reflex\u00f5es sobre a identidade da C\u00e1ritas Brasileira, no sentido da pastoralidade, e os desafios atuais. Com esse objetivo, o F\u00f3rum C\u00e1ritas de Alagoas reuniu, no s\u00e1bado (1\u00ba), cerca de 35 pessoas, entre agentes, volunt\u00e1rios e representantes de movimentos sociais e empreendimentos da Economia Solid\u00e1ria das C\u00e1ritas Arquidiocesanas de Macei\u00f3 e Diocesanas de Palmeira dos [&hellip;]<\/p>\n<ul class=\"ssb_list_wrapper\"><li class=\"fb2\" style=\"width:135px\"><iframe src=\"\/\/www.facebook.com\/plugins\/like.php?href=https%3A%2F%2Fwww.caritasne2.org.br%2Fsite%2Fem-alagoas-forum-caritas-aprofunda-discussao-sobre-pastoralidade%2F&amp;layout=button_count&amp;action=like&amp;show_faces=false&amp;share=true&amp;width=135&amp;height=21&amp;appId=307091639398582\" scrolling=\"no\" frameborder=\"0\" style=\"border:none; overflow:hidden;  width:150px; height:21px;\" allowTransparency=\"true\"><\/iframe><\/li><li class=\"twtr\" style=\"width:90px\"><a href=\"https:\/\/twitter.com\/share\" class=\"twitter-share-button\" data-url=\"https:\/\/www.caritasne2.org.br\/site\/em-alagoas-forum-caritas-aprofunda-discussao-sobre-pastoralidade\/\">&nbsp;<\/a><script>!function(d,s,id){var js,fjs=d.getElementsByTagName(s)[0],p=\/^http:\/.test(d.location)?'http':'https';if(!d.getElementById(id)){js=d.createElement(s);js.id=id;js.src=p+':\/\/platform.twitter.com\/widgets.js';fjs.parentNode.insertBefore(js,fjs);}}(document, 'script', 'twitter-wjs');<\/script><\/li><li class=\"gplus\" style=\"width:68px\"><div class=\"g-plusone\" data-size=\"medium\" data-href=\"https:\/\/www.caritasne2.org.br\/site\/em-alagoas-forum-caritas-aprofunda-discussao-sobre-pastoralidade\/\"><\/div><\/li><li class=\"ssb_linkedin\" style=\"width:64px\"><script src=\"\/\/platform.linkedin.com\/in.js\" type=\"text\/javascript\">lang: en_US<\/script><script type=\"IN\/Share\" data-url=\"https:\/\/www.caritasne2.org.br\/site\/em-alagoas-forum-caritas-aprofunda-discussao-sobre-pastoralidade\/\" data-counter=\"right\"><\/script><\/li><\/ul>","protected":false},"author":4,"featured_media":3623,"comment_status":"open","ping_status":"open","sticky":false,"template":"","format":"standard","meta":[],"categories":[774,20],"tags":[70,46,67,816,817,797],"_links":{"self":[{"href":"https:\/\/www.caritasne2.org.br\/site\/wp-json\/wp\/v2\/posts\/3622"}],"collection":[{"href":"https:\/\/www.caritasne2.org.br\/site\/wp-json\/wp\/v2\/posts"}],"about":[{"href":"https:\/\/www.caritasne2.org.br\/site\/wp-json\/wp\/v2\/types\/post"}],"author":[{"embeddable":true,"href":"https:\/\/www.caritasne2.org.br\/site\/wp-json\/wp\/v2\/users\/4"}],"replies":[{"embeddable":true,"href":"https:\/\/www.caritasne2.org.br\/site\/wp-json\/wp\/v2\/comments?post=3622"}],"version-history":[{"count":0,"href":"https:\/\/www.caritasne2.org.br\/site\/wp-json\/wp\/v2\/posts\/3622\/revisions"}],"wp:featuredmedia":[{"embeddable":true,"href":"https:\/\/www.caritasne2.org.br\/site\/wp-json\/"}],"wp:attachment":[{"href":"https:\/\/www.caritasne2.org.br\/site\/wp-json\/wp\/v2\/media?parent=3622"}],"wp:term":[{"taxonomy":"category","embeddable":true,"href":"https:\/\/www.caritasne2.org.br\/site\/wp-json\/wp\/v2\/categories?post=3622"},{"taxonomy":"post_tag","embeddable":true,"href":"https:\/\/www.caritasne2.org.br\/site\/wp-json\/wp\/v2\/tags?post=3622"}],"curies":[{"name":"wp","href":"https:\/\/api.w.org\/{rel}","templated":true}]}}