{"id":3618,"date":"2016-10-06T12:02:46","date_gmt":"2016-10-06T15:02:46","guid":{"rendered":"http:\/\/ne2.caritas.org.br.s174889.gridserver.com\/?p=3618"},"modified":"2017-07-11T15:17:30","modified_gmt":"2017-07-11T18:17:30","slug":"agentes-avaliam-prioridades-estrategias-valores-da-caritas","status":"publish","type":"post","link":"https:\/\/www.caritasne2.org.br\/site\/agentes-avaliam-prioridades-estrategias-valores-da-caritas\/","title":{"rendered":"Agentes avaliam prioridades, estrat\u00e9gias e valores da C\u00e1ritas"},"content":{"rendered":"<p>Agentes presentes na Caravana Nacional da C\u00e1ritas Brasileira avaliaram as a\u00e7\u00f5es da entidade no quadri\u00eanio 2012-2015, na tarde do dia 28 de setembro. Os integrantes da Rede C\u00e1ritas fizeram um balan\u00e7o das a\u00e7\u00f5es realizadas e dos resultados alcan\u00e7ados a partir das tr\u00eas prioridades definidas para o per\u00edodo, analisando tamb\u00e9m as dificuldades e desafios impostos ao trabalho. Para a atividade, foram formados tr\u00eas grupos com representa\u00e7\u00e3o de todos os cinco inter-regionais da C\u00e1ritas, cada um deles dedicado \u00e0 an\u00e1lise de uma das prioridades, a saber:<\/p>\n<p>1)\u00a0\u00a0\u00a0\u00a0\u00a0\u00a0\u00a0<strong>Promo\u00e7\u00e3o e fortalecimento de iniciativas locais e territoriais de desenvolvimento solid\u00e1rio e sustent\u00e1vel.<\/strong>\u00a0Foram avaliados itens como maior visibilidade e credibilidade para a\u00e7\u00e3o da C\u00e1ritas; a\u00e7\u00f5es voltadas para impactos dos grandes projetos e dos desastres ambientais; protagonismo de povos e comunidades tradicionais; fortalecimento da economia solid\u00e1ria; amplia\u00e7\u00e3o do trabalho na \u00e1rea socioambiental; Fundo Nacional de Solidariedade; projetos de cisternas.<\/p>\n<p>2)\u00a0\u00a0\u00a0\u00a0\u00a0\u00a0 \u00a0<strong>Defesa e promo\u00e7\u00e3o de direitos, mobiliza\u00e7\u00f5es e controle social das pol\u00edticas p\u00fablicas<\/strong>. Nessa prioridade, discutiu-se uma maior participa\u00e7\u00e3o em conselhos, campanhas e audi\u00eancias p\u00fablicas; a Pol\u00edtica Nacional de Assist\u00eancia Social; trabalhos pedag\u00f3gicos relacionados \u00e0s mudan\u00e7as clim\u00e1ticas; atua\u00e7\u00e3o com migrantes e refugiados; regulamenta\u00e7\u00e3o do marco regulat\u00f3rio das organiza\u00e7\u00f5es da sociedade civil; fortalecimento do Programa Inf\u00e2ncia, Adolesc\u00eancia e Juventude (PIAJ).<\/p>\n<p>3)\u00a0\u00a0\u00a0\u00a0\u00a0\u00a0\u00a0<strong>Organiza\u00e7\u00e3o e fortalecimento da Rede C\u00e1ritas.\u00a0<\/strong>No que se refere a esse t\u00f3pico, refletiu-se sobre a forma\u00e7\u00e3o continuada dos agentes C\u00e1ritas; diversifica\u00e7\u00e3o de fonte de recursos; contrata\u00e7\u00e3o de profissionais de comunica\u00e7\u00e3o e mobiliza\u00e7\u00e3o de recursos; gest\u00e3o compartilhada; ades\u00e3o \u00e0s redes sociais e uso de canais virtuais; maior envolvimento com Pastorais Sociais e o conjunto da Igreja; cria\u00e7\u00e3o de novas entidades-membros; fortalecimento da m\u00edstica e espiritualidade; projeto 10 Milh\u00f5es de Estrelas; voluntariado.<\/p>\n<p>Os tr\u00eas grupos tamb\u00e9m avaliaram a din\u00e2mica de efetiva\u00e7\u00e3o do sistema de Planejamento, Monitoramento, Avalia\u00e7\u00e3o e Sistematiza\u00e7\u00e3o (PMAS) e sua contribui\u00e7\u00e3o para a implementa\u00e7\u00e3o do plano quadrienal em cada prioridade, al\u00e9m da pr\u00f3pria capacidade de resposta do plano quadrienal aos desafios da realidade. A an\u00e1lise produzida ser\u00e1 sistematizada na forma de um documento para ser apresentado no V Congresso Nacional da C\u00e1ritas, que ser\u00e1 realizado de 9 a 13 de novembro no Santu\u00e1rio de Nossa Senhora Aparecida, no munic\u00edpio de Aparecida (SP). As pessoas presentes usaram como base as avalia\u00e7\u00f5es geradas nas Caravanas Regionais realizadas este ano.<\/p>\n<p>Pela manh\u00e3, os\/as agentes C\u00e1ritas presentes na caravana refletiram sobre os ac\u00famulos, desafios e estrat\u00e9gias da entidade em cada um dos 12 temas espec\u00edficos do V Congresso Nacional: Povos e popula\u00e7\u00f5es tradicionais na Amaz\u00f4nia; Migra\u00e7\u00f5es e refugiados; Inf\u00e2ncia, adolesc\u00eancia e juventudes; Mudan\u00e7as clim\u00e1ticas e gest\u00e3o de riscos; Mundo urbano; Gest\u00e3o de res\u00edduos (\u00eanfase em catadores); Conviv\u00eancia com o Semi\u00e1rido; Economia Solid\u00e1ria; Mulheres e equidade de g\u00eanero; Seguran\u00e7a Alimentar e Nutricional; Voluntariado; Forma\u00e7\u00e3o na rede. No texto consolidado em cada um dos 12 grupos tem\u00e1ticos formados para o trabalho, foram integradas as contribui\u00e7\u00f5es dos cinco inter-regionais da C\u00e1ritas.<\/p>\n<p>No dia 29, os tr\u00eas grupos formados para as atividades da tarde anterior voltaram a se reunir, desta vez para avaliar as refer\u00eancias estrat\u00e9gicas da C\u00e1ritas Brasileira. Assim, houve reflex\u00e3o sobre a miss\u00e3o da C\u00e1ritas, seus princ\u00edpios, a diretriz geral e as tr\u00eas prioridades institucionais citadas acima, momento em que foram recolhidas tamb\u00e9m propostas de altera\u00e7\u00e3o do conte\u00fado ou mesmo de uma reorganiza\u00e7\u00e3o dos prop\u00f3sitos e valores da entidade. Da mesma forma que no dia anterior, os grupos se utilizaram das s\u00ednteses elaboradas pelos inter-regionais a partir das discuss\u00f5es produzidas nas caravanas de prepara\u00e7\u00e3o ao V Congresso Nacional.<\/p>\n<p><em>Por Jeronimo Calorio e Luciano Gallas \/ Assessoria Nacional de Comunica\u00e7\u00e3o<\/em><br \/>\n<em>Fotos: Jeronimo Calorio<\/em><\/p>\n<ul class=\"ssb_list_wrapper\"><li class=\"fb2\" style=\"width:135px\"><iframe src=\"\/\/www.facebook.com\/plugins\/like.php?href=https%3A%2F%2Fwww.caritasne2.org.br%2Fsite%2Fagentes-avaliam-prioridades-estrategias-valores-da-caritas%2F&amp;layout=button_count&amp;action=like&amp;show_faces=false&amp;share=true&amp;width=135&amp;height=21&amp;appId=307091639398582\" scrolling=\"no\" frameborder=\"0\" style=\"border:none; overflow:hidden;  width:150px; height:21px;\" allowTransparency=\"true\"><\/iframe><\/li><li class=\"twtr\" style=\"width:90px\"><a href=\"https:\/\/twitter.com\/share\" class=\"twitter-share-button\" data-url=\"https:\/\/www.caritasne2.org.br\/site\/agentes-avaliam-prioridades-estrategias-valores-da-caritas\/\">&nbsp;<\/a><script>!function(d,s,id){var js,fjs=d.getElementsByTagName(s)[0],p=\/^http:\/.test(d.location)?'http':'https';if(!d.getElementById(id)){js=d.createElement(s);js.id=id;js.src=p+':\/\/platform.twitter.com\/widgets.js';fjs.parentNode.insertBefore(js,fjs);}}(document, 'script', 'twitter-wjs');<\/script><\/li><li class=\"gplus\" style=\"width:68px\"><div class=\"g-plusone\" data-size=\"medium\" data-href=\"https:\/\/www.caritasne2.org.br\/site\/agentes-avaliam-prioridades-estrategias-valores-da-caritas\/\"><\/div><\/li><li class=\"ssb_linkedin\" style=\"width:64px\"><script src=\"\/\/platform.linkedin.com\/in.js\" type=\"text\/javascript\">lang: en_US<\/script><script type=\"IN\/Share\" data-url=\"https:\/\/www.caritasne2.org.br\/site\/agentes-avaliam-prioridades-estrategias-valores-da-caritas\/\" data-counter=\"right\"><\/script><\/li><\/ul>","protected":false},"excerpt":{"rendered":"<p>Agentes presentes na Caravana Nacional da C\u00e1ritas Brasileira avaliaram as a\u00e7\u00f5es da entidade no quadri\u00eanio 2012-2015, na tarde do dia 28 de setembro. Os integrantes da Rede C\u00e1ritas fizeram um balan\u00e7o das a\u00e7\u00f5es realizadas e dos resultados alcan\u00e7ados a partir das tr\u00eas prioridades definidas para o per\u00edodo, analisando tamb\u00e9m as dificuldades e desafios impostos ao trabalho. Para a atividade, foram formados tr\u00eas grupos com representa\u00e7\u00e3o [&hellip;]<\/p>\n<ul class=\"ssb_list_wrapper\"><li class=\"fb2\" style=\"width:135px\"><iframe src=\"\/\/www.facebook.com\/plugins\/like.php?href=https%3A%2F%2Fwww.caritasne2.org.br%2Fsite%2Fagentes-avaliam-prioridades-estrategias-valores-da-caritas%2F&amp;layout=button_count&amp;action=like&amp;show_faces=false&amp;share=true&amp;width=135&amp;height=21&amp;appId=307091639398582\" scrolling=\"no\" frameborder=\"0\" style=\"border:none; overflow:hidden;  width:150px; height:21px;\" allowTransparency=\"true\"><\/iframe><\/li><li class=\"twtr\" style=\"width:90px\"><a href=\"https:\/\/twitter.com\/share\" class=\"twitter-share-button\" data-url=\"https:\/\/www.caritasne2.org.br\/site\/agentes-avaliam-prioridades-estrategias-valores-da-caritas\/\">&nbsp;<\/a><script>!function(d,s,id){var js,fjs=d.getElementsByTagName(s)[0],p=\/^http:\/.test(d.location)?'http':'https';if(!d.getElementById(id)){js=d.createElement(s);js.id=id;js.src=p+':\/\/platform.twitter.com\/widgets.js';fjs.parentNode.insertBefore(js,fjs);}}(document, 'script', 'twitter-wjs');<\/script><\/li><li class=\"gplus\" style=\"width:68px\"><div class=\"g-plusone\" data-size=\"medium\" data-href=\"https:\/\/www.caritasne2.org.br\/site\/agentes-avaliam-prioridades-estrategias-valores-da-caritas\/\"><\/div><\/li><li class=\"ssb_linkedin\" style=\"width:64px\"><script src=\"\/\/platform.linkedin.com\/in.js\" type=\"text\/javascript\">lang: en_US<\/script><script type=\"IN\/Share\" data-url=\"https:\/\/www.caritasne2.org.br\/site\/agentes-avaliam-prioridades-estrategias-valores-da-caritas\/\" data-counter=\"right\"><\/script><\/li><\/ul>","protected":false},"author":4,"featured_media":3619,"comment_status":"open","ping_status":"open","sticky":false,"template":"","format":"standard","meta":[],"categories":[774,20],"tags":[785,811,46,67,813,814,815],"_links":{"self":[{"href":"https:\/\/www.caritasne2.org.br\/site\/wp-json\/wp\/v2\/posts\/3618"}],"collection":[{"href":"https:\/\/www.caritasne2.org.br\/site\/wp-json\/wp\/v2\/posts"}],"about":[{"href":"https:\/\/www.caritasne2.org.br\/site\/wp-json\/wp\/v2\/types\/post"}],"author":[{"embeddable":true,"href":"https:\/\/www.caritasne2.org.br\/site\/wp-json\/wp\/v2\/users\/4"}],"replies":[{"embeddable":true,"href":"https:\/\/www.caritasne2.org.br\/site\/wp-json\/wp\/v2\/comments?post=3618"}],"version-history":[{"count":0,"href":"https:\/\/www.caritasne2.org.br\/site\/wp-json\/wp\/v2\/posts\/3618\/revisions"}],"wp:featuredmedia":[{"embeddable":true,"href":"https:\/\/www.caritasne2.org.br\/site\/wp-json\/"}],"wp:attachment":[{"href":"https:\/\/www.caritasne2.org.br\/site\/wp-json\/wp\/v2\/media?parent=3618"}],"wp:term":[{"taxonomy":"category","embeddable":true,"href":"https:\/\/www.caritasne2.org.br\/site\/wp-json\/wp\/v2\/categories?post=3618"},{"taxonomy":"post_tag","embeddable":true,"href":"https:\/\/www.caritasne2.org.br\/site\/wp-json\/wp\/v2\/tags?post=3618"}],"curies":[{"name":"wp","href":"https:\/\/api.w.org\/{rel}","templated":true}]}}