{"id":3612,"date":"2016-10-06T11:51:35","date_gmt":"2016-10-06T14:51:35","guid":{"rendered":"http:\/\/ne2.caritas.org.br.s174889.gridserver.com\/?p=3612"},"modified":"2017-07-11T15:17:30","modified_gmt":"2017-07-11T18:17:30","slug":"fe-reflexao-critica-presentes-na-caravana-nacional-da-caritas","status":"publish","type":"post","link":"https:\/\/www.caritasne2.org.br\/site\/fe-reflexao-critica-presentes-na-caravana-nacional-da-caritas\/","title":{"rendered":"F\u00e9 e reflex\u00e3o cr\u00edtica presentes na caravana nacional da C\u00e1ritas"},"content":{"rendered":"<p>A Caravana Nacional da C\u00e1ritas Brasileira, realizada nos dias 27 e 28 de setembro, em Bras\u00edlia (DF), foi envolvida pela presen\u00e7a da imagem peregrina de Nossa Senhora Aparecida e marcada pelo resgate da mem\u00f3ria de prepara\u00e7\u00e3o ao V Congresso Nacional, a ser realizado de 9 a 13 de novembro deste ano no Santu\u00e1rio de Aparecida, em S\u00e3o Paulo. Durante a m\u00edstica de abertura, agentes C\u00e1ritas presentes formaram um c\u00edrculo em torno da imagem da santa para celebrar e lembrar. Depois, formaram grupos de acordo com seus inter-regionais de origem. Em seguida, sa\u00edram em breve prociss\u00e3o at\u00e9 a sala onde seria realizada a an\u00e1lise de conjuntura socioecon\u00f4mica, pol\u00edtica, cultural e eclesial, organizada a partir dos relatos constru\u00eddos nas caravanas inter-regionais. As boas vindas ao grupo foram dadas pela irm\u00e3 Lourdes Staudt Dill, vice-presidente da C\u00e1ritas, e por Luiz Cl\u00e1udio Mandela, diretor-executivo nacional da entidade.<\/p>\n<p>Na ampla an\u00e1lise de conjuntura, a representa\u00e7\u00e3o do Inter-Regional Centro-Oeste \u2014 formado pelas articula\u00e7\u00f5es Norte 3 e Centro-Oeste \u2014 trouxe de seu encontro regional a reflex\u00e3o de que \u00e9 preciso primeiro fortalecer as entidades-membros e as pr\u00f3prias articula\u00e7\u00f5es para que sejam criadas ent\u00e3o as condi\u00e7\u00f5es para a forma\u00e7\u00e3o de um regional com atua\u00e7\u00e3o estruturada. Na avalia\u00e7\u00e3o sobre o atual momento do pa\u00eds, agentes C\u00e1ritas do Centro-Oeste ressaltaram que as decis\u00f5es pol\u00edticas est\u00e3o sendo impostas sem a participa\u00e7\u00e3o popular e que h\u00e1 aumento da viol\u00eancia praticada contra as juventudes e os povos ind\u00edgenas. Tamb\u00e9m lembraram que n\u00e3o h\u00e1 no momento um projeto popular para o Brasil e que \u00e9 fundamental que se supere a \u201cpequena pol\u00edtica para avan\u00e7ar na manuten\u00e7\u00e3o e conquista de direitos.<\/p>\n<p>A representa\u00e7\u00e3o do Inter-Regional Norte, por sua vez, trouxe uma imagem de Nossa Senhora da Amaz\u00f4nia para fazer companhia a Nossa Senhora Aparecida e refor\u00e7ou a avalia\u00e7\u00e3o de que o per\u00edodo em que Luiz In\u00e1cio Lula da Silva ocupou a Presid\u00eancia do Brasil coincidiu com a diminui\u00e7\u00e3o da influ\u00eancia dos Estados Unidos sobre a Am\u00e9rica Latina. Foi a partir da chegada ao poder em v\u00e1rios dos pa\u00edses latino-americanos de partidos que, uns mais e outros menos, tinham em sua base um legado popular e progressista, que as for\u00e7as estadunidenses que almejam manter o poder econ\u00f4mico e pol\u00edtico sobre o mundo passaram a articular o golpe no Brasil, junto a grupos pol\u00edticos e econ\u00f4micos locais.<\/p>\n<p>A caravana do Norte tamb\u00e9m apontou que uma maior mobiliza\u00e7\u00e3o das for\u00e7as populares no Brasil s\u00f3 se concretizou ap\u00f3s a instala\u00e7\u00e3o efetiva do golpe. Enfatizou, ainda, que h\u00e1 atualmente a incid\u00eancia de um forte discurso de \u00f3dio e criminaliza\u00e7\u00e3o contra os jovens das periferias e os pobres, e que o impacto do modelo de desenvolvimento vigente imp\u00f5e destrui\u00e7\u00e3o e morte aos povos da Amaz\u00f4nia. Em contrapartida, as for\u00e7as populares t\u00eam poder de rea\u00e7\u00e3o e devem se articular para informar corretamente \u00e0 popula\u00e7\u00e3o sobre o que est\u00e1 ocorrendo, para incentivar o debate sobre isso e para disputar o futuro do pa\u00eds com as for\u00e7as conservadoras.<\/p>\n<p>Acomoda\u00e7\u00e3o e luta de classes<\/p>\n<p>A apresenta\u00e7\u00e3o da an\u00e1lise de conjuntura constru\u00edda pela caravana do Inter-Regional Sul, em seguida, come\u00e7ou com um enf\u00e1tico \u201cFora, Temer!\u201d. As C\u00e1ritas reunidas no encontro inter-regional enfatizaram que a caracter\u00edstica de concilia\u00e7\u00e3o presente em todo o governo Lula motivou a acomoda\u00e7\u00e3o dos movimentos sociais e deixaram claro o equ\u00edvoco desta situa\u00e7\u00e3o, porque \u201cn\u00e3o h\u00e1 concilia\u00e7\u00e3o poss\u00edvel na luta de classes\u201d. A representa\u00e7\u00e3o do Sul lembrou, por outro lado, que \u00e9 preciso e necess\u00e1rio que se busque nossa identidade latino-americana neste \u201cmomento cr\u00edtico do ataque das elites aos pobres e aos direitos\u201d, porque h\u00e1 elei\u00e7\u00f5es municipais em disputa no Brasil este ano e porque o golpe praticado no Brasil foi imposto anteriormente a outros pa\u00edses das Am\u00e9ricas Central e do Sul.<\/p>\n<p>O encontro do Inter-Regional Sul destacou ainda que \u00e9 preciso retomar as a\u00e7\u00f5es de forma\u00e7\u00e3o pol\u00edtica e que o m\u00e9todo adotado na a\u00e7\u00e3o do Papa Francisco, de \u201cgesto, fala, toque e testemunho\u201d, deve servir de horizonte tamb\u00e9m \u00e0s a\u00e7\u00f5es dos agentes C\u00e1ritas. Por fim, foram lembradas as palavras de esperan\u00e7a de dom Helder Camara: \u201cMariama\u2026 a marcha final vai ser linda de viver\u201d e pontuado de que devemos todos e todas nos pautar pelas boas not\u00edcias que v\u00eam das comunidades, especialmente a resist\u00eancia her\u00f3ica dos povos ind\u00edgenas.<\/p>\n<p>J\u00e1 o Inter-Regional Sudeste ponderou que, no momento de seu encontro, havia ainda uma perspectiva de esperan\u00e7a, pois o processo de impeachment deflagrado contra a presidenta Dilma Rousseff n\u00e3o estava conclu\u00eddo. Ainda assim, a an\u00e1lise de conjuntura do encontro denunciou a s\u00e9rie de crises que afetam o Brasil. Uma delas \u00e9 a crise ambiental, impactada pelas mudan\u00e7as clim\u00e1ticas; pela privatiza\u00e7\u00e3o dos recursos naturais; pelo crime ocorrido na cidade de Mariana, em Minas Gerais \u2014 causado pelo rompimento da barragem de rejeitos de minera\u00e7\u00e3o administrada pela empresa Samarco, controlada pelas companhias Vale e BHP Billiton \u2013; pelas consequ\u00eancias do agroneg\u00f3cio e da chamada economia verde; pelo modelo energ\u00e9tico baseado na explora\u00e7\u00e3o do petr\u00f3leo e na constru\u00e7\u00e3o de usinas nucleares e hidrel\u00e9tricas; e pela explora\u00e7\u00e3o desenfreada da \u00e1gua e da terra.<\/p>\n<p>Mas o encontro tamb\u00e9m pontuou as crises social, pol\u00edtica, econ\u00f4mica e dos valores humanos. Esta \u00faltima, presente na viol\u00eancia, no preconceito e no \u00f3dio, direcionado principalmente aos pobres e \u00e0 popula\u00e7\u00e3o das periferias. A caravana inter-regional igualmente lembrou que o julgamento do governo Dilma Rousseff foi pol\u00edtico e n\u00e3o jur\u00eddico, porque n\u00e3o houve crime de responsabilidade praticado por ela \u2014 o que contraria a Constitui\u00e7\u00e3o Federal e configura o golpe praticado no Brasil \u2013, e que n\u00e3o \u00e9 poss\u00edvel conciliar o interesse econ\u00f4mico privado e os investimentos sociais. Por isso, a C\u00e1ritas defende um modelo de desenvolvimento sustent\u00e1vel, solid\u00e1rio e territorial.<\/p>\n<p>Por fim, houve o relato da an\u00e1lise de conjuntura do Inter-Regional Nordeste, realizado no final de agosto, justamente no momento em que o impeachment era julgado no Senado Federal. A representa\u00e7\u00e3o do inter-regional ponderou que, at\u00e9 a d\u00e9cada de 1950, o Nordeste n\u00e3o era percebido pelo restante do pa\u00eds, o que passou a mudar a partir dos anos 1980. A inclus\u00e3o da popula\u00e7\u00e3o nordestina nas pol\u00edticas p\u00fablicas s\u00f3 ganharia impulso nos governos Lula e Dilma. Entretanto, n\u00e3o houve mudan\u00e7as nas estruturas pol\u00edtica e econ\u00f4mica. De qualquer forma, a reflex\u00e3o constru\u00edda pelo inter-regional \u00e9 de que o golpe contra a democracia praticado no Brasil representar\u00e1 perdas significativas para o Nordeste. O encontro tamb\u00e9m ressaltou que, mesmo com a presen\u00e7a do Papa Francisco, ainda h\u00e1 setores da Igreja que adotam uma postura acomodada diante da pobreza. Por outro lado, h\u00e1 setores que agem diante dos desafios enfrentados, entre os quais a C\u00e1ritas \u2014 \u201cque faz o que faz por ser Igreja\u201d. Nesta perspectiva, C\u00e1ritas e pastorais devem agir de forma coordenada, para que n\u00e3o haja sobrecarga de trabalho, mas tamb\u00e9m para que n\u00e3o haja sobreposi\u00e7\u00e3o de tarefas.<\/p>\n<p>Pastoralidade e transforma\u00e7\u00e3o social<\/p>\n<p>Ap\u00f3s o relato da an\u00e1lise de conjuntura por parte dos inter-regionais, foi aberto espa\u00e7o na programa\u00e7\u00e3o da caravana nacional para a manifesta\u00e7\u00e3o da coordena\u00e7\u00e3o da C\u00e1ritas, representada por Mandela, e da pastora Nancy Cardoso Pereira, co-respons\u00e1vel pela autoria do texto de refer\u00eancia do V Congresso Nacional da C\u00e1ritas Brasileira. Ali\u00e1s, Mandela iniciou sua fala citando a colabora\u00e7\u00e3o de Nancy para as reflex\u00f5es realizadas pela Rede C\u00e1ritas neste ano de celebra\u00e7\u00e3o dos 60 anos da entidade, pois \u00e9 dela a afirma\u00e7\u00e3o de que \u201cpastoralidade sem transforma\u00e7\u00e3o social n\u00e3o \u00e9 pastoralidade\u201d. Em seguida, Mandela passou a ler uma an\u00e1lise que apontava as elei\u00e7\u00f5es como um poss\u00edvel divisor de \u00e1guas para o Brasil, j\u00e1 que havia uma forte tend\u00eancia de que partidos conservadores assumissem as prefeituras, embora n\u00e3o fosse poss\u00edvel estabelecer grandes distin\u00e7\u00f5es entre as plataformas pol\u00edticas dos partidos, que n\u00e3o apresentavam mudan\u00e7as estruturais em suas propostas, se confundindo em alian\u00e7as difusas Brasil afora. O detalhe \u00e9 que esta an\u00e1lise de conjuntura t\u00e3o atual \u00e9 de mar\u00e7o de 2008, o que demonstra qu\u00e3o pouco mudou o pa\u00eds em termos estruturais desde ent\u00e3o.<\/p>\n<p>O diretor-executivo da C\u00e1ritas tamb\u00e9m lembrou que \u00e9 imprescind\u00edvel que se estabele\u00e7a estrat\u00e9gias de a\u00e7\u00e3o pr\u00f3prias, j\u00e1 que quem n\u00e3o as possui acaba envolvido pelas estrat\u00e9gias dos outros. E lembrou a afirma\u00e7\u00e3o contundente de dom Helder: \u201cquando alimentei os pobres, chamaram-me de santo. Mas, quando perguntei porque havia pobres, chamaram-me de comunista\u201d. \u201cCinco inter-regionais nos desafiaram nesta perspectiva. N\u00e3o \u00e9 poss\u00edvel voltar aos anos 1960 ou 1980, para a organiza\u00e7\u00e3o de base de ent\u00e3o. Mas temos que refletir sobre qual \u00e9 o trabalho de base necess\u00e1rio hoje. Sempre falamos que precisamos articular parcerias, que precisamos desenvolver trabalhos em rede. Entretanto, quando n\u00e3o temos estrat\u00e9gia, acabamos por apenas seguir com os outros. Precisamos estabelecer como queremos fazer a transforma\u00e7\u00e3o social a partir do nosso testemunho de pastoralidade\u201d, enfatizou Mandela.<\/p>\n<p>Nancy tomou a palavra seguindo na mesma linha de reflex\u00e3o cr\u00edtica, se questionando sobre o ponto de onde fazemos nossa an\u00e1lise de conjuntura e de viola\u00e7\u00f5es de direitos? Ela ressalta que sa\u00edmos da ditadura militar em dire\u00e7\u00e3o a um processo incompleto de democracia, pois sequer os torturadores do regime repressivo e os agentes que praticaram todo o tipo de viol\u00eancia foram punidos. \u2018Por qu\u00ea?\u201d, perguntou ela. \u201cPorque os limites do Judici\u00e1rio j\u00e1 estavam colocados naquele momento. O mesmo vale para o Poder Executivo. A sociedade brasileira n\u00e3o conseguiu se impor\u201d, explicou. Nancy enfatiza que nossa pol\u00edcia militar \u00e9 outro resqu\u00edcio da ditadura militar, se constituindo em uma \u201cferida aberta\u201d permanente. \u201cA sociedade brasileira sempre foi racista. H\u00e1 um massacre da popula\u00e7\u00e3o negra h\u00e1 500 anos\u201d, ponderou ela, lembrando que esta defici\u00eancia de acesso a direitos e \u00e0 pr\u00f3pria democracia repercute tamb\u00e9m na nossa m\u00eddia autorit\u00e1ria e seletiva. \u201cA pol\u00edcia militar no Brasil age como capit\u00e3o-do-mato. A m\u00eddia tamb\u00e9m\u201d.<\/p>\n<p><em>Por Luciano Gallas \/ Assessoria Nacional de Comunica\u00e7\u00e3o<\/em><\/p>\n<p><em>Fotos: Luciano Gallas<\/em><\/p>\n<ul class=\"ssb_list_wrapper\"><li class=\"fb2\" style=\"width:135px\"><iframe src=\"\/\/www.facebook.com\/plugins\/like.php?href=https%3A%2F%2Fwww.caritasne2.org.br%2Fsite%2Ffe-reflexao-critica-presentes-na-caravana-nacional-da-caritas%2F&amp;layout=button_count&amp;action=like&amp;show_faces=false&amp;share=true&amp;width=135&amp;height=21&amp;appId=307091639398582\" scrolling=\"no\" frameborder=\"0\" style=\"border:none; overflow:hidden;  width:150px; height:21px;\" allowTransparency=\"true\"><\/iframe><\/li><li class=\"twtr\" style=\"width:90px\"><a href=\"https:\/\/twitter.com\/share\" class=\"twitter-share-button\" data-url=\"https:\/\/www.caritasne2.org.br\/site\/fe-reflexao-critica-presentes-na-caravana-nacional-da-caritas\/\">&nbsp;<\/a><script>!function(d,s,id){var js,fjs=d.getElementsByTagName(s)[0],p=\/^http:\/.test(d.location)?'http':'https';if(!d.getElementById(id)){js=d.createElement(s);js.id=id;js.src=p+':\/\/platform.twitter.com\/widgets.js';fjs.parentNode.insertBefore(js,fjs);}}(document, 'script', 'twitter-wjs');<\/script><\/li><li class=\"gplus\" style=\"width:68px\"><div class=\"g-plusone\" data-size=\"medium\" data-href=\"https:\/\/www.caritasne2.org.br\/site\/fe-reflexao-critica-presentes-na-caravana-nacional-da-caritas\/\"><\/div><\/li><li class=\"ssb_linkedin\" style=\"width:64px\"><script src=\"\/\/platform.linkedin.com\/in.js\" type=\"text\/javascript\">lang: en_US<\/script><script type=\"IN\/Share\" data-url=\"https:\/\/www.caritasne2.org.br\/site\/fe-reflexao-critica-presentes-na-caravana-nacional-da-caritas\/\" data-counter=\"right\"><\/script><\/li><\/ul>","protected":false},"excerpt":{"rendered":"<p>A Caravana Nacional da C\u00e1ritas Brasileira, realizada nos dias 27 e 28 de setembro, em Bras\u00edlia (DF), foi envolvida pela presen\u00e7a da imagem peregrina de Nossa Senhora Aparecida e marcada pelo resgate da mem\u00f3ria de prepara\u00e7\u00e3o ao V Congresso Nacional, a ser realizado de 9 a 13 de novembro deste ano no Santu\u00e1rio de Aparecida, em S\u00e3o Paulo. Durante a m\u00edstica de abertura, agentes C\u00e1ritas [&hellip;]<\/p>\n<ul class=\"ssb_list_wrapper\"><li class=\"fb2\" style=\"width:135px\"><iframe src=\"\/\/www.facebook.com\/plugins\/like.php?href=https%3A%2F%2Fwww.caritasne2.org.br%2Fsite%2Ffe-reflexao-critica-presentes-na-caravana-nacional-da-caritas%2F&amp;layout=button_count&amp;action=like&amp;show_faces=false&amp;share=true&amp;width=135&amp;height=21&amp;appId=307091639398582\" scrolling=\"no\" frameborder=\"0\" style=\"border:none; overflow:hidden;  width:150px; height:21px;\" allowTransparency=\"true\"><\/iframe><\/li><li class=\"twtr\" style=\"width:90px\"><a href=\"https:\/\/twitter.com\/share\" class=\"twitter-share-button\" data-url=\"https:\/\/www.caritasne2.org.br\/site\/fe-reflexao-critica-presentes-na-caravana-nacional-da-caritas\/\">&nbsp;<\/a><script>!function(d,s,id){var js,fjs=d.getElementsByTagName(s)[0],p=\/^http:\/.test(d.location)?'http':'https';if(!d.getElementById(id)){js=d.createElement(s);js.id=id;js.src=p+':\/\/platform.twitter.com\/widgets.js';fjs.parentNode.insertBefore(js,fjs);}}(document, 'script', 'twitter-wjs');<\/script><\/li><li class=\"gplus\" style=\"width:68px\"><div class=\"g-plusone\" data-size=\"medium\" data-href=\"https:\/\/www.caritasne2.org.br\/site\/fe-reflexao-critica-presentes-na-caravana-nacional-da-caritas\/\"><\/div><\/li><li class=\"ssb_linkedin\" style=\"width:64px\"><script src=\"\/\/platform.linkedin.com\/in.js\" type=\"text\/javascript\">lang: en_US<\/script><script type=\"IN\/Share\" data-url=\"https:\/\/www.caritasne2.org.br\/site\/fe-reflexao-critica-presentes-na-caravana-nacional-da-caritas\/\" data-counter=\"right\"><\/script><\/li><\/ul>","protected":false},"author":4,"featured_media":3613,"comment_status":"open","ping_status":"open","sticky":false,"template":"","format":"standard","meta":[],"categories":[774,20],"tags":[46,67,797],"_links":{"self":[{"href":"https:\/\/www.caritasne2.org.br\/site\/wp-json\/wp\/v2\/posts\/3612"}],"collection":[{"href":"https:\/\/www.caritasne2.org.br\/site\/wp-json\/wp\/v2\/posts"}],"about":[{"href":"https:\/\/www.caritasne2.org.br\/site\/wp-json\/wp\/v2\/types\/post"}],"author":[{"embeddable":true,"href":"https:\/\/www.caritasne2.org.br\/site\/wp-json\/wp\/v2\/users\/4"}],"replies":[{"embeddable":true,"href":"https:\/\/www.caritasne2.org.br\/site\/wp-json\/wp\/v2\/comments?post=3612"}],"version-history":[{"count":0,"href":"https:\/\/www.caritasne2.org.br\/site\/wp-json\/wp\/v2\/posts\/3612\/revisions"}],"wp:featuredmedia":[{"embeddable":true,"href":"https:\/\/www.caritasne2.org.br\/site\/wp-json\/"}],"wp:attachment":[{"href":"https:\/\/www.caritasne2.org.br\/site\/wp-json\/wp\/v2\/media?parent=3612"}],"wp:term":[{"taxonomy":"category","embeddable":true,"href":"https:\/\/www.caritasne2.org.br\/site\/wp-json\/wp\/v2\/categories?post=3612"},{"taxonomy":"post_tag","embeddable":true,"href":"https:\/\/www.caritasne2.org.br\/site\/wp-json\/wp\/v2\/tags?post=3612"}],"curies":[{"name":"wp","href":"https:\/\/api.w.org\/{rel}","templated":true}]}}