{"id":3606,"date":"2016-09-20T10:48:31","date_gmt":"2016-09-20T13:48:31","guid":{"rendered":"http:\/\/ne2.caritas.org.br.s174889.gridserver.com\/?p=3606"},"modified":"2017-07-11T15:17:45","modified_gmt":"2017-07-11T18:17:45","slug":"campanha-arrecada-brinquedos-para-criancas-da-diocese-de-pesqueira","status":"publish","type":"post","link":"https:\/\/www.caritasne2.org.br\/site\/campanha-arrecada-brinquedos-para-criancas-da-diocese-de-pesqueira\/","title":{"rendered":"Campanha arrecada brinquedos para crian\u00e7as da diocese de Pesqueira"},"content":{"rendered":"<p>Pelo quinto ano consecutivo, a C\u00e1ritas Diocesana de Pesqueira realiza<a href=\"http:\/\/ne2.caritas.org.br.s174889.gridserver.com\/wp-content\/uploads\/2016\/09\/campanha_brinquedo-2.jpg\"><img decoding=\"async\" loading=\"lazy\" class=\"alignright size-medium wp-image-3607\" title=\"campanha_brinquedo 2\" src=\"http:\/\/ne2.caritas.org.br.s174889.gridserver.com\/wp-content\/uploads\/2016\/09\/campanha_brinquedo-2-300x291.jpg\" alt=\"\" width=\"300\" height=\"291\" \/><\/a> a Campanha do Brinquedo, que traz o tema \u201cCrian\u00e7a Crescendo Feliz\u201d. A mobiliza\u00e7\u00e3o iniciou no \u00faltimo dia 13 e segue at\u00e9 o dia 06 de outubro.<\/p>\n<p>O objetivo da campanha \u00e9 levar alegria \u00e0s crian\u00e7as carentes, transformando um dia das crian\u00e7as em um espa\u00e7o educativo de constru\u00e7\u00e3o de um mundo mais solid\u00e1rio. E para isto, \u00e9 preciso a colabora\u00e7\u00e3o da sociedade.<\/p>\n<p>Em 2014, a C\u00e1ritas Diocesana teve a oportunidade de levar essa alegria \u00e0s crian\u00e7as da comunidade Sete Barracas, localizada na cidade de Pesqueira, cerca de 80 crian\u00e7as receberam n\u00e3o apenas os presentes, mas tamb\u00e9m uma festa com pula-pula, brincadeiras, palha\u00e7os e guloseimas. J\u00e1 em 2015, a culmin\u00e2ncia ocorreu no Bairro Santo Ant\u00f4nio, um lugar perif\u00e9rico da cidade de Pesqueira.<\/p>\n<p>E este ano, os agentes da C\u00e1ritas Diocesana est\u00e3o pensando em realizar um dia festivo para as crian\u00e7as dos Quilombolas Nego do Osso, um lugar humilde e que precisa receber uma aten\u00e7\u00e3o especial. Dessa vez, a mobiliza\u00e7\u00e3o na cidade de Pesqueira ganhou mais for\u00e7a e parceiros, gra\u00e7as a C\u00e1ritas Inter Paroquial (ainda em processo de forma\u00e7\u00e3o), onde as par\u00f3quias do munic\u00edpio ir\u00e3o abra\u00e7ar essa causa. Tamb\u00e9m \u00e9 importante dizer que algumas escolas tamb\u00e9m est\u00e3o engajadas neste movimento.<\/p>\n<p>Confira os pontos de arrecada\u00e7\u00e3o:<\/p>\n<p>\u2022 Sede C\u00e1ritas Diocesana de Pesqueira;<\/p>\n<p>\u2022 Catedral de Santa \u00c1gueda;<\/p>\n<p>\u2022 Capela do Hospital;<\/p>\n<p>\u2022 \u00c1rea Pastoral Nossa Senhora do Carmo (Vila An\u00e1polis);<\/p>\n<p>\u2022 Par\u00f3quia Cristo Rei;<\/p>\n<p>\u2022 Convento dos Franciscanos;<\/p>\n<p>\u2022 Col\u00e9gio Santa Dorot\u00e9ia;<\/p>\n<p>\u2022 Col\u00e9gio Ideal;<\/p>\n<p>\u2022 Col\u00e9gio e Curso Nossa Senhora das Gra\u00e7as (CENSG).<\/p>\n<p>Fora isto, as C\u00e1ritas Paroquiais e Inter Paroquiais dos demais munic\u00edpios tamb\u00e9m ir\u00e3o realizar essa campanha em seus respectivos espa\u00e7os.<\/p>\n<p><em>Por Rosanny Barreto \/ C\u00e1ritas Diocesana de Pesqueira<\/em><\/p>\n<ul class=\"ssb_list_wrapper\"><li class=\"fb2\" style=\"width:135px\"><iframe src=\"\/\/www.facebook.com\/plugins\/like.php?href=https%3A%2F%2Fwww.caritasne2.org.br%2Fsite%2Fcampanha-arrecada-brinquedos-para-criancas-da-diocese-de-pesqueira%2F&amp;layout=button_count&amp;action=like&amp;show_faces=false&amp;share=true&amp;width=135&amp;height=21&amp;appId=307091639398582\" scrolling=\"no\" frameborder=\"0\" style=\"border:none; overflow:hidden;  width:150px; height:21px;\" allowTransparency=\"true\"><\/iframe><\/li><li class=\"twtr\" style=\"width:90px\"><a href=\"https:\/\/twitter.com\/share\" class=\"twitter-share-button\" data-url=\"https:\/\/www.caritasne2.org.br\/site\/campanha-arrecada-brinquedos-para-criancas-da-diocese-de-pesqueira\/\">&nbsp;<\/a><script>!function(d,s,id){var js,fjs=d.getElementsByTagName(s)[0],p=\/^http:\/.test(d.location)?'http':'https';if(!d.getElementById(id)){js=d.createElement(s);js.id=id;js.src=p+':\/\/platform.twitter.com\/widgets.js';fjs.parentNode.insertBefore(js,fjs);}}(document, 'script', 'twitter-wjs');<\/script><\/li><li class=\"gplus\" style=\"width:68px\"><div class=\"g-plusone\" data-size=\"medium\" data-href=\"https:\/\/www.caritasne2.org.br\/site\/campanha-arrecada-brinquedos-para-criancas-da-diocese-de-pesqueira\/\"><\/div><\/li><li class=\"ssb_linkedin\" style=\"width:64px\"><script src=\"\/\/platform.linkedin.com\/in.js\" type=\"text\/javascript\">lang: en_US<\/script><script type=\"IN\/Share\" data-url=\"https:\/\/www.caritasne2.org.br\/site\/campanha-arrecada-brinquedos-para-criancas-da-diocese-de-pesqueira\/\" data-counter=\"right\"><\/script><\/li><\/ul>","protected":false},"excerpt":{"rendered":"<p>Pelo quinto ano consecutivo, a C\u00e1ritas Diocesana de Pesqueira realiza a Campanha do Brinquedo, que traz o tema \u201cCrian\u00e7a Crescendo Feliz\u201d. A mobiliza\u00e7\u00e3o iniciou no \u00faltimo dia 13 e segue at\u00e9 o dia 06 de outubro. O objetivo da campanha \u00e9 levar alegria \u00e0s crian\u00e7as carentes, transformando um dia das crian\u00e7as em um espa\u00e7o educativo de constru\u00e7\u00e3o de um mundo mais solid\u00e1rio. E para isto, [&hellip;]<\/p>\n<ul class=\"ssb_list_wrapper\"><li class=\"fb2\" style=\"width:135px\"><iframe src=\"\/\/www.facebook.com\/plugins\/like.php?href=https%3A%2F%2Fwww.caritasne2.org.br%2Fsite%2Fcampanha-arrecada-brinquedos-para-criancas-da-diocese-de-pesqueira%2F&amp;layout=button_count&amp;action=like&amp;show_faces=false&amp;share=true&amp;width=135&amp;height=21&amp;appId=307091639398582\" scrolling=\"no\" frameborder=\"0\" style=\"border:none; overflow:hidden;  width:150px; height:21px;\" allowTransparency=\"true\"><\/iframe><\/li><li class=\"twtr\" style=\"width:90px\"><a href=\"https:\/\/twitter.com\/share\" class=\"twitter-share-button\" data-url=\"https:\/\/www.caritasne2.org.br\/site\/campanha-arrecada-brinquedos-para-criancas-da-diocese-de-pesqueira\/\">&nbsp;<\/a><script>!function(d,s,id){var js,fjs=d.getElementsByTagName(s)[0],p=\/^http:\/.test(d.location)?'http':'https';if(!d.getElementById(id)){js=d.createElement(s);js.id=id;js.src=p+':\/\/platform.twitter.com\/widgets.js';fjs.parentNode.insertBefore(js,fjs);}}(document, 'script', 'twitter-wjs');<\/script><\/li><li class=\"gplus\" style=\"width:68px\"><div class=\"g-plusone\" data-size=\"medium\" data-href=\"https:\/\/www.caritasne2.org.br\/site\/campanha-arrecada-brinquedos-para-criancas-da-diocese-de-pesqueira\/\"><\/div><\/li><li class=\"ssb_linkedin\" style=\"width:64px\"><script src=\"\/\/platform.linkedin.com\/in.js\" type=\"text\/javascript\">lang: en_US<\/script><script type=\"IN\/Share\" data-url=\"https:\/\/www.caritasne2.org.br\/site\/campanha-arrecada-brinquedos-para-criancas-da-diocese-de-pesqueira\/\" data-counter=\"right\"><\/script><\/li><\/ul>","protected":false},"author":4,"featured_media":3608,"comment_status":"open","ping_status":"open","sticky":false,"template":"","format":"standard","meta":[],"categories":[806,20],"tags":[92,268,807],"_links":{"self":[{"href":"https:\/\/www.caritasne2.org.br\/site\/wp-json\/wp\/v2\/posts\/3606"}],"collection":[{"href":"https:\/\/www.caritasne2.org.br\/site\/wp-json\/wp\/v2\/posts"}],"about":[{"href":"https:\/\/www.caritasne2.org.br\/site\/wp-json\/wp\/v2\/types\/post"}],"author":[{"embeddable":true,"href":"https:\/\/www.caritasne2.org.br\/site\/wp-json\/wp\/v2\/users\/4"}],"replies":[{"embeddable":true,"href":"https:\/\/www.caritasne2.org.br\/site\/wp-json\/wp\/v2\/comments?post=3606"}],"version-history":[{"count":0,"href":"https:\/\/www.caritasne2.org.br\/site\/wp-json\/wp\/v2\/posts\/3606\/revisions"}],"wp:featuredmedia":[{"embeddable":true,"href":"https:\/\/www.caritasne2.org.br\/site\/wp-json\/"}],"wp:attachment":[{"href":"https:\/\/www.caritasne2.org.br\/site\/wp-json\/wp\/v2\/media?parent=3606"}],"wp:term":[{"taxonomy":"category","embeddable":true,"href":"https:\/\/www.caritasne2.org.br\/site\/wp-json\/wp\/v2\/categories?post=3606"},{"taxonomy":"post_tag","embeddable":true,"href":"https:\/\/www.caritasne2.org.br\/site\/wp-json\/wp\/v2\/tags?post=3606"}],"curies":[{"name":"wp","href":"https:\/\/api.w.org\/{rel}","templated":true}]}}