{"id":3584,"date":"2016-09-02T10:24:12","date_gmt":"2016-09-02T13:24:12","guid":{"rendered":"http:\/\/ne2.caritas.org.br.s174889.gridserver.com\/?p=3584"},"modified":"2017-07-11T15:17:46","modified_gmt":"2017-07-11T18:17:46","slug":"inter-nordeste-reune-cinco-regionais-da-caritas-em-salvador","status":"publish","type":"post","link":"https:\/\/www.caritasne2.org.br\/site\/inter-nordeste-reune-cinco-regionais-da-caritas-em-salvador\/","title":{"rendered":"Inter Nordeste re\u00fane cinco regionais da C\u00e1ritas em Salvador"},"content":{"rendered":"<p>De 25 a 27 de agosto, ocorreu nas terras da Bahia o Inter Nordeste 2016, evento que reuniu representa\u00e7\u00f5es das C\u00e1ritas Regionais (Cear\u00e1, Piau\u00ed, Maranh\u00e3o, Nordeste 2 \u2013 Alagoas, Para\u00edba, Pernambuco, Rio Grande do Norte e Nordeste 3 \u2013 Bahia e Sergipe) do Nordeste e da diretoria nacional. O Inter \u00e9 mais uma etapa preparat\u00f3ria para a constru\u00e7\u00e3o do V Congresso Nacional da C\u00e1ritas Brasileira e foi marcado por reflex\u00f5es, viv\u00eancias e interc\u00e2mbios.<\/p>\n<p>A acolhida foi embalada pela m\u00edstica da presen\u00e7a da imagem da santa peregrina, Nossa Senhora Aparecida, e a express\u00e3o da nossa raiz, voz e identidade negra (nas dores da opress\u00e3o e na resist\u00eancia pela vida e justi\u00e7a) pelos versos do grupo \u00c1gape, da periferia de Salvador. Dando continuidade, foi feito um momento de di\u00e1logo a partir das falas do professor da UFBA, Nelson Oliveira, sobre as transforma\u00e7\u00f5es do Nordeste no \u00faltimo s\u00e9culo e as incertezas que se apresentam para a nossa regi\u00e3o nesse momento de redefini\u00e7\u00f5es pol\u00edticas, e de Regilv\u00e2nia Mateus, da C\u00e1ritas Cear\u00e1, sobre as marcas e os desafios da conjuntura eclesial nordestina.<\/p>\n<p>O encerramento do dia foi com a experi\u00eancia na Comunidade ecum\u00eanica da Trindade, que acolhe moradores de rua e os ajudam a recuperar a sua identidade e autoestima. Os(as) participantes do Inter celebraram junto com essa comunidade, ouviram depoimentos de moradores de rua e partilharam o alimento. O sentimento coletivo foi de que a \u201cTrindade \u00e9 um ponto de luz e de apoio para os(a) que t\u00eam fome de p\u00e3o e sede de justi\u00e7a\u201d.<\/p>\n<p>Envolvidos(as) nas lembran\u00e7as renovadoras das viv\u00eancias na Comunidade da Trindade, os(as) participantes come\u00e7aram o dia 26 com a apresenta\u00e7\u00e3o de Mandela, atual diretor executivo da C\u00e1ritas Brasileira, sobre o Marco Estrat\u00e9gico da C\u00e1ritas Internacional e a sua rela\u00e7\u00e3o com a tem\u00e1tica central do V Congresso da C\u00e1ritas Brasileira \u2013 \u201cPastoralidade e transforma\u00e7\u00e3o social\u201d. Ele falou sobre a import\u00e2ncia de tentar fazer esse alinhamento entre as prioridades estrat\u00e9gicas da C\u00e1ritas em \u00e2mbito internacional e nacional, considerando que as prioridades institucionais da C\u00e1ritas Brasileira est\u00e3o em processo de reavalia\u00e7\u00e3o para os pr\u00f3ximos cinco anos.<\/p>\n<p>Dando continuidade ao evento, os(as) representantes de cada Regional se dividiram em grupos para aprofundar o debate das tem\u00e1ticas (juventudes, economia popular solid\u00e1ria, conviv\u00eancia com o semi\u00e1rido e rela\u00e7\u00f5es de g\u00eanero) selecionadas nas caravanas regionais. As reflex\u00f5es foram socializadas na plen\u00e1ria e ser\u00e3o sistematizadas e levadas para o semin\u00e1rio nacional. Para Patr\u00edcia Amorim, atual secret\u00e1ria do Regional Cear\u00e1, foi poss\u00edvel perceber \u201co quanto se avan\u00e7ou no trabalho com as juventudes, percebendo a diversidade e pluralidade que s\u00e3o as juventudes, entendendo o papel da C\u00e1ritas na perspectiva de articula\u00e7\u00e3o dos jovens, para que eles fa\u00e7am seus caminhos e incidam nas pol\u00edticas p\u00fablicas\u201d. Cleusa Alves, assessora da C\u00e1ritas Regional Nordeste 3, falou sobre o avan\u00e7o e consolida\u00e7\u00e3o do projeto de C\u00e1ritas para a conviv\u00eancia com o semi\u00e1rido, destacando que \u00e9 um trabalho articulado com a rede ASA (Articula\u00e7\u00e3o Semi\u00e1rido Brasileiro). Para ela, a C\u00e1ritas conseguiu nos \u00faltimos 4 anos definir o seu perfil de atua\u00e7\u00e3o para a conviv\u00eancia com semi\u00e1rido, ressaltando os resultados positivos do planejamento decenal, da articula\u00e7\u00e3o das mulheres do semi\u00e1rido e da Feira de Economia Solid\u00e1ria de Crate\u00fas.<\/p>\n<p>O Inter foi um espa\u00e7o de debate e tamb\u00e9m de viv\u00eancias e interc\u00e2mbios, por isso, na tarde do segundo dia, os(as) participantes conheceram a experi\u00eancia do Quilombo Rio dos Macacos, comunidade centen\u00e1ria remanescente de quilombolas, localizada na regi\u00e3o metropolitana de Salvador\/Ba, e que resiste h\u00e1 quase 200 anos em uma \u00e1rea onde a Marinha do Brasil instalou a Base Naval de Aratu na Bahia nos anos 70. Dois moradores da comunidade relataram as situa\u00e7\u00f5es desafiadoras e de desrespeito aos seus direitos que enfrentam diariamente e as a\u00e7\u00f5es e estrat\u00e9gias de resist\u00eancia, contando com o apoio de diversos movimentos e organiza\u00e7\u00f5es sociais, como a C\u00e1ritas. Outro caso apresentado foi o de S\u00e3o Benedito dos Colocados, no Maranh\u00e3o, que tamb\u00e9m passa por situa\u00e7\u00f5es grav\u00edssimas de viola\u00e7\u00e3o e exce\u00e7\u00e3o. Ricarte Almeida, secret\u00e1rio da C\u00e1ritas Regional Maranh\u00e3o, destaca que s\u00e3o \u201cduas situa\u00e7\u00f5es que nos preocupam muito e mostram o quanto a C\u00e1ritas \u00e9 presente, \u00e9 necess\u00e1ria e \u00e9 desafiada\u201c.<\/p>\n<p>O \u00faltimo dia do Inter foi dedicado \u00e0 avali\u00e7\u00e3o do plano quadrienal da C\u00e1ritas Brasileira a partir das prioridades, princ\u00edpios e diretrizes institucionais, considerando o trabalho desenvolvido pelas C\u00e1ritas Regionais do Nordeste de 2012 a 2015. Os(as) agentes C\u00e1ritas se reuniram em grupos para fazer uma an\u00e1lise dos resultados alcan\u00e7ados ao longo desse per\u00edodo e tamb\u00e9m os desafios enfrentados para a execu\u00e7\u00e3o do plano. Como as prioridades institucionais ser\u00e3o reavaliadas para os pr\u00f3ximos cinco anos (2017 \u2013 2021), as representa\u00e7\u00f5es dos Regionais opinaram e apresentaram sugest\u00f5es de altera\u00e7\u00e3o que ser\u00e3o sistematizadas e se juntar\u00e3o \u00e0s propostas dos outros Regionais para o V Congresso Nacional, que ser\u00e1 realizado de 9 a 13 de novembro, em Aparecida-SP.<\/p>\n<p>O balan\u00e7o avaliativo das a\u00e7\u00f5es da C\u00e1ritas no \u00faltimo quadri\u00eanio, a partir do que foi refletido nesse encontro, segundo Mandela, foi de que \u201ca a\u00e7\u00e3o da C\u00e1ritas contribuiu para a articula\u00e7\u00e3o das pastorais sociais; com o processo fortalecimento dos movimentos sociais e suas lutas; e tamb\u00e9m fez com que a Igreja se fizesse mais presente junto \u00e0s comunidades empobrecidas, junto a aqueles e aquelas em processo de exclus\u00e3o ou mesmo com seus direitos amea\u00e7ados e violados\u2026 Mas tamb\u00e9m ficam alguns e grandes desafios para o pr\u00f3ximo per\u00edodo\u201d.<\/p>\n<p>Ap\u00f3s esses intensos dias de atividades, o grupo se confraternizou e festejou a finaliza\u00e7\u00e3o de mais uma etapa rumo aos 60 anos da C\u00e1ritas Brasileira e tamb\u00e9m os 28 anos da C\u00e1ritas Regional Nordeste 3, que fez o lan\u00e7amento da sua revista celebrativa.<\/p>\n<p><em>Por Iasmin Santana \/ Comunicadora<a href=\"http:\/\/ne2.caritas.org.br.s174889.gridserver.com\/wp-content\/uploads\/2016\/09\/Inter-Nordeste-2016-1.jpg\"><br \/>\n<\/a> \u2013 Regional NE 3<\/em><\/p>\n<p>&nbsp;<\/p>\n<ul class=\"ssb_list_wrapper\"><li class=\"fb2\" style=\"width:135px\"><iframe src=\"\/\/www.facebook.com\/plugins\/like.php?href=https%3A%2F%2Fwww.caritasne2.org.br%2Fsite%2Finter-nordeste-reune-cinco-regionais-da-caritas-em-salvador%2F&amp;layout=button_count&amp;action=like&amp;show_faces=false&amp;share=true&amp;width=135&amp;height=21&amp;appId=307091639398582\" scrolling=\"no\" frameborder=\"0\" style=\"border:none; overflow:hidden;  width:150px; height:21px;\" allowTransparency=\"true\"><\/iframe><\/li><li class=\"twtr\" style=\"width:90px\"><a href=\"https:\/\/twitter.com\/share\" class=\"twitter-share-button\" data-url=\"https:\/\/www.caritasne2.org.br\/site\/inter-nordeste-reune-cinco-regionais-da-caritas-em-salvador\/\">&nbsp;<\/a><script>!function(d,s,id){var js,fjs=d.getElementsByTagName(s)[0],p=\/^http:\/.test(d.location)?'http':'https';if(!d.getElementById(id)){js=d.createElement(s);js.id=id;js.src=p+':\/\/platform.twitter.com\/widgets.js';fjs.parentNode.insertBefore(js,fjs);}}(document, 'script', 'twitter-wjs');<\/script><\/li><li class=\"gplus\" style=\"width:68px\"><div class=\"g-plusone\" data-size=\"medium\" data-href=\"https:\/\/www.caritasne2.org.br\/site\/inter-nordeste-reune-cinco-regionais-da-caritas-em-salvador\/\"><\/div><\/li><li class=\"ssb_linkedin\" style=\"width:64px\"><script src=\"\/\/platform.linkedin.com\/in.js\" type=\"text\/javascript\">lang: en_US<\/script><script type=\"IN\/Share\" data-url=\"https:\/\/www.caritasne2.org.br\/site\/inter-nordeste-reune-cinco-regionais-da-caritas-em-salvador\/\" data-counter=\"right\"><\/script><\/li><\/ul>","protected":false},"excerpt":{"rendered":"<p>De 25 a 27 de agosto, ocorreu nas terras da Bahia o Inter Nordeste 2016, evento que reuniu representa\u00e7\u00f5es das C\u00e1ritas Regionais (Cear\u00e1, Piau\u00ed, Maranh\u00e3o, Nordeste 2 \u2013 Alagoas, Para\u00edba, Pernambuco, Rio Grande do Norte e Nordeste 3 \u2013 Bahia e Sergipe) do Nordeste e da diretoria nacional. O Inter \u00e9 mais uma etapa preparat\u00f3ria para a constru\u00e7\u00e3o do V Congresso Nacional da C\u00e1ritas Brasileira [&hellip;]<\/p>\n<ul class=\"ssb_list_wrapper\"><li class=\"fb2\" style=\"width:135px\"><iframe src=\"\/\/www.facebook.com\/plugins\/like.php?href=https%3A%2F%2Fwww.caritasne2.org.br%2Fsite%2Finter-nordeste-reune-cinco-regionais-da-caritas-em-salvador%2F&amp;layout=button_count&amp;action=like&amp;show_faces=false&amp;share=true&amp;width=135&amp;height=21&amp;appId=307091639398582\" scrolling=\"no\" frameborder=\"0\" style=\"border:none; overflow:hidden;  width:150px; height:21px;\" allowTransparency=\"true\"><\/iframe><\/li><li class=\"twtr\" style=\"width:90px\"><a href=\"https:\/\/twitter.com\/share\" class=\"twitter-share-button\" data-url=\"https:\/\/www.caritasne2.org.br\/site\/inter-nordeste-reune-cinco-regionais-da-caritas-em-salvador\/\">&nbsp;<\/a><script>!function(d,s,id){var js,fjs=d.getElementsByTagName(s)[0],p=\/^http:\/.test(d.location)?'http':'https';if(!d.getElementById(id)){js=d.createElement(s);js.id=id;js.src=p+':\/\/platform.twitter.com\/widgets.js';fjs.parentNode.insertBefore(js,fjs);}}(document, 'script', 'twitter-wjs');<\/script><\/li><li class=\"gplus\" style=\"width:68px\"><div class=\"g-plusone\" data-size=\"medium\" data-href=\"https:\/\/www.caritasne2.org.br\/site\/inter-nordeste-reune-cinco-regionais-da-caritas-em-salvador\/\"><\/div><\/li><li class=\"ssb_linkedin\" style=\"width:64px\"><script src=\"\/\/platform.linkedin.com\/in.js\" type=\"text\/javascript\">lang: en_US<\/script><script type=\"IN\/Share\" data-url=\"https:\/\/www.caritasne2.org.br\/site\/inter-nordeste-reune-cinco-regionais-da-caritas-em-salvador\/\" data-counter=\"right\"><\/script><\/li><\/ul>","protected":false},"author":4,"featured_media":3585,"comment_status":"open","ping_status":"open","sticky":false,"template":"","format":"standard","meta":[],"categories":[20,462],"tags":[67,580,796,800,410],"_links":{"self":[{"href":"https:\/\/www.caritasne2.org.br\/site\/wp-json\/wp\/v2\/posts\/3584"}],"collection":[{"href":"https:\/\/www.caritasne2.org.br\/site\/wp-json\/wp\/v2\/posts"}],"about":[{"href":"https:\/\/www.caritasne2.org.br\/site\/wp-json\/wp\/v2\/types\/post"}],"author":[{"embeddable":true,"href":"https:\/\/www.caritasne2.org.br\/site\/wp-json\/wp\/v2\/users\/4"}],"replies":[{"embeddable":true,"href":"https:\/\/www.caritasne2.org.br\/site\/wp-json\/wp\/v2\/comments?post=3584"}],"version-history":[{"count":0,"href":"https:\/\/www.caritasne2.org.br\/site\/wp-json\/wp\/v2\/posts\/3584\/revisions"}],"wp:featuredmedia":[{"embeddable":true,"href":"https:\/\/www.caritasne2.org.br\/site\/wp-json\/"}],"wp:attachment":[{"href":"https:\/\/www.caritasne2.org.br\/site\/wp-json\/wp\/v2\/media?parent=3584"}],"wp:term":[{"taxonomy":"category","embeddable":true,"href":"https:\/\/www.caritasne2.org.br\/site\/wp-json\/wp\/v2\/categories?post=3584"},{"taxonomy":"post_tag","embeddable":true,"href":"https:\/\/www.caritasne2.org.br\/site\/wp-json\/wp\/v2\/tags?post=3584"}],"curies":[{"name":"wp","href":"https:\/\/api.w.org\/{rel}","templated":true}]}}