{"id":3569,"date":"2016-08-30T19:27:24","date_gmt":"2016-08-30T22:27:24","guid":{"rendered":"http:\/\/ne2.caritas.org.br.s174889.gridserver.com\/?p=3569"},"modified":"2017-07-11T15:17:46","modified_gmt":"2017-07-11T18:17:46","slug":"caritas-diocesana-de-pesqueira-celebra-dia-voluntariado","status":"publish","type":"post","link":"https:\/\/www.caritasne2.org.br\/site\/caritas-diocesana-de-pesqueira-celebra-dia-voluntariado\/","title":{"rendered":"C\u00e1ritas Diocesana de Pesqueira celebra Dia do Voluntariado"},"content":{"rendered":"<p style=\"text-align: justify;\">No dia 28 de agosto de 1985, atrav\u00e9s da Lei n\u00ba 7.352, o Dia Nacional do Voluntariado foi institu\u00eddo no Brasil, em busca de reconhecer e destacar o trabalho das pessoas que doam seu tempo e trabalho de maneira volunt\u00e1ria, para com o pr\u00f3ximo, sejam em causas de interesse social, e\/ou, para o bem da comunidade.<\/p>\n<p style=\"text-align: justify;\">E como a Rede C\u00e1ritas Internacional e Nacional tem tantas pessoas que ajudam o pr\u00f3ximo sem pedir nada em troca, esta data n\u00e3o poderia passar em branco. E com a C\u00e1ritas Diocesana de Pesqueira n\u00e3o foi diferente, no \u00faltimo domingo (28), junto com a Par\u00f3quia S\u00e3o F\u00e9lix de Cantalice e a C\u00e1ritas Paroquial Santana de Bu\u00edque festejaram com muita alegria o Dia Nacional do Voluntariado.<\/p>\n<p style=\"text-align: justify;\">O momento teve como objetivo celebrar junto daqueles que sempre est\u00e3o envolvidos nos trabalhos volunt\u00e1rios, prestigiando com muito orgulho, amor e gratid\u00e3o. Agentes das C\u00e1ritas Paroquiais e Inter paroquial, Grupos de Mulheres acompanhados, e algumas fam\u00edlias contempladas com as implanta\u00e7\u00f5es das tecnologias sociais, marcaram presen\u00e7a e reafirmaram o compromisso com o trabalhado volunt\u00e1rio em nosso territ\u00f3rio diocesano.<\/p>\n<p style=\"text-align: justify;\">\u201cA juventude de hoje em dia precisa enxergar que dessa vida n\u00e3o levamos nada, o que plantamos na terra \u00e9 o que iremos colher durante a nossa vida, por isso n\u00e3o podemos esquecer o quanto o nosso irm\u00e3o precisa da nossa ajuda, e estamos aqui pra ajudar, para conseguir alcan\u00e7ar a nossa felicidade eterna\u201d, disse com muita emo\u00e7\u00e3o o agente da C\u00e1ritas Paroquial Dom H\u00e9lder C\u00e2mara, na cidade de Venturosa (PE), Sr. Manoel S\u00e1tiro.<\/p>\n<p style=\"text-align: justify;\">A programa\u00e7\u00e3o iniciou com a acolhida na Matriz de S\u00e3o F\u00e9lix com a Missa de A\u00e7\u00e3o de Gra\u00e7as celebrada pelo p\u00e1roco, Padre Luiz Benevaldo. Em sua homilia, Padre Benevaldo ressaltou a import\u00e2ncia do trabalho volunt\u00e1rio associado ao agente<a href=\"http:\/\/ne2.caritas.org.br.s174889.gridserver.com\/wp-content\/uploads\/2016\/08\/Dia-do-Volunt\u00e1rio-23.jpg\"><img decoding=\"async\" loading=\"lazy\" class=\"alignright size-medium wp-image-3576\" title=\"SONY DSC\" src=\"http:\/\/ne2.caritas.org.br.s174889.gridserver.com\/wp-content\/uploads\/2016\/08\/Dia-do-Volunt\u00e1rio-23-300x199.jpg\" alt=\"\" width=\"300\" height=\"199\" \/><\/a> C\u00e1ritas, vivendo a caridade atrav\u00e9s de um trabalho mais solid\u00e1rio e justo com os mais necessitados. Ainda na ocasi\u00e3o, o momento do ofert\u00f3rio trouxe elementos que refletem a\u00e7\u00f5es volunt\u00e1rias, como o banner da C\u00e1ritas Diocesana de Pesqueira, pe\u00e7as das Campanhas do Brinquedo e do Agasalho, Cesta B\u00e1sica e outros.<\/p>\n<p style=\"text-align: justify;\">Logo ap\u00f3s a celebra\u00e7\u00e3o, pelas ruas de Bu\u00edque o cortejo seguiu em caminhada at\u00e9 o sal\u00e3o paroquial, onde foram acolhidos pelo grupo Minist\u00e9rio de Art\u2019s, com muita m\u00fasica e anima\u00e7\u00e3o. Durante a programa\u00e7\u00e3o ainda houve algumas breves falas e outros momentos, como a entrega do Banner \u201cO Candeeiro\u201d contando a hist\u00f3ria da agricultora do s\u00edtio Tinideira, l\u00e1 da cidade de Arcoverde, Dona Rosa Maria. E tamb\u00e9m, apresenta\u00e7\u00f5es do Samba de Coco e da Capoeira, dos quilombolas da comunidade Mundo Novo.<\/p>\n<p style=\"text-align: justify;\">E para finalizar o dia festivo, foi realizado um almo\u00e7o fraterno, o qual teve como sua ess\u00eancia principal, a partilha do alimento com o pr\u00f3ximo.<\/p>\n<p style=\"text-align: justify;\"><a href=\"http:\/\/ne2.caritas.org.br.s174889.gridserver.com\/wp-content\/uploads\/2016\/08\/Dia-do-Voluntario1.jpg\"><img decoding=\"async\" loading=\"lazy\" class=\"aligncenter size-medium wp-image-3580\" title=\"SONY DSC\" src=\"http:\/\/ne2.caritas.org.br.s174889.gridserver.com\/wp-content\/uploads\/2016\/08\/Dia-do-Voluntario1-300x171.jpg\" alt=\"\" width=\"300\" height=\"171\" \/><\/a><\/p>\n<p style=\"text-align: justify;\"><em>Por Rosanny Barreto, N\u00facleo de Comunica\u00e7\u00e3o da C\u00e1ritas Diocesana de Pesqueira<\/em><\/p>\n<ul class=\"ssb_list_wrapper\"><li class=\"fb2\" style=\"width:135px\"><iframe src=\"\/\/www.facebook.com\/plugins\/like.php?href=https%3A%2F%2Fwww.caritasne2.org.br%2Fsite%2Fcaritas-diocesana-de-pesqueira-celebra-dia-voluntariado%2F&amp;layout=button_count&amp;action=like&amp;show_faces=false&amp;share=true&amp;width=135&amp;height=21&amp;appId=307091639398582\" scrolling=\"no\" frameborder=\"0\" style=\"border:none; overflow:hidden;  width:150px; height:21px;\" allowTransparency=\"true\"><\/iframe><\/li><li class=\"twtr\" style=\"width:90px\"><a href=\"https:\/\/twitter.com\/share\" class=\"twitter-share-button\" data-url=\"https:\/\/www.caritasne2.org.br\/site\/caritas-diocesana-de-pesqueira-celebra-dia-voluntariado\/\">&nbsp;<\/a><script>!function(d,s,id){var js,fjs=d.getElementsByTagName(s)[0],p=\/^http:\/.test(d.location)?'http':'https';if(!d.getElementById(id)){js=d.createElement(s);js.id=id;js.src=p+':\/\/platform.twitter.com\/widgets.js';fjs.parentNode.insertBefore(js,fjs);}}(document, 'script', 'twitter-wjs');<\/script><\/li><li class=\"gplus\" style=\"width:68px\"><div class=\"g-plusone\" data-size=\"medium\" data-href=\"https:\/\/www.caritasne2.org.br\/site\/caritas-diocesana-de-pesqueira-celebra-dia-voluntariado\/\"><\/div><\/li><li class=\"ssb_linkedin\" style=\"width:64px\"><script src=\"\/\/platform.linkedin.com\/in.js\" type=\"text\/javascript\">lang: en_US<\/script><script type=\"IN\/Share\" data-url=\"https:\/\/www.caritasne2.org.br\/site\/caritas-diocesana-de-pesqueira-celebra-dia-voluntariado\/\" data-counter=\"right\"><\/script><\/li><\/ul>","protected":false},"excerpt":{"rendered":"<p>No dia 28 de agosto de 1985, atrav\u00e9s da Lei n\u00ba 7.352, o Dia Nacional do Voluntariado foi institu\u00eddo no Brasil, em busca de reconhecer e destacar o trabalho das pessoas que doam seu tempo e trabalho de maneira volunt\u00e1ria, para com o pr\u00f3ximo, sejam em causas de interesse social, e\/ou, para o bem da comunidade. E como a Rede C\u00e1ritas Internacional e Nacional tem [&hellip;]<\/p>\n<ul class=\"ssb_list_wrapper\"><li class=\"fb2\" style=\"width:135px\"><iframe src=\"\/\/www.facebook.com\/plugins\/like.php?href=https%3A%2F%2Fwww.caritasne2.org.br%2Fsite%2Fcaritas-diocesana-de-pesqueira-celebra-dia-voluntariado%2F&amp;layout=button_count&amp;action=like&amp;show_faces=false&amp;share=true&amp;width=135&amp;height=21&amp;appId=307091639398582\" scrolling=\"no\" frameborder=\"0\" style=\"border:none; overflow:hidden;  width:150px; height:21px;\" allowTransparency=\"true\"><\/iframe><\/li><li class=\"twtr\" style=\"width:90px\"><a href=\"https:\/\/twitter.com\/share\" class=\"twitter-share-button\" data-url=\"https:\/\/www.caritasne2.org.br\/site\/caritas-diocesana-de-pesqueira-celebra-dia-voluntariado\/\">&nbsp;<\/a><script>!function(d,s,id){var js,fjs=d.getElementsByTagName(s)[0],p=\/^http:\/.test(d.location)?'http':'https';if(!d.getElementById(id)){js=d.createElement(s);js.id=id;js.src=p+':\/\/platform.twitter.com\/widgets.js';fjs.parentNode.insertBefore(js,fjs);}}(document, 'script', 'twitter-wjs');<\/script><\/li><li class=\"gplus\" style=\"width:68px\"><div class=\"g-plusone\" data-size=\"medium\" data-href=\"https:\/\/www.caritasne2.org.br\/site\/caritas-diocesana-de-pesqueira-celebra-dia-voluntariado\/\"><\/div><\/li><li class=\"ssb_linkedin\" style=\"width:64px\"><script src=\"\/\/platform.linkedin.com\/in.js\" type=\"text\/javascript\">lang: en_US<\/script><script type=\"IN\/Share\" data-url=\"https:\/\/www.caritasne2.org.br\/site\/caritas-diocesana-de-pesqueira-celebra-dia-voluntariado\/\" data-counter=\"right\"><\/script><\/li><\/ul>","protected":false},"author":4,"featured_media":3570,"comment_status":"open","ping_status":"open","sticky":false,"template":"","format":"standard","meta":[],"categories":[20,763],"tags":[67,799],"_links":{"self":[{"href":"https:\/\/www.caritasne2.org.br\/site\/wp-json\/wp\/v2\/posts\/3569"}],"collection":[{"href":"https:\/\/www.caritasne2.org.br\/site\/wp-json\/wp\/v2\/posts"}],"about":[{"href":"https:\/\/www.caritasne2.org.br\/site\/wp-json\/wp\/v2\/types\/post"}],"author":[{"embeddable":true,"href":"https:\/\/www.caritasne2.org.br\/site\/wp-json\/wp\/v2\/users\/4"}],"replies":[{"embeddable":true,"href":"https:\/\/www.caritasne2.org.br\/site\/wp-json\/wp\/v2\/comments?post=3569"}],"version-history":[{"count":0,"href":"https:\/\/www.caritasne2.org.br\/site\/wp-json\/wp\/v2\/posts\/3569\/revisions"}],"wp:featuredmedia":[{"embeddable":true,"href":"https:\/\/www.caritasne2.org.br\/site\/wp-json\/"}],"wp:attachment":[{"href":"https:\/\/www.caritasne2.org.br\/site\/wp-json\/wp\/v2\/media?parent=3569"}],"wp:term":[{"taxonomy":"category","embeddable":true,"href":"https:\/\/www.caritasne2.org.br\/site\/wp-json\/wp\/v2\/categories?post=3569"},{"taxonomy":"post_tag","embeddable":true,"href":"https:\/\/www.caritasne2.org.br\/site\/wp-json\/wp\/v2\/tags?post=3569"}],"curies":[{"name":"wp","href":"https:\/\/api.w.org\/{rel}","templated":true}]}}