{"id":3561,"date":"2016-08-26T17:33:43","date_gmt":"2016-08-26T20:33:43","guid":{"rendered":"http:\/\/ne2.caritas.org.br.s174889.gridserver.com\/?p=3561"},"modified":"2017-07-11T15:17:46","modified_gmt":"2017-07-11T18:17:46","slug":"inter-nordeste-continua-momentos-de-debates-reflexoes-vivencias","status":"publish","type":"post","link":"https:\/\/www.caritasne2.org.br\/site\/inter-nordeste-continua-momentos-de-debates-reflexoes-vivencias\/","title":{"rendered":"Inter Nordeste continua com momentos de debates, reflex\u00f5es e viv\u00eancias"},"content":{"rendered":"<p style=\"text-align: justify;\">O segundo dia do Inter Nordeste foi iniciado com uma ora\u00e7\u00e3o conduzida pelo Regional Maranh\u00e3o, relembrando os momentos vivenciados ontem, com destaque para a experi\u00eancia na Comunidade ecum\u00eanica da Trindade, que acolhe moradores de rua e os ajudam a recuperar a sua identidade e autoestima. Os(as) participantes do Inter celebraram junto com essa comunidade, ouviram depoimentos de moradores de rua e partilharam o alimento. O sentimento coletivo foi de que a \u201cTrindade \u00e9 um ponto de luz e de apoio para os(a) que t\u00eam fome de p\u00e3o e sede de justi\u00e7a\u201d.<\/p>\n<p style=\"text-align: justify;\">Envolvidos(as) nessas lembran\u00e7as renovadoras, o evento seguiu seu curso com a apresenta\u00e7\u00e3o de Luiz Cl\u00e1udio Mandela, atual diretor executivo da C\u00e1ritas Brasileira, sobre o Marco Estrat\u00e9gico da C\u00e1ritas Internacional e a sua rela\u00e7\u00e3o com a tem\u00e1tica central do V Congresso da C\u00e1ritas Brasileira \u2013 \u201cPastoralidade e Transforma\u00e7\u00e3o Social\u201d. Ele falou sobre a import\u00e2ncia de tentar fazer esse alinhamento entre as prioridades estrat\u00e9gicas da C\u00e1ritas em \u00e2mbito internacional e nacional, considerando que as prioridades institucionais da C\u00e1ritas Brasileira est\u00e3o em processo de reavalia\u00e7\u00e3o para os pr\u00f3ximos cinco anos.<\/p>\n<p style=\"text-align: justify;\">Dando continuidade ao evento, os(as) representantes de cada Regional se dividiram em grupos para aprofundar o debate sobre os avan\u00e7os, desafios e propostas relacionas \u00e0s tem\u00e1ticas (juventudes, economia popular solid\u00e1ria, conviv\u00eancia com o semi\u00e1rido e rela\u00e7\u00f5es de g\u00eanero) selecionadas nas caravanas regionais. As reflex\u00f5es dos grupos ser\u00e3o sistematizadas e levadas para o congresso nacional.<\/p>\n<p style=\"text-align: justify;\">O Inter \u00e9 um espa\u00e7o de debate e tamb\u00e9m de viv\u00eancias e interc\u00e2mbios, por isso, na parte da tarde de hoje, as pessoas ter\u00e3o a oportunidade de conhecer a experi\u00eancia de resist\u00eancia e luta do Quilombo Rio dos Macacos, que \u00e9 uma comunidade localizada na regi\u00e3o metropolitana de Salvador\/BA.<\/p>\n<p style=\"text-align: justify;\">O evento continua at\u00e9 amanh\u00e3 com a avalia\u00e7\u00e3o do Plano Quadrienal da C\u00e1ritas a partir das prioridades, princ\u00edpios e diretrizes institucionais e de constru\u00e7\u00e3o dos encaminhamentos para o Congresso Nacional.<\/p>\n<p><a href=\"http:\/\/ne2.caritas.org.br.s174889.gridserver.com\/wp-content\/uploads\/2016\/08\/Foto-mat\u00e9ria-Inter-02.jpg\"><img decoding=\"async\" loading=\"lazy\" class=\"aligncenter size-medium wp-image-3563\" title=\"Foto mat\u00e9ria Inter 02\" src=\"http:\/\/ne2.caritas.org.br.s174889.gridserver.com\/wp-content\/uploads\/2016\/08\/Foto-mat\u00e9ria-Inter-02-300x200.jpg\" alt=\"\" width=\"300\" height=\"200\" \/><\/a><\/p>\n<p>Por Iasmin Santana (Comunicadora do Regional Nordeste 3)<\/p>\n<ul class=\"ssb_list_wrapper\"><li class=\"fb2\" style=\"width:135px\"><iframe src=\"\/\/www.facebook.com\/plugins\/like.php?href=https%3A%2F%2Fwww.caritasne2.org.br%2Fsite%2Finter-nordeste-continua-momentos-de-debates-reflexoes-vivencias%2F&amp;layout=button_count&amp;action=like&amp;show_faces=false&amp;share=true&amp;width=135&amp;height=21&amp;appId=307091639398582\" scrolling=\"no\" frameborder=\"0\" style=\"border:none; overflow:hidden;  width:150px; height:21px;\" allowTransparency=\"true\"><\/iframe><\/li><li class=\"twtr\" style=\"width:90px\"><a href=\"https:\/\/twitter.com\/share\" class=\"twitter-share-button\" data-url=\"https:\/\/www.caritasne2.org.br\/site\/inter-nordeste-continua-momentos-de-debates-reflexoes-vivencias\/\">&nbsp;<\/a><script>!function(d,s,id){var js,fjs=d.getElementsByTagName(s)[0],p=\/^http:\/.test(d.location)?'http':'https';if(!d.getElementById(id)){js=d.createElement(s);js.id=id;js.src=p+':\/\/platform.twitter.com\/widgets.js';fjs.parentNode.insertBefore(js,fjs);}}(document, 'script', 'twitter-wjs');<\/script><\/li><li class=\"gplus\" style=\"width:68px\"><div class=\"g-plusone\" data-size=\"medium\" data-href=\"https:\/\/www.caritasne2.org.br\/site\/inter-nordeste-continua-momentos-de-debates-reflexoes-vivencias\/\"><\/div><\/li><li class=\"ssb_linkedin\" style=\"width:64px\"><script src=\"\/\/platform.linkedin.com\/in.js\" type=\"text\/javascript\">lang: en_US<\/script><script type=\"IN\/Share\" data-url=\"https:\/\/www.caritasne2.org.br\/site\/inter-nordeste-continua-momentos-de-debates-reflexoes-vivencias\/\" data-counter=\"right\"><\/script><\/li><\/ul>","protected":false},"excerpt":{"rendered":"<p>O segundo dia do Inter Nordeste foi iniciado com uma ora\u00e7\u00e3o conduzida pelo Regional Maranh\u00e3o, relembrando os momentos vivenciados ontem, com destaque para a experi\u00eancia na Comunidade ecum\u00eanica da Trindade, que acolhe moradores de rua e os ajudam a recuperar a sua identidade e autoestima. Os(as) participantes do Inter celebraram junto com essa comunidade, ouviram depoimentos de moradores de rua e partilharam o alimento. O [&hellip;]<\/p>\n<ul class=\"ssb_list_wrapper\"><li class=\"fb2\" style=\"width:135px\"><iframe src=\"\/\/www.facebook.com\/plugins\/like.php?href=https%3A%2F%2Fwww.caritasne2.org.br%2Fsite%2Finter-nordeste-continua-momentos-de-debates-reflexoes-vivencias%2F&amp;layout=button_count&amp;action=like&amp;show_faces=false&amp;share=true&amp;width=135&amp;height=21&amp;appId=307091639398582\" scrolling=\"no\" frameborder=\"0\" style=\"border:none; overflow:hidden;  width:150px; height:21px;\" allowTransparency=\"true\"><\/iframe><\/li><li class=\"twtr\" style=\"width:90px\"><a href=\"https:\/\/twitter.com\/share\" class=\"twitter-share-button\" data-url=\"https:\/\/www.caritasne2.org.br\/site\/inter-nordeste-continua-momentos-de-debates-reflexoes-vivencias\/\">&nbsp;<\/a><script>!function(d,s,id){var js,fjs=d.getElementsByTagName(s)[0],p=\/^http:\/.test(d.location)?'http':'https';if(!d.getElementById(id)){js=d.createElement(s);js.id=id;js.src=p+':\/\/platform.twitter.com\/widgets.js';fjs.parentNode.insertBefore(js,fjs);}}(document, 'script', 'twitter-wjs');<\/script><\/li><li class=\"gplus\" style=\"width:68px\"><div class=\"g-plusone\" data-size=\"medium\" data-href=\"https:\/\/www.caritasne2.org.br\/site\/inter-nordeste-continua-momentos-de-debates-reflexoes-vivencias\/\"><\/div><\/li><li class=\"ssb_linkedin\" style=\"width:64px\"><script src=\"\/\/platform.linkedin.com\/in.js\" type=\"text\/javascript\">lang: en_US<\/script><script type=\"IN\/Share\" data-url=\"https:\/\/www.caritasne2.org.br\/site\/inter-nordeste-continua-momentos-de-debates-reflexoes-vivencias\/\" data-counter=\"right\"><\/script><\/li><\/ul>","protected":false},"author":4,"featured_media":3562,"comment_status":"open","ping_status":"open","sticky":false,"template":"","format":"standard","meta":[],"categories":[795,20],"tags":[67,796,797,798],"_links":{"self":[{"href":"https:\/\/www.caritasne2.org.br\/site\/wp-json\/wp\/v2\/posts\/3561"}],"collection":[{"href":"https:\/\/www.caritasne2.org.br\/site\/wp-json\/wp\/v2\/posts"}],"about":[{"href":"https:\/\/www.caritasne2.org.br\/site\/wp-json\/wp\/v2\/types\/post"}],"author":[{"embeddable":true,"href":"https:\/\/www.caritasne2.org.br\/site\/wp-json\/wp\/v2\/users\/4"}],"replies":[{"embeddable":true,"href":"https:\/\/www.caritasne2.org.br\/site\/wp-json\/wp\/v2\/comments?post=3561"}],"version-history":[{"count":0,"href":"https:\/\/www.caritasne2.org.br\/site\/wp-json\/wp\/v2\/posts\/3561\/revisions"}],"wp:featuredmedia":[{"embeddable":true,"href":"https:\/\/www.caritasne2.org.br\/site\/wp-json\/"}],"wp:attachment":[{"href":"https:\/\/www.caritasne2.org.br\/site\/wp-json\/wp\/v2\/media?parent=3561"}],"wp:term":[{"taxonomy":"category","embeddable":true,"href":"https:\/\/www.caritasne2.org.br\/site\/wp-json\/wp\/v2\/categories?post=3561"},{"taxonomy":"post_tag","embeddable":true,"href":"https:\/\/www.caritasne2.org.br\/site\/wp-json\/wp\/v2\/tags?post=3561"}],"curies":[{"name":"wp","href":"https:\/\/api.w.org\/{rel}","templated":true}]}}