{"id":3554,"date":"2016-08-24T15:40:23","date_gmt":"2016-08-24T18:40:23","guid":{"rendered":"http:\/\/ne2.caritas.org.br.s174889.gridserver.com\/?p=3554"},"modified":"2017-07-11T15:17:46","modified_gmt":"2017-07-11T18:17:46","slug":"igreja-caritas-prestam-socorro-vitimas-de-terremoto-na-italia","status":"publish","type":"post","link":"https:\/\/www.caritasne2.org.br\/site\/igreja-caritas-prestam-socorro-vitimas-de-terremoto-na-italia\/","title":{"rendered":"Igreja e C\u00e1ritas prestam socorro a v\u00edtimas de terremoto na It\u00e1lia"},"content":{"rendered":"<p style=\"text-align: justify;\">Um forte terremoto atingiu o centro da It\u00e1lia na madrugada da \u00faltima quarta-feira, dia 24 de agosto, causando grande destrui\u00e7\u00e3o e a perda de vidas. De acordo com as primeiras informa\u00e7\u00f5es divulgadas pela Defesa Civil italiana, pelo menos 73 pessoas morreram e h\u00e1 outras ainda presas aos escombros. O terremoto de magnitude 6,2 graus na escala Richter teve como epicentro Norcia, na regi\u00e3o de Rieti, e afetou principalmente as cidades de Amatrice, Accumoli e Pesca del Tronto, entre outras. Como as \u00e1reas mais atingidas s\u00e3o cidades e vilarejos montanhosos do centro do pa\u00eds, as opera\u00e7\u00f5es de resgate se tornam ainda mais dif\u00edceis.<\/p>\n<p style=\"text-align: justify;\">&#8220;A situa\u00e7\u00e3o \u00e9 terr\u00edvel&#8221;, disse dom Giovanni D&#8217;Ercole, bispo de Ascoli Piceno, que chegou logo depois do primeiro tremor na cidade de Pescara del Tronto. &#8220;O cen\u00e1rio \u00e9 desolador. Quando cheguei pela manh\u00e3, vi uma cidade destru\u00edda, gritos, mortes&#8230; N\u00e3o sabemos ao certo quantas, ainda. Estamos em uma situa\u00e7\u00e3o desesperadora e, infelizmente, n\u00e3o \u00e9 a \u00fanica cidade atingida, porque outras est\u00e3o na mesma situa\u00e7\u00e3o. Em algumas regi\u00f5es n\u00e3o conseguimos sequer chegar. Agora eu estou indo aos escombros para dar a Un\u00e7\u00e3o dos Enfermos a dois corpos de crian\u00e7as. Os feridos s\u00e3o muitos. O complicado \u00e9 que faz frio, o socorro demora para chegar, as estradas est\u00e3o destru\u00eddas pelo terremoto. Est\u00e1 muito dif\u00edcil\u201d, desabafou, afirmando tamb\u00e9m que a Igreja est\u00e1 trabalhando junto com a C\u00e1ritas no socorro \u00e0s pessoas atingidas.<\/p>\n<p style=\"text-align: justify;\">Em mensagem dirigida a peregrinos na Pra\u00e7a de S\u00e3o Pedro, em Roma, durante a Audi\u00eancia Geral desta quarta de manh\u00e3 &#8212; poucas horas ap\u00f3s o terremoto, portanto &#8211;, o Papa Francisco afirmou: &#8220;Havia preparado a catequese de hoje, como todas as quartas-feiras deste Ano da Miseric\u00f3rdia, sobre o tema da &#8216;proximidade de Jesus&#8217;. Mas, diante da not\u00edcia do terremoto, que atingiu o centro da It\u00e1lia, devastando regi\u00f5es inteiras e causando mortos e feridos, n\u00e3o posso deixar de expressar a minha grande dor e a minha proximidade espiritual para com os moradores nas zonas atingidas pelo terremoto\u201d.<\/p>\n<p style=\"text-align: justify;\">O pont\u00edfice lembrou comovido a destrui\u00e7\u00e3o de Amatrice e a exist\u00eancia de muitas crian\u00e7as entre os mortos. Depois de assegurar a todas as v\u00edtimas que \u201cas ora\u00e7\u00f5es e a estreita solidariedade de toda a Igreja&#8221; estar\u00e3o com elas e de agradecer a todos os volunt\u00e1rios e agentes da Defesa Civil que trabalham no socorro \u00e0s popula\u00e7\u00f5es atingidas, Francisco fez um pedido: \u201cPe\u00e7o-lhes que se unam a mim, na ora\u00e7\u00e3o, para que o Senhor Jesus, que sempre se comoveu diante da dor humana, console estes cora\u00e7\u00f5es entristecidos e lhes d\u00ea a paz, por intercess\u00e3o da Bem-aventurada Virgem Maria\u201d.<\/p>\n<p style=\"text-align: justify;\"><strong>Confer\u00eancia Episcopal Italiana<\/strong><\/p>\n<p style=\"text-align: justify;\">Imediatamente ap\u00f3s a ocorr\u00eancia do terremoto, a Igreja Cat\u00f3lica italiana colocou \u00e0 disposi\u00e7\u00e3o cerca de 1 milh\u00e3o de euros para atendimento \u00e0s necessidades b\u00e1sicas mais urgentes das popula\u00e7\u00f5es afetadas. Haver\u00e1 tamb\u00e9m uma coleta nacional junto \u00e0s par\u00f3quias e igrejas italianas no pr\u00f3ximo dia 18 de setembro, cujos recursos ser\u00e3o destinados \u00e0s v\u00edtimas do terremoto, de forma a apoiar os esfor\u00e7os de socorro realizados pela C\u00e1ritas It\u00e1lia. &#8220;A Igreja na It\u00e1lia est\u00e1 reunida em ora\u00e7\u00e3o por todas as v\u00edtimas e manifesta a sua proximidade fraterna com as pessoas afetadas por este tr\u00e1gico acontecimento\u201d, informou a Confer\u00eancia Episcopal Italiana em um comunicado oficial, no qual convidou dioceses, par\u00f3quias, institutos religiosos e associa\u00e7\u00f5es de leigos a ajudar as popula\u00e7\u00f5es atingidas diante das condi\u00e7\u00f5es dif\u00edceis que ir\u00e3o enfrentar nos pr\u00f3ximos dias, semanas e meses.<\/p>\n<p style=\"text-align: justify;\">Volunt\u00e1rios da Caritas em Rieti j\u00e1 come\u00e7aram a distribuir alimentos, roupas e materiais de higiene \u00e0 popula\u00e7\u00e3o, enquanto a Defesa Civil italiana procurando sobreviventes sob os escombros. Vinte solicitantes de ref\u00fagio abrigados em Monteprandone, na regi\u00e3o de Marcas, todos provenientes do norte da \u00c1frica, se ofereceram para trabalhar como volunt\u00e1rios nas a\u00e7\u00f5es de socorro \u00e0s v\u00edtimas. A It\u00e1lia \u00e9 um dos principais focos da crise migrat\u00f3ria que afeta a Europa e respons\u00e1vel por resgatar todas as semanas dezenas de pessoas de embarca\u00e7\u00f5es superlotadas no mar Mediterr\u00e2neo.<\/p>\n<p style=\"text-align: justify;\"><strong>Amea\u00e7a constante<\/strong><\/p>\n<p style=\"text-align: justify;\">Os terremotos s\u00e3o uma amea\u00e7a constante para as comunidades que vivem nas montanhas dos Apeninos, na It\u00e1lia. Em abril de 2009, um tremor de terra em Abruzzo deixou quase 300 mortos e dezenas de milhares de desabrigados. Na ocasi\u00e3o, a C\u00e1ritas diocesana prestou socorro \u00e0 popula\u00e7\u00e3o de Aquila com alimentos, roupas e outros itens essenciais. Ap\u00f3s o socorro inicial \u00e0 emerg\u00eancia, a C\u00e1ritas It\u00e1lia passou a trabalhar pela reconstru\u00e7\u00e3o das comunidades afetadas, ajudando a construir casas e tamb\u00e9m espa\u00e7os onde as pessoas pudessem se encontrar e se redescobrir.<\/p>\n<p style=\"text-align: justify;\">A C\u00e1ritas italiana relata que est\u00e1 em contato constante com as C\u00e1ritas diocesanas e as par\u00f3quias das regi\u00f5es atingidas pelo desastre desta quarta-feira. No momento, os\/as agentes buscam ter uma vis\u00e3o global das necessidades e das primeiras atividades de solidariedade j\u00e1 colocadas em curso. Todos e todas, incluindo os bispos, sa\u00edram \u00e0s ruas para ajudar a popula\u00e7\u00e3o afetada em termos pr\u00e1ticos. Nas \u00e1reas mais atingidas, apenas as equipes de resgate, for\u00e7as de emerg\u00eancia e agentes da Defesa Civil est\u00e3o autorizados a entrar. H\u00e1 risco de colapso das infraestruturas (estradas, pontes, etc.). A C\u00e1ritas italiana ir\u00e1 lan\u00e7ar uma campanha de arrecada\u00e7\u00e3o de recursos para as fases subsequentes de atendimento \u00e0s v\u00edtimas (a\u00e7\u00f5es de emerg\u00eancia, de reconstru\u00e7\u00e3o e de desenvolvimento das comunidades afetadas).<\/p>\n<p style=\"text-align: justify;\">A C\u00e1ritas Brasileira expressa sua solidariedade \u00e0s fam\u00edlias das v\u00edtimas, a todo o povo da It\u00e1lia e aos irm\u00e3os e irm\u00e3s da C\u00e1ritas Italiana nesse momento de dor e sofrimento, e lan\u00e7a \u00e0s pessoas afetadas pelo terremoto suas ora\u00e7\u00f5es e pensamentos.<\/p>\n<p style=\"text-align: justify;\">Por Luciano Gallas \/ Assessoria Nacional de Comunica\u00e7\u00e3o da C\u00e1ritas Brasileira, com informa\u00e7\u00f5es da Caritas Internationalis, da R\u00e1dio Vaticano e de ag\u00eancias de not\u00edcias<\/p>\n<p style=\"text-align: justify;\">Foto: Ag\u00eancia Italiana de Not\u00edcias (Ansa)<\/p>\n<p>&nbsp;<\/p>\n<ul class=\"ssb_list_wrapper\"><li class=\"fb2\" style=\"width:135px\"><iframe src=\"\/\/www.facebook.com\/plugins\/like.php?href=https%3A%2F%2Fwww.caritasne2.org.br%2Fsite%2Figreja-caritas-prestam-socorro-vitimas-de-terremoto-na-italia%2F&amp;layout=button_count&amp;action=like&amp;show_faces=false&amp;share=true&amp;width=135&amp;height=21&amp;appId=307091639398582\" scrolling=\"no\" frameborder=\"0\" style=\"border:none; overflow:hidden;  width:150px; height:21px;\" allowTransparency=\"true\"><\/iframe><\/li><li class=\"twtr\" style=\"width:90px\"><a href=\"https:\/\/twitter.com\/share\" class=\"twitter-share-button\" data-url=\"https:\/\/www.caritasne2.org.br\/site\/igreja-caritas-prestam-socorro-vitimas-de-terremoto-na-italia\/\">&nbsp;<\/a><script>!function(d,s,id){var js,fjs=d.getElementsByTagName(s)[0],p=\/^http:\/.test(d.location)?'http':'https';if(!d.getElementById(id)){js=d.createElement(s);js.id=id;js.src=p+':\/\/platform.twitter.com\/widgets.js';fjs.parentNode.insertBefore(js,fjs);}}(document, 'script', 'twitter-wjs');<\/script><\/li><li class=\"gplus\" style=\"width:68px\"><div class=\"g-plusone\" data-size=\"medium\" data-href=\"https:\/\/www.caritasne2.org.br\/site\/igreja-caritas-prestam-socorro-vitimas-de-terremoto-na-italia\/\"><\/div><\/li><li class=\"ssb_linkedin\" style=\"width:64px\"><script src=\"\/\/platform.linkedin.com\/in.js\" type=\"text\/javascript\">lang: en_US<\/script><script type=\"IN\/Share\" data-url=\"https:\/\/www.caritasne2.org.br\/site\/igreja-caritas-prestam-socorro-vitimas-de-terremoto-na-italia\/\" data-counter=\"right\"><\/script><\/li><\/ul>","protected":false},"excerpt":{"rendered":"<p>Um forte terremoto atingiu o centro da It\u00e1lia na madrugada da \u00faltima quarta-feira, dia 24 de agosto, causando grande destrui\u00e7\u00e3o e a perda de vidas. De acordo com as primeiras informa\u00e7\u00f5es divulgadas pela Defesa Civil italiana, pelo menos 73 pessoas morreram e h\u00e1 outras ainda presas aos escombros. O terremoto de magnitude 6,2 graus na escala Richter teve como epicentro Norcia, na regi\u00e3o de Rieti, [&hellip;]<\/p>\n<ul class=\"ssb_list_wrapper\"><li class=\"fb2\" style=\"width:135px\"><iframe src=\"\/\/www.facebook.com\/plugins\/like.php?href=https%3A%2F%2Fwww.caritasne2.org.br%2Fsite%2Figreja-caritas-prestam-socorro-vitimas-de-terremoto-na-italia%2F&amp;layout=button_count&amp;action=like&amp;show_faces=false&amp;share=true&amp;width=135&amp;height=21&amp;appId=307091639398582\" scrolling=\"no\" frameborder=\"0\" style=\"border:none; overflow:hidden;  width:150px; height:21px;\" allowTransparency=\"true\"><\/iframe><\/li><li class=\"twtr\" style=\"width:90px\"><a href=\"https:\/\/twitter.com\/share\" class=\"twitter-share-button\" data-url=\"https:\/\/www.caritasne2.org.br\/site\/igreja-caritas-prestam-socorro-vitimas-de-terremoto-na-italia\/\">&nbsp;<\/a><script>!function(d,s,id){var js,fjs=d.getElementsByTagName(s)[0],p=\/^http:\/.test(d.location)?'http':'https';if(!d.getElementById(id)){js=d.createElement(s);js.id=id;js.src=p+':\/\/platform.twitter.com\/widgets.js';fjs.parentNode.insertBefore(js,fjs);}}(document, 'script', 'twitter-wjs');<\/script><\/li><li class=\"gplus\" style=\"width:68px\"><div class=\"g-plusone\" data-size=\"medium\" data-href=\"https:\/\/www.caritasne2.org.br\/site\/igreja-caritas-prestam-socorro-vitimas-de-terremoto-na-italia\/\"><\/div><\/li><li class=\"ssb_linkedin\" style=\"width:64px\"><script src=\"\/\/platform.linkedin.com\/in.js\" type=\"text\/javascript\">lang: en_US<\/script><script type=\"IN\/Share\" data-url=\"https:\/\/www.caritasne2.org.br\/site\/igreja-caritas-prestam-socorro-vitimas-de-terremoto-na-italia\/\" data-counter=\"right\"><\/script><\/li><\/ul>","protected":false},"author":4,"featured_media":3555,"comment_status":"open","ping_status":"open","sticky":false,"template":"","format":"standard","meta":[],"categories":[20],"tags":[67,794],"_links":{"self":[{"href":"https:\/\/www.caritasne2.org.br\/site\/wp-json\/wp\/v2\/posts\/3554"}],"collection":[{"href":"https:\/\/www.caritasne2.org.br\/site\/wp-json\/wp\/v2\/posts"}],"about":[{"href":"https:\/\/www.caritasne2.org.br\/site\/wp-json\/wp\/v2\/types\/post"}],"author":[{"embeddable":true,"href":"https:\/\/www.caritasne2.org.br\/site\/wp-json\/wp\/v2\/users\/4"}],"replies":[{"embeddable":true,"href":"https:\/\/www.caritasne2.org.br\/site\/wp-json\/wp\/v2\/comments?post=3554"}],"version-history":[{"count":0,"href":"https:\/\/www.caritasne2.org.br\/site\/wp-json\/wp\/v2\/posts\/3554\/revisions"}],"wp:featuredmedia":[{"embeddable":true,"href":"https:\/\/www.caritasne2.org.br\/site\/wp-json\/"}],"wp:attachment":[{"href":"https:\/\/www.caritasne2.org.br\/site\/wp-json\/wp\/v2\/media?parent=3554"}],"wp:term":[{"taxonomy":"category","embeddable":true,"href":"https:\/\/www.caritasne2.org.br\/site\/wp-json\/wp\/v2\/categories?post=3554"},{"taxonomy":"post_tag","embeddable":true,"href":"https:\/\/www.caritasne2.org.br\/site\/wp-json\/wp\/v2\/tags?post=3554"}],"curies":[{"name":"wp","href":"https:\/\/api.w.org\/{rel}","templated":true}]}}