{"id":3550,"date":"2016-08-18T19:12:36","date_gmt":"2016-08-18T22:12:36","guid":{"rendered":"http:\/\/ne2.caritas.org.br.s174889.gridserver.com\/?p=3550"},"modified":"2017-07-11T15:17:46","modified_gmt":"2017-07-11T18:17:46","slug":"forum-discute-mudancas-climaticas-impactos-na-regiao-nordeste","status":"publish","type":"post","link":"https:\/\/www.caritasne2.org.br\/site\/forum-discute-mudancas-climaticas-impactos-na-regiao-nordeste\/","title":{"rendered":"F\u00f3rum discute mudan\u00e7as clim\u00e1ticas e impactos na Regi\u00e3o Nordeste"},"content":{"rendered":"<p style=\"text-align: justify;\">Nos dias 19 e 20 de agosto, pesquisadores, gestores p\u00fablicos, representantes de pastorais e movimentos sociais dos nove estados do Nordeste Brasileiro estar\u00e3o reunidos no Centro Mari\u00e1polis, em Igarassu (PE), no Semin\u00e1rio Regional Nordeste do F\u00f3rum de Mudan\u00e7as Clim\u00e1ticas e Justi\u00e7a Social (FMCJS).<\/p>\n<p style=\"text-align: justify;\">Na programa\u00e7\u00e3o, est\u00e3o previstas palestras e trabalhos em grupo que ir\u00e3o avaliar o cen\u00e1rio atual da regi\u00e3o no que diz respeito aos impactos socioambientais motivados pelas mudan\u00e7as clim\u00e1ticas. Ainda ser\u00e3o discutidas as possibilidades e compartilhadas experi\u00eancias de resist\u00eancia e alternativas contra os problemas vivenciados pelas comunidades atingidas por enchentes e pelo processo de desertifica\u00e7\u00e3o.<\/p>\n<p style=\"text-align: justify;\">O tema do semin\u00e1rio regional em quest\u00e3o \u00e9 \u201cMudan\u00e7as Clim\u00e1ticas no Nordeste: Homens e Mulheres na constru\u00e7\u00e3o de alternativas\u201d. Outras regi\u00f5es do pa\u00eds, ao longo de 2016, est\u00e3o tamb\u00e9m discutindo as realidades locais que ser\u00e3o levadas para debate, posteriormente, no Semin\u00e1rio Nacional que ocorrer\u00e1 nos dias 26 e 27 de outubro, em Bras\u00edlia (DF).<\/p>\n<p style=\"text-align: justify;\">Entre as entidades que organizam est\u00e3o a C\u00e1ritas Brasileira \u2013 Regionais NE2, NE3 e Piau\u00ed, Servi\u00e7o Pastoral dos Migrantes, entre outras.<\/p>\n<p style=\"text-align: justify;\"><strong>F\u00f3rum<\/strong><\/p>\n<p style=\"text-align: justify;\">O F\u00f3rum de Mudan\u00e7as Clim\u00e1ticas visa contribuir para o desenvolvimento de pol\u00edticas afirmativas de prote\u00e7\u00e3o ao clima no Brasil; fortalecer e manter em funcionamento uma rede de organiza\u00e7\u00f5es da sociedade civil (parceiros da Misereor e outras organiza\u00e7\u00f5es) que trabalham sobre o tema das Mudan\u00e7as Clim\u00e1ticas no Brasil e Am\u00e9rica Latina; cobrar a responsabilidade do poder p\u00fablico para pol\u00edticas p\u00fablicas efetivas de prote\u00e7\u00e3o ao clima; aumentar o n\u00edvel de conhecimentos nas organiza\u00e7\u00f5es integrantes da rede e na sociedade brasileira sobre as causas das mudan\u00e7as clim\u00e1ticas e sobre estrat\u00e9gias e abordagens para enfrent\u00e1-las.<\/p>\n<p style=\"text-align: justify;\"><strong>Servi\u00e7o<\/strong><\/p>\n<p style=\"text-align: justify;\">Semin\u00e1rio Regional Nordeste do F\u00f3rum de Mudan\u00e7as Clim\u00e1ticas e Justi\u00e7a Social (FMCJS)<\/p>\n<p style=\"text-align: justify;\">Dias 19 (8h30 \u00e0s 18h) e 20 (8h30 \u00e0s 12h) de Agosto de 2016<\/p>\n<p style=\"text-align: justify;\">Centro Mari\u00e1polis \u2013 Igarassu (PE)<\/p>\n<p style=\"text-align: justify;\">Fonte: Semin\u00e1rio Regional sobre Mudan\u00e7as Clim\u00e1ticas e Justi\u00e7a Social do Nordeste<\/p>\n<ul class=\"ssb_list_wrapper\"><li class=\"fb2\" style=\"width:135px\"><iframe src=\"\/\/www.facebook.com\/plugins\/like.php?href=https%3A%2F%2Fwww.caritasne2.org.br%2Fsite%2Fforum-discute-mudancas-climaticas-impactos-na-regiao-nordeste%2F&amp;layout=button_count&amp;action=like&amp;show_faces=false&amp;share=true&amp;width=135&amp;height=21&amp;appId=307091639398582\" scrolling=\"no\" frameborder=\"0\" style=\"border:none; overflow:hidden;  width:150px; height:21px;\" allowTransparency=\"true\"><\/iframe><\/li><li class=\"twtr\" style=\"width:90px\"><a href=\"https:\/\/twitter.com\/share\" class=\"twitter-share-button\" data-url=\"https:\/\/www.caritasne2.org.br\/site\/forum-discute-mudancas-climaticas-impactos-na-regiao-nordeste\/\">&nbsp;<\/a><script>!function(d,s,id){var js,fjs=d.getElementsByTagName(s)[0],p=\/^http:\/.test(d.location)?'http':'https';if(!d.getElementById(id)){js=d.createElement(s);js.id=id;js.src=p+':\/\/platform.twitter.com\/widgets.js';fjs.parentNode.insertBefore(js,fjs);}}(document, 'script', 'twitter-wjs');<\/script><\/li><li class=\"gplus\" style=\"width:68px\"><div class=\"g-plusone\" data-size=\"medium\" data-href=\"https:\/\/www.caritasne2.org.br\/site\/forum-discute-mudancas-climaticas-impactos-na-regiao-nordeste\/\"><\/div><\/li><li class=\"ssb_linkedin\" style=\"width:64px\"><script src=\"\/\/platform.linkedin.com\/in.js\" type=\"text\/javascript\">lang: en_US<\/script><script type=\"IN\/Share\" data-url=\"https:\/\/www.caritasne2.org.br\/site\/forum-discute-mudancas-climaticas-impactos-na-regiao-nordeste\/\" data-counter=\"right\"><\/script><\/li><\/ul>","protected":false},"excerpt":{"rendered":"<p>Nos dias 19 e 20 de agosto, pesquisadores, gestores p\u00fablicos, representantes de pastorais e movimentos sociais dos nove estados do Nordeste Brasileiro estar\u00e3o reunidos no Centro Mari\u00e1polis, em Igarassu (PE), no Semin\u00e1rio Regional Nordeste do F\u00f3rum de Mudan\u00e7as Clim\u00e1ticas e Justi\u00e7a Social (FMCJS). Na programa\u00e7\u00e3o, est\u00e3o previstas palestras e trabalhos em grupo que ir\u00e3o avaliar o cen\u00e1rio atual da regi\u00e3o no que diz respeito aos [&hellip;]<\/p>\n<ul class=\"ssb_list_wrapper\"><li class=\"fb2\" style=\"width:135px\"><iframe src=\"\/\/www.facebook.com\/plugins\/like.php?href=https%3A%2F%2Fwww.caritasne2.org.br%2Fsite%2Fforum-discute-mudancas-climaticas-impactos-na-regiao-nordeste%2F&amp;layout=button_count&amp;action=like&amp;show_faces=false&amp;share=true&amp;width=135&amp;height=21&amp;appId=307091639398582\" scrolling=\"no\" frameborder=\"0\" style=\"border:none; overflow:hidden;  width:150px; height:21px;\" allowTransparency=\"true\"><\/iframe><\/li><li class=\"twtr\" style=\"width:90px\"><a href=\"https:\/\/twitter.com\/share\" class=\"twitter-share-button\" data-url=\"https:\/\/www.caritasne2.org.br\/site\/forum-discute-mudancas-climaticas-impactos-na-regiao-nordeste\/\">&nbsp;<\/a><script>!function(d,s,id){var js,fjs=d.getElementsByTagName(s)[0],p=\/^http:\/.test(d.location)?'http':'https';if(!d.getElementById(id)){js=d.createElement(s);js.id=id;js.src=p+':\/\/platform.twitter.com\/widgets.js';fjs.parentNode.insertBefore(js,fjs);}}(document, 'script', 'twitter-wjs');<\/script><\/li><li class=\"gplus\" style=\"width:68px\"><div class=\"g-plusone\" data-size=\"medium\" data-href=\"https:\/\/www.caritasne2.org.br\/site\/forum-discute-mudancas-climaticas-impactos-na-regiao-nordeste\/\"><\/div><\/li><li class=\"ssb_linkedin\" style=\"width:64px\"><script src=\"\/\/platform.linkedin.com\/in.js\" type=\"text\/javascript\">lang: en_US<\/script><script type=\"IN\/Share\" data-url=\"https:\/\/www.caritasne2.org.br\/site\/forum-discute-mudancas-climaticas-impactos-na-regiao-nordeste\/\" data-counter=\"right\"><\/script><\/li><\/ul>","protected":false},"author":4,"featured_media":3552,"comment_status":"open","ping_status":"open","sticky":false,"template":"","format":"standard","meta":[],"categories":[791,20],"tags":[67,792,793],"_links":{"self":[{"href":"https:\/\/www.caritasne2.org.br\/site\/wp-json\/wp\/v2\/posts\/3550"}],"collection":[{"href":"https:\/\/www.caritasne2.org.br\/site\/wp-json\/wp\/v2\/posts"}],"about":[{"href":"https:\/\/www.caritasne2.org.br\/site\/wp-json\/wp\/v2\/types\/post"}],"author":[{"embeddable":true,"href":"https:\/\/www.caritasne2.org.br\/site\/wp-json\/wp\/v2\/users\/4"}],"replies":[{"embeddable":true,"href":"https:\/\/www.caritasne2.org.br\/site\/wp-json\/wp\/v2\/comments?post=3550"}],"version-history":[{"count":0,"href":"https:\/\/www.caritasne2.org.br\/site\/wp-json\/wp\/v2\/posts\/3550\/revisions"}],"wp:featuredmedia":[{"embeddable":true,"href":"https:\/\/www.caritasne2.org.br\/site\/wp-json\/"}],"wp:attachment":[{"href":"https:\/\/www.caritasne2.org.br\/site\/wp-json\/wp\/v2\/media?parent=3550"}],"wp:term":[{"taxonomy":"category","embeddable":true,"href":"https:\/\/www.caritasne2.org.br\/site\/wp-json\/wp\/v2\/categories?post=3550"},{"taxonomy":"post_tag","embeddable":true,"href":"https:\/\/www.caritasne2.org.br\/site\/wp-json\/wp\/v2\/tags?post=3550"}],"curies":[{"name":"wp","href":"https:\/\/api.w.org\/{rel}","templated":true}]}}