{"id":3508,"date":"2016-08-01T21:13:33","date_gmt":"2016-08-02T00:13:33","guid":{"rendered":"http:\/\/ne2.caritas.org.br.s174889.gridserver.com\/?p=3508"},"modified":"2017-07-11T15:17:46","modified_gmt":"2017-07-11T18:17:46","slug":"caravana-da-solidariedade-visita-experiencias-de-convivencia-semiarido-na-pb","status":"publish","type":"post","link":"https:\/\/www.caritasne2.org.br\/site\/caravana-da-solidariedade-visita-experiencias-de-convivencia-semiarido-na-pb\/","title":{"rendered":"Caravana da Solidariedade visita experi\u00eancias de conviv\u00eancia com semi\u00e1rido na PB"},"content":{"rendered":"<p>As equipes do escrit\u00f3rio da C\u00e1ritas Regional NE 2 e das organiza\u00e7\u00f5es-membros da Para\u00edba estiveram, nos \u00faltimos dias 26 e 27, na Diocese de Patos, realizando a Caravana da Solidariedade no territ\u00f3rio paraibano. L\u00e1 foram apresentadas iniciativas desenvolvidas pela A\u00e7\u00e3o Social Diocesana de Patos (ASDP), que integra a Rede C\u00e1ritas, no \u00e2mbito da conviv\u00eancia com o semi\u00e1rido.<\/p>\n<p><img decoding=\"async\" loading=\"lazy\" class=\"alignleft size-medium wp-image-3516\" title=\"IMG_3079\" src=\"http:\/\/ne2.caritas.org.br.s174889.gridserver.com\/wp-content\/uploads\/2016\/08\/IMG_3079-300x225.jpg\" alt=\"\" width=\"300\" height=\"225\" \/><\/p>\n<p>A implanta\u00e7\u00e3o e uso das tecnologias sociais foram os destaques das visitas realizadas nas experi\u00eancias em comunidades rurais dos munic\u00edpios de S\u00e3o Jos\u00e9 do Sabugi e Cacimba da Areia. A partir do recolhimento da \u00e1gua em cisternas e barragens subterr\u00e2neas, \u00e9 poss\u00edvel, plantar e criar animais que geram o sustento das pr\u00f3prias fam\u00edlias e renda com a comercializa\u00e7\u00e3o da produ\u00e7\u00e3o excedente nas feiras das cidades.<\/p>\n<p>Al\u00e9m disso, como \u00e9 o caso do agricultor Jos\u00e9 Marcelino, a cisterna, instalada na propriedade da fam\u00edlia, ajuda no beneficiamento de frutas que s\u00e3o transformadas em polpa para suco e doces, vendidos no com\u00e9rcio da regi\u00e3o, e em compostos que adubam a horta. Para Marcelino, receber a Caravana da Solidariedade \u00e9 motivo de satisfa\u00e7\u00e3o. \u201c\u00c9 muito bom mostrar o que est\u00e1 dando certo, porque n\u00f3s sabemos que isso vai chegar a agricultores de outras regi\u00f5es e vai melhorar a vida deles. E quando chega incentivo aos agricultores, eles continuam nos s\u00edtios com suas fam\u00edlias\u201d, destacou.<\/p>\n<p>Nesse sentido, os beneficiados destacaram que, para chegar \u00e0 situa\u00e7\u00e3o atual, considerada bem sucedida, a forma\u00e7\u00e3o, promovida pela A\u00e7\u00e3o Social Diocesana de Patos, foi essencial. Para o coordenador de projetos da ASDP, Jos\u00e9 de Arimat\u00e9ia, com os interc\u00e2mbios entre os homens do campo, s\u00e3o estabelecidas trocas de ideias que v\u00e3o aperfei\u00e7oando as pr\u00e1ticas. \u201cEntendemos que esse processo vem fortalecendo, cada vez mais, as fam\u00edlias no campo e garantindo-lhes a perman\u00eancia com dignidade, mostrando que \u00e9 poss\u00edvel a vida no semi\u00e1rido\u201d, avaliou.<a href=\"http:\/\/ne2.caritas.org.br.s174889.gridserver.com\/wp-content\/uploads\/2016\/08\/IMG_3286.jpg\"><img decoding=\"async\" loading=\"lazy\" class=\"size-medium wp-image-3517 alignright\" title=\"IMG_3286\" src=\"http:\/\/ne2.caritas.org.br.s174889.gridserver.com\/wp-content\/uploads\/2016\/08\/IMG_3286-300x225.jpg\" alt=\"\" width=\"300\" height=\"225\" \/><\/a><\/p>\n<p>A partir das visitas, a coordenadora do Programa de Conviv\u00eancia com Semi\u00e1rido da C\u00e1ritas NE2, Flavianeide Silva, salientou que, para esse p\u00fablico, a melhoria de vida n\u00e3o est\u00e1 simplesmente na acumula\u00e7\u00e3o de bens. \u201cVimos que eles n\u00e3o est\u00e3o interessados em ficar ricos. N\u00e3o \u00e9 uma vis\u00e3o capitalista. Eles s\u00f3 querem oferecer \u00e0s gera\u00e7\u00f5es que v\u00eam, filhos e netos, condi\u00e7\u00f5es mais favor\u00e1veis\u201d, disse.<\/p>\n<p>Para o coordenador financeiro do Regional NE 2, Alexandro Oliveira, a experi\u00eancia da Caravana foi muito importante para chegar ainda mais de perto das a\u00e7\u00f5es das organiza\u00e7\u00f5es-membros. \u201cConseguimos perceber que a equipe da ASDP desenvolve um trabalho de relev\u00e2ncia na regi\u00e3o, junto aos mais necessitados, e, por isso, mant\u00e9m rela\u00e7\u00f5es de confian\u00e7a com as comunidades, fazendo parte inclusive, em fun\u00e7\u00e3o da proximidade, do n\u00facleo familiar\u201d, considerou.<\/p>\n<p><strong>No roteiro das Caravanas<\/strong><\/p>\n<p>Nos meses de junho e julho, al\u00e9m das a\u00e7\u00f5es da A\u00e7\u00e3o Social Diocesana de Patos, foram visitadas experi\u00eancias no campo da Inf\u00e2ncia, Adolesc\u00eancia e Juventude, na cidade de Arapiraca, dentro do territ\u00f3rio da C\u00e1ritas Diocesana de Penedo, em Alagoas; no segmento Economia Solid\u00e1ria, apoiados pela C\u00e1ritas Diocesana de Pesqueira, em Pernambuco; e na tem\u00e1tica Mulheres, a partir de iniciativas da C\u00e1ritas Diocesana de Caic\u00f3, no Rio Grande do Norte.<\/p>\n<p>As sistematiza\u00e7\u00f5es das a\u00e7\u00f5es, realizadas no territ\u00f3rio da C\u00e1ritas NE2, assim como de outros regionais, ser\u00e3o levados ao Inter-Nordeste, de 25 a 28 de agosto, em Salvador (BA) e, posteriormente, ao V Congresso Nacional da C\u00e1ritas Brasileira, programado entre os dias 09 e 13 de novembro, em Aparecida (SP). Na ocasi\u00e3o, ser\u00e3o celebrados os 60 anos da entidade, com a participa\u00e7\u00e3o de representantes de todo pa\u00eds. O tema desse Jubileu \u00e9 \u201cC\u00e1ritas: pastoralidade e transforma\u00e7\u00e3o social\u201d e o lema \u00e9 \u201c60 anos de solidariedade libertadora\u201d.<\/p>\n<p><em>Por Wagner Cesario \/ Assessoria de Comunica\u00e7\u00e3o \u2013 Regional NE 2<\/em><\/p>\n<p>&nbsp;<\/p>\n<ul class=\"ssb_list_wrapper\"><li class=\"fb2\" style=\"width:135px\"><iframe src=\"\/\/www.facebook.com\/plugins\/like.php?href=https%3A%2F%2Fwww.caritasne2.org.br%2Fsite%2Fcaravana-da-solidariedade-visita-experiencias-de-convivencia-semiarido-na-pb%2F&amp;layout=button_count&amp;action=like&amp;show_faces=false&amp;share=true&amp;width=135&amp;height=21&amp;appId=307091639398582\" scrolling=\"no\" frameborder=\"0\" style=\"border:none; overflow:hidden;  width:150px; height:21px;\" allowTransparency=\"true\"><\/iframe><\/li><li class=\"twtr\" style=\"width:90px\"><a href=\"https:\/\/twitter.com\/share\" class=\"twitter-share-button\" data-url=\"https:\/\/www.caritasne2.org.br\/site\/caravana-da-solidariedade-visita-experiencias-de-convivencia-semiarido-na-pb\/\">&nbsp;<\/a><script>!function(d,s,id){var js,fjs=d.getElementsByTagName(s)[0],p=\/^http:\/.test(d.location)?'http':'https';if(!d.getElementById(id)){js=d.createElement(s);js.id=id;js.src=p+':\/\/platform.twitter.com\/widgets.js';fjs.parentNode.insertBefore(js,fjs);}}(document, 'script', 'twitter-wjs');<\/script><\/li><li class=\"gplus\" style=\"width:68px\"><div class=\"g-plusone\" data-size=\"medium\" data-href=\"https:\/\/www.caritasne2.org.br\/site\/caravana-da-solidariedade-visita-experiencias-de-convivencia-semiarido-na-pb\/\"><\/div><\/li><li class=\"ssb_linkedin\" style=\"width:64px\"><script src=\"\/\/platform.linkedin.com\/in.js\" type=\"text\/javascript\">lang: en_US<\/script><script type=\"IN\/Share\" data-url=\"https:\/\/www.caritasne2.org.br\/site\/caravana-da-solidariedade-visita-experiencias-de-convivencia-semiarido-na-pb\/\" data-counter=\"right\"><\/script><\/li><\/ul>","protected":false},"excerpt":{"rendered":"<p>As equipes do escrit\u00f3rio da C\u00e1ritas Regional NE 2 e das organiza\u00e7\u00f5es-membros da Para\u00edba estiveram, nos \u00faltimos dias 26 e 27, na Diocese de Patos, realizando a Caravana da Solidariedade no territ\u00f3rio paraibano. L\u00e1 foram apresentadas iniciativas desenvolvidas pela A\u00e7\u00e3o Social Diocesana de Patos (ASDP), que integra a Rede C\u00e1ritas, no \u00e2mbito da conviv\u00eancia com o semi\u00e1rido. A implanta\u00e7\u00e3o e uso das tecnologias sociais foram [&hellip;]<\/p>\n<ul class=\"ssb_list_wrapper\"><li class=\"fb2\" style=\"width:135px\"><iframe src=\"\/\/www.facebook.com\/plugins\/like.php?href=https%3A%2F%2Fwww.caritasne2.org.br%2Fsite%2Fcaravana-da-solidariedade-visita-experiencias-de-convivencia-semiarido-na-pb%2F&amp;layout=button_count&amp;action=like&amp;show_faces=false&amp;share=true&amp;width=135&amp;height=21&amp;appId=307091639398582\" scrolling=\"no\" frameborder=\"0\" style=\"border:none; overflow:hidden;  width:150px; height:21px;\" allowTransparency=\"true\"><\/iframe><\/li><li class=\"twtr\" style=\"width:90px\"><a href=\"https:\/\/twitter.com\/share\" class=\"twitter-share-button\" data-url=\"https:\/\/www.caritasne2.org.br\/site\/caravana-da-solidariedade-visita-experiencias-de-convivencia-semiarido-na-pb\/\">&nbsp;<\/a><script>!function(d,s,id){var js,fjs=d.getElementsByTagName(s)[0],p=\/^http:\/.test(d.location)?'http':'https';if(!d.getElementById(id)){js=d.createElement(s);js.id=id;js.src=p+':\/\/platform.twitter.com\/widgets.js';fjs.parentNode.insertBefore(js,fjs);}}(document, 'script', 'twitter-wjs');<\/script><\/li><li class=\"gplus\" style=\"width:68px\"><div class=\"g-plusone\" data-size=\"medium\" data-href=\"https:\/\/www.caritasne2.org.br\/site\/caravana-da-solidariedade-visita-experiencias-de-convivencia-semiarido-na-pb\/\"><\/div><\/li><li class=\"ssb_linkedin\" style=\"width:64px\"><script src=\"\/\/platform.linkedin.com\/in.js\" type=\"text\/javascript\">lang: en_US<\/script><script type=\"IN\/Share\" data-url=\"https:\/\/www.caritasne2.org.br\/site\/caravana-da-solidariedade-visita-experiencias-de-convivencia-semiarido-na-pb\/\" data-counter=\"right\"><\/script><\/li><\/ul>","protected":false},"author":4,"featured_media":3518,"comment_status":"open","ping_status":"open","sticky":false,"template":"","format":"standard","meta":[],"categories":[774,20],"tags":[785,786,46,132,67,788],"_links":{"self":[{"href":"https:\/\/www.caritasne2.org.br\/site\/wp-json\/wp\/v2\/posts\/3508"}],"collection":[{"href":"https:\/\/www.caritasne2.org.br\/site\/wp-json\/wp\/v2\/posts"}],"about":[{"href":"https:\/\/www.caritasne2.org.br\/site\/wp-json\/wp\/v2\/types\/post"}],"author":[{"embeddable":true,"href":"https:\/\/www.caritasne2.org.br\/site\/wp-json\/wp\/v2\/users\/4"}],"replies":[{"embeddable":true,"href":"https:\/\/www.caritasne2.org.br\/site\/wp-json\/wp\/v2\/comments?post=3508"}],"version-history":[{"count":0,"href":"https:\/\/www.caritasne2.org.br\/site\/wp-json\/wp\/v2\/posts\/3508\/revisions"}],"wp:featuredmedia":[{"embeddable":true,"href":"https:\/\/www.caritasne2.org.br\/site\/wp-json\/"}],"wp:attachment":[{"href":"https:\/\/www.caritasne2.org.br\/site\/wp-json\/wp\/v2\/media?parent=3508"}],"wp:term":[{"taxonomy":"category","embeddable":true,"href":"https:\/\/www.caritasne2.org.br\/site\/wp-json\/wp\/v2\/categories?post=3508"},{"taxonomy":"post_tag","embeddable":true,"href":"https:\/\/www.caritasne2.org.br\/site\/wp-json\/wp\/v2\/tags?post=3508"}],"curies":[{"name":"wp","href":"https:\/\/api.w.org\/{rel}","templated":true}]}}