{"id":3490,"date":"2016-07-28T21:19:55","date_gmt":"2016-07-29T00:19:55","guid":{"rendered":"http:\/\/ne2.caritas.org.br.s174889.gridserver.com\/?p=3490"},"modified":"2017-07-11T15:17:46","modified_gmt":"2017-07-11T18:17:46","slug":"caritas-ne2-promove-oficina-de-leitura-popular-da-biblia","status":"publish","type":"post","link":"https:\/\/www.caritasne2.org.br\/site\/caritas-ne2-promove-oficina-de-leitura-popular-da-biblia\/","title":{"rendered":"C\u00e1ritas NE2 promove oficina de leitura popular da B\u00edblia"},"content":{"rendered":"<p>Com enfoque no Ano Santo da Miseric\u00f3rdia, representantes das organiza\u00e7\u00f5es-membro e a equipe de M\u00edstica e Espiritualidade da Rede C\u00e1ritas Brasileira \u2013 Regional NE2 participaram da Oficina de Leitura Popular da B\u00edblia nos dias 22 e 23 de julho, na cidade de Garanhuns (PE).<\/p>\n<p><a href=\"http:\/\/ne2.caritas.org.br.s174889.gridserver.com\/wp-content\/uploads\/2016\/07\/IMG_2910.jpg\"><img decoding=\"async\" loading=\"lazy\" class=\"alignleft size-medium wp-image-3501\" title=\"IMG_2910\" src=\"http:\/\/ne2.caritas.org.br.s174889.gridserver.com\/wp-content\/uploads\/2016\/07\/IMG_2910-300x225.jpg\" alt=\"\" width=\"300\" height=\"225\" \/><\/a>O encontro foi conduzido pelos assessores Iza\u00edas Torquato, Irm\u00e3 Ad\u00e9lia Carvalho e Rosicleide Trindade que integram a equipe do Centro de Estudos B\u00edblicos (Cebi) &#8211; Pernambuco. Na oportunidade, os participantes puderam conhecer a metodologia de leitura popular da B\u00edblia e fizeram exerc\u00edcios e se envolveram em din\u00e2micas de grupo, a partir de passagens da pr\u00f3pria Sagrada Escritura e da Bula <em>O Rosto da Miseric\u00f3rdia<\/em>, escrita pelo Papa Francisco, em fun\u00e7\u00e3o do Jubileu Extraordin\u00e1rio da Miseric\u00f3rdia.<\/p>\n<p>Para a agente da C\u00e1ritas Diocesana de Palmeira dos \u00cdndios (AL), Bruna Fernandes, a oficina foi importante para perceber, com mais \u00eanfase, a Palavra de Deus, a partir da perspectiva da solidariedade, na nossa hist\u00f3ria. \u201cA C\u00e1ritas, com sua m\u00edstica e espiritualidade pr\u00f3prias, prop\u00f5e para seus\/suas agentes um momento para aquecer o cora\u00e7\u00e3o e o esp\u00edrito, nas chamas da justi\u00e7a libertadora, fomentando-os para a luta\u201d, destacou.<\/p>\n<p>Segundo a integrante da equipe de M\u00edstica e Espiritalidade do Regional, Bibiana Santana, esse momento formativo veio para enriquecer o trabalho desenvolvido, nos momentos celebrativos, no escrit\u00f3rio da C\u00e1ritas NE2 e nas organiza\u00e7\u00f5es-membros. Como coordenadora do Programa Inf\u00e2ncia, Adolesc\u00eancia e Juventudes, ela ainda enfatizou que, depois desse momento, a leitura da B\u00edblia vai ter o significado tamb\u00e9m de provoca\u00e7\u00e3o. &#8220;Percebemos que, al\u00e9m de nos ajudar nos nossos momentos de m\u00edstica internos, h\u00e1 outras possibilidades de ler, junto com o nosso p\u00fablico-alvo, a Palavra de Deus, como por exemplo, de forma l\u00fadica, com o teatro. E essa leitura que nos foi apresentada nesse encontro, tanto nos incomoda, quanto tira da acomoda\u00e7\u00e3o aqueles que est\u00e3o nos espa\u00e7os que atuamos&#8221;, disse.<\/p>\n<p><a href=\"http:\/\/ne2.caritas.org.br.s174889.gridserver.com\/wp-content\/uploads\/2016\/07\/IMG_29851.jpg\"><img decoding=\"async\" loading=\"lazy\" class=\"alignright size-medium wp-image-3493\" title=\"IMG_2985\" src=\"http:\/\/ne2.caritas.org.br.s174889.gridserver.com\/wp-content\/uploads\/2016\/07\/IMG_29851-300x191.jpg\" alt=\"\" width=\"300\" height=\"191\" \/><\/a><\/p>\n<div>\n<p>A secret\u00e1ria da C\u00e1ritas Diocesana de Garanhuns, Avila Pontes, tamb\u00e9m salientou que \u00e9 necess\u00e1rio fazer chegar a proposta de Deus aos mais desfavorecidos na forma de a\u00e7\u00e3o. \u201cNessa oficina, somos chamados a incorporar a B\u00edblia, a sermos Igreja para os nossos irm\u00e3os, dando testemunho, combatendo as injusti\u00e7as, tentando agir mais e falar menos\u201d, ponderou.<\/p>\n<p>Como gesto concreto de solidariedade, foram doados pelos participantes alimentos e produtos de higiene pessoal feminino \u00e0s recuperandas da Fazenda da Esperan\u00e7a feminina, de Garanhuns. Atualmente, cerca de 30 mulheres s\u00e3o atendidas no local, lutando contra as mais diversas depend\u00eancias.<\/p>\n<p><em>Por Wagner Cesario \/ Assessoria de Comunica\u00e7\u00e3o \u2013 Regional NE 2<\/em><\/p>\n<p>&nbsp;<\/p>\n<\/div>\n<ul class=\"ssb_list_wrapper\"><li class=\"fb2\" style=\"width:135px\"><iframe src=\"\/\/www.facebook.com\/plugins\/like.php?href=https%3A%2F%2Fwww.caritasne2.org.br%2Fsite%2Fcaritas-ne2-promove-oficina-de-leitura-popular-da-biblia%2F&amp;layout=button_count&amp;action=like&amp;show_faces=false&amp;share=true&amp;width=135&amp;height=21&amp;appId=307091639398582\" scrolling=\"no\" frameborder=\"0\" style=\"border:none; overflow:hidden;  width:150px; height:21px;\" allowTransparency=\"true\"><\/iframe><\/li><li class=\"twtr\" style=\"width:90px\"><a href=\"https:\/\/twitter.com\/share\" class=\"twitter-share-button\" data-url=\"https:\/\/www.caritasne2.org.br\/site\/caritas-ne2-promove-oficina-de-leitura-popular-da-biblia\/\">&nbsp;<\/a><script>!function(d,s,id){var js,fjs=d.getElementsByTagName(s)[0],p=\/^http:\/.test(d.location)?'http':'https';if(!d.getElementById(id)){js=d.createElement(s);js.id=id;js.src=p+':\/\/platform.twitter.com\/widgets.js';fjs.parentNode.insertBefore(js,fjs);}}(document, 'script', 'twitter-wjs');<\/script><\/li><li class=\"gplus\" style=\"width:68px\"><div class=\"g-plusone\" data-size=\"medium\" data-href=\"https:\/\/www.caritasne2.org.br\/site\/caritas-ne2-promove-oficina-de-leitura-popular-da-biblia\/\"><\/div><\/li><li class=\"ssb_linkedin\" style=\"width:64px\"><script src=\"\/\/platform.linkedin.com\/in.js\" type=\"text\/javascript\">lang: en_US<\/script><script type=\"IN\/Share\" data-url=\"https:\/\/www.caritasne2.org.br\/site\/caritas-ne2-promove-oficina-de-leitura-popular-da-biblia\/\" data-counter=\"right\"><\/script><\/li><\/ul>","protected":false},"excerpt":{"rendered":"<p>Com enfoque no Ano Santo da Miseric\u00f3rdia, representantes das organiza\u00e7\u00f5es-membro e a equipe de M\u00edstica e Espiritualidade da Rede C\u00e1ritas Brasileira \u2013 Regional NE2 participaram da Oficina de Leitura Popular da B\u00edblia nos dias 22 e 23 de julho, na cidade de Garanhuns (PE). O encontro foi conduzido pelos assessores Iza\u00edas Torquato, Irm\u00e3 Ad\u00e9lia Carvalho e Rosicleide Trindade que integram a equipe do Centro de [&hellip;]<\/p>\n<ul class=\"ssb_list_wrapper\"><li class=\"fb2\" style=\"width:135px\"><iframe src=\"\/\/www.facebook.com\/plugins\/like.php?href=https%3A%2F%2Fwww.caritasne2.org.br%2Fsite%2Fcaritas-ne2-promove-oficina-de-leitura-popular-da-biblia%2F&amp;layout=button_count&amp;action=like&amp;show_faces=false&amp;share=true&amp;width=135&amp;height=21&amp;appId=307091639398582\" scrolling=\"no\" frameborder=\"0\" style=\"border:none; overflow:hidden;  width:150px; height:21px;\" allowTransparency=\"true\"><\/iframe><\/li><li class=\"twtr\" style=\"width:90px\"><a href=\"https:\/\/twitter.com\/share\" class=\"twitter-share-button\" data-url=\"https:\/\/www.caritasne2.org.br\/site\/caritas-ne2-promove-oficina-de-leitura-popular-da-biblia\/\">&nbsp;<\/a><script>!function(d,s,id){var js,fjs=d.getElementsByTagName(s)[0],p=\/^http:\/.test(d.location)?'http':'https';if(!d.getElementById(id)){js=d.createElement(s);js.id=id;js.src=p+':\/\/platform.twitter.com\/widgets.js';fjs.parentNode.insertBefore(js,fjs);}}(document, 'script', 'twitter-wjs');<\/script><\/li><li class=\"gplus\" style=\"width:68px\"><div class=\"g-plusone\" data-size=\"medium\" data-href=\"https:\/\/www.caritasne2.org.br\/site\/caritas-ne2-promove-oficina-de-leitura-popular-da-biblia\/\"><\/div><\/li><li class=\"ssb_linkedin\" style=\"width:64px\"><script src=\"\/\/platform.linkedin.com\/in.js\" type=\"text\/javascript\">lang: en_US<\/script><script type=\"IN\/Share\" data-url=\"https:\/\/www.caritasne2.org.br\/site\/caritas-ne2-promove-oficina-de-leitura-popular-da-biblia\/\" data-counter=\"right\"><\/script><\/li><\/ul>","protected":false},"author":4,"featured_media":3491,"comment_status":"open","ping_status":"open","sticky":false,"template":"","format":"standard","meta":[],"categories":[783,20],"tags":[67,177,782,244,784],"_links":{"self":[{"href":"https:\/\/www.caritasne2.org.br\/site\/wp-json\/wp\/v2\/posts\/3490"}],"collection":[{"href":"https:\/\/www.caritasne2.org.br\/site\/wp-json\/wp\/v2\/posts"}],"about":[{"href":"https:\/\/www.caritasne2.org.br\/site\/wp-json\/wp\/v2\/types\/post"}],"author":[{"embeddable":true,"href":"https:\/\/www.caritasne2.org.br\/site\/wp-json\/wp\/v2\/users\/4"}],"replies":[{"embeddable":true,"href":"https:\/\/www.caritasne2.org.br\/site\/wp-json\/wp\/v2\/comments?post=3490"}],"version-history":[{"count":0,"href":"https:\/\/www.caritasne2.org.br\/site\/wp-json\/wp\/v2\/posts\/3490\/revisions"}],"wp:featuredmedia":[{"embeddable":true,"href":"https:\/\/www.caritasne2.org.br\/site\/wp-json\/"}],"wp:attachment":[{"href":"https:\/\/www.caritasne2.org.br\/site\/wp-json\/wp\/v2\/media?parent=3490"}],"wp:term":[{"taxonomy":"category","embeddable":true,"href":"https:\/\/www.caritasne2.org.br\/site\/wp-json\/wp\/v2\/categories?post=3490"},{"taxonomy":"post_tag","embeddable":true,"href":"https:\/\/www.caritasne2.org.br\/site\/wp-json\/wp\/v2\/tags?post=3490"}],"curies":[{"name":"wp","href":"https:\/\/api.w.org\/{rel}","templated":true}]}}