{"id":3485,"date":"2016-07-21T19:05:13","date_gmt":"2016-07-21T22:05:13","guid":{"rendered":"http:\/\/ne2.caritas.org.br.s174889.gridserver.com\/?p=3485"},"modified":"2017-07-11T15:17:46","modified_gmt":"2017-07-11T18:17:46","slug":"caritas-de-pesqueira-promove-evento-para-agricultoresas","status":"publish","type":"post","link":"https:\/\/www.caritasne2.org.br\/site\/caritas-de-pesqueira-promove-evento-para-agricultoresas\/","title":{"rendered":"C\u00e1ritas de Pesqueira promove evento para agricultores\/as"},"content":{"rendered":"<p style=\"text-align: justify;\">Chamado de campon\u00eas ou camponesa, homem\/mulher do campo, lavrador ou lavradora, entre tantas outras defini\u00e7\u00f5es, o trabalho do agricultor e da agricultora \u00e9 primordial para a sociedade, pois ele e ela produzem o alimento que partilhamos. No Brasil, a agricultura familiar \u00e9 respons\u00e1vel por 70% da alimenta\u00e7\u00e3o que vai \u00e0 mesa da popula\u00e7\u00e3o. Fora do pa\u00eds n\u00e3o \u00e9 diferente: a agricultura familiar tem uma grande import\u00e2ncia na alimenta\u00e7\u00e3o da popula\u00e7\u00e3o do mundo. E \u00e9 nessa perspectiva que a C\u00e1ritas Diocesana de Pesqueira, Pernambuco, promover\u00e1 diversas atividades, por meio do evento \u201cAgricultura Familiar: Nenhuma Fam\u00edlia Sem Casa, Nenhum Campon\u00eas Sem Terra, Nenhum Trabalhador Sem Direitos\u201d.<\/p>\n<p style=\"text-align: justify;\">Na pr\u00f3xima segunda-feira, 25 de julho, celebra-se o Dia da Agricultura Familiar. Na quinta-feira seguinte, 28 de julho, o Dia do Agricultor. Para marcar as datas, ser\u00e1 realizado o semin\u00e1rio \u201cAgricultura Familiar: Conquistas e Desafios\u201d no Centro Pastoral Dom Helder, a partir das 9 horas da quinta-feira. S\u00e3o esperados no local cerca de 100 agricultores e agricultoras que s\u00e3o lideran\u00e7as em suas respectivas comunidades. \u201cPretendemos fazer um debate em torno do contexto atual. Houve conquistas significativas e de grande import\u00e2ncia para a agricultura familiar. Precisamos celebrar, mas, sobretudo, reafirmar nossas propostas para o fortalecimento da agricultura familiar na regi\u00e3o\u201d, diz Neilda Pereira, secret\u00e1ria-executiva da C\u00e1ritas Diocesana de Pesqueira.<\/p>\n<p style=\"text-align: justify;\">No mesmo dia, \u00e0s 17 horas, ser\u00e1 aberta a Feira da Agricultura Familiar na Pra\u00e7a Dom Jos\u00e9 Lopes, com a oferta de alimentos e artesanato. J\u00e1 no dia seguinte, 29 de julho, acontecer\u00e1 a tradicional caminhada pelas ruas de Pesqueira. A concentra\u00e7\u00e3o inicia a partir das 8 horas, junto \u00e0 Feira da Agricultura Familiar, com apresenta\u00e7\u00f5es culturais e forr\u00f3 para receber 2 mil agricultores e agricultoras da regi\u00e3o. A caminhada finalizar\u00e1 no Espa\u00e7o Ford, onde ser\u00e1 servido o almo\u00e7o.<\/p>\n<p style=\"text-align: justify;\">\u00a0Este ano, o evento ganhar\u00e1 um tom muito especial, pois homenagear\u00e1 in memorian o agricultor Nelson Gouveia, homem do campo que serviu ao povo e deixou uma grande marca nos cora\u00e7\u00f5es daqueles que o conheceram. \u201cA cada ano que realizamos esse momento de celebra\u00e7\u00e3o e de reafirma\u00e7\u00e3o da luta dos agricultores e agricultoras no dia a dia, a C\u00e1ritas Diocesana de Pesqueira fica com a certeza de que precisamos contribuir na organiza\u00e7\u00e3o nas comunidades, na forma\u00e7\u00e3o para as conquistas das politicas p\u00fablicas e na participa\u00e7\u00e3o efetiva nos espa\u00e7os de controle social. Este ano em especial, iremos homenagear o Sr. Nelson, um agricultor membro da diretoria da C\u00e1ritas que sempre lutou em defesa dos agricultores e agricultoras da regi\u00e3o\u201d, avalia Neilda.<\/p>\n<p style=\"text-align: justify;\"><strong>Servi\u00e7o:<\/strong><\/p>\n<p style=\"text-align: justify;\">\u00a0Pelo terceiro ano consecutivo, a C\u00e1ritas Diocesana promove o evento com o objetivo de conscientizar e sensibilizar a sociedade diante daqueles que n\u00e3o s\u00e3o reconhecidos e nem tampouco considerados como a principal m\u00e3o de obra da na\u00e7\u00e3o. O evento pretende mobilizar 2 mil agricultores e agricultoras de v\u00e1rios munic\u00edpios para juntos caminharem pelas ruas da cidade de Pesqueira.<\/p>\n<p style=\"text-align: justify;\">\u00a0Semin\u00e1rio \u201cAgricultura Familiar: conquistas e desafios\u201d<\/p>\n<p style=\"text-align: justify;\">Data: 28\/07<\/p>\n<p style=\"text-align: justify;\">Hor\u00e1rio: 9 horas<\/p>\n<p style=\"text-align: justify;\">Local: Centro Pastoral Dom Helder<\/p>\n<p style=\"text-align: justify;\">\n<p style=\"text-align: justify;\">Feira de Agricultura Familiar<\/p>\n<p style=\"text-align: justify;\">Data: 28\/07<\/p>\n<p style=\"text-align: justify;\">Hor\u00e1rio: 17 horas<\/p>\n<p style=\"text-align: justify;\">Local: Pra\u00e7a Dom Jos\u00e9 Lopes<\/p>\n<p style=\"text-align: justify;\">\n<p style=\"text-align: justify;\">Concentra\u00e7\u00e3o para a Caminhada da Agricultura Familiar<\/p>\n<p style=\"text-align: justify;\">Data: 29\/07<\/p>\n<p style=\"text-align: justify;\">Hor\u00e1rio: 8 horas<\/p>\n<p style=\"text-align: justify;\">Local: Pra\u00e7a Dom Jos\u00e9 Lopes<\/p>\n<p style=\"text-align: justify;\">\n<p style=\"text-align: justify;\">Por Rosanny Barreto \/ N\u00facleo de Comunica\u00e7\u00e3o da C\u00e1ritas Diocesana de Pesqueira \u2013 PE<\/p>\n<ul class=\"ssb_list_wrapper\"><li class=\"fb2\" style=\"width:135px\"><iframe src=\"\/\/www.facebook.com\/plugins\/like.php?href=https%3A%2F%2Fwww.caritasne2.org.br%2Fsite%2Fcaritas-de-pesqueira-promove-evento-para-agricultoresas%2F&amp;layout=button_count&amp;action=like&amp;show_faces=false&amp;share=true&amp;width=135&amp;height=21&amp;appId=307091639398582\" scrolling=\"no\" frameborder=\"0\" style=\"border:none; overflow:hidden;  width:150px; height:21px;\" allowTransparency=\"true\"><\/iframe><\/li><li class=\"twtr\" style=\"width:90px\"><a href=\"https:\/\/twitter.com\/share\" class=\"twitter-share-button\" data-url=\"https:\/\/www.caritasne2.org.br\/site\/caritas-de-pesqueira-promove-evento-para-agricultoresas\/\">&nbsp;<\/a><script>!function(d,s,id){var js,fjs=d.getElementsByTagName(s)[0],p=\/^http:\/.test(d.location)?'http':'https';if(!d.getElementById(id)){js=d.createElement(s);js.id=id;js.src=p+':\/\/platform.twitter.com\/widgets.js';fjs.parentNode.insertBefore(js,fjs);}}(document, 'script', 'twitter-wjs');<\/script><\/li><li class=\"gplus\" style=\"width:68px\"><div class=\"g-plusone\" data-size=\"medium\" data-href=\"https:\/\/www.caritasne2.org.br\/site\/caritas-de-pesqueira-promove-evento-para-agricultoresas\/\"><\/div><\/li><li class=\"ssb_linkedin\" style=\"width:64px\"><script src=\"\/\/platform.linkedin.com\/in.js\" type=\"text\/javascript\">lang: en_US<\/script><script type=\"IN\/Share\" data-url=\"https:\/\/www.caritasne2.org.br\/site\/caritas-de-pesqueira-promove-evento-para-agricultoresas\/\" data-counter=\"right\"><\/script><\/li><\/ul>","protected":false},"excerpt":{"rendered":"<p>Chamado de campon\u00eas ou camponesa, homem\/mulher do campo, lavrador ou lavradora, entre tantas outras defini\u00e7\u00f5es, o trabalho do agricultor e da agricultora \u00e9 primordial para a sociedade, pois ele e ela produzem o alimento que partilhamos. No Brasil, a agricultura familiar \u00e9 respons\u00e1vel por 70% da alimenta\u00e7\u00e3o que vai \u00e0 mesa da popula\u00e7\u00e3o. Fora do pa\u00eds n\u00e3o \u00e9 diferente: a agricultura familiar tem uma grande [&hellip;]<\/p>\n<ul class=\"ssb_list_wrapper\"><li class=\"fb2\" style=\"width:135px\"><iframe src=\"\/\/www.facebook.com\/plugins\/like.php?href=https%3A%2F%2Fwww.caritasne2.org.br%2Fsite%2Fcaritas-de-pesqueira-promove-evento-para-agricultoresas%2F&amp;layout=button_count&amp;action=like&amp;show_faces=false&amp;share=true&amp;width=135&amp;height=21&amp;appId=307091639398582\" scrolling=\"no\" frameborder=\"0\" style=\"border:none; overflow:hidden;  width:150px; height:21px;\" allowTransparency=\"true\"><\/iframe><\/li><li class=\"twtr\" style=\"width:90px\"><a href=\"https:\/\/twitter.com\/share\" class=\"twitter-share-button\" data-url=\"https:\/\/www.caritasne2.org.br\/site\/caritas-de-pesqueira-promove-evento-para-agricultoresas\/\">&nbsp;<\/a><script>!function(d,s,id){var js,fjs=d.getElementsByTagName(s)[0],p=\/^http:\/.test(d.location)?'http':'https';if(!d.getElementById(id)){js=d.createElement(s);js.id=id;js.src=p+':\/\/platform.twitter.com\/widgets.js';fjs.parentNode.insertBefore(js,fjs);}}(document, 'script', 'twitter-wjs');<\/script><\/li><li class=\"gplus\" style=\"width:68px\"><div class=\"g-plusone\" data-size=\"medium\" data-href=\"https:\/\/www.caritasne2.org.br\/site\/caritas-de-pesqueira-promove-evento-para-agricultoresas\/\"><\/div><\/li><li class=\"ssb_linkedin\" style=\"width:64px\"><script src=\"\/\/platform.linkedin.com\/in.js\" type=\"text\/javascript\">lang: en_US<\/script><script type=\"IN\/Share\" data-url=\"https:\/\/www.caritasne2.org.br\/site\/caritas-de-pesqueira-promove-evento-para-agricultoresas\/\" data-counter=\"right\"><\/script><\/li><\/ul>","protected":false},"author":4,"featured_media":3486,"comment_status":"open","ping_status":"open","sticky":false,"template":"","format":"standard","meta":[],"categories":[555,20],"tags":[183,67],"_links":{"self":[{"href":"https:\/\/www.caritasne2.org.br\/site\/wp-json\/wp\/v2\/posts\/3485"}],"collection":[{"href":"https:\/\/www.caritasne2.org.br\/site\/wp-json\/wp\/v2\/posts"}],"about":[{"href":"https:\/\/www.caritasne2.org.br\/site\/wp-json\/wp\/v2\/types\/post"}],"author":[{"embeddable":true,"href":"https:\/\/www.caritasne2.org.br\/site\/wp-json\/wp\/v2\/users\/4"}],"replies":[{"embeddable":true,"href":"https:\/\/www.caritasne2.org.br\/site\/wp-json\/wp\/v2\/comments?post=3485"}],"version-history":[{"count":0,"href":"https:\/\/www.caritasne2.org.br\/site\/wp-json\/wp\/v2\/posts\/3485\/revisions"}],"wp:featuredmedia":[{"embeddable":true,"href":"https:\/\/www.caritasne2.org.br\/site\/wp-json\/"}],"wp:attachment":[{"href":"https:\/\/www.caritasne2.org.br\/site\/wp-json\/wp\/v2\/media?parent=3485"}],"wp:term":[{"taxonomy":"category","embeddable":true,"href":"https:\/\/www.caritasne2.org.br\/site\/wp-json\/wp\/v2\/categories?post=3485"},{"taxonomy":"post_tag","embeddable":true,"href":"https:\/\/www.caritasne2.org.br\/site\/wp-json\/wp\/v2\/tags?post=3485"}],"curies":[{"name":"wp","href":"https:\/\/api.w.org\/{rel}","templated":true}]}}